{"id":11864,"date":"2025-10-28T16:29:15","date_gmt":"2025-10-28T19:29:15","guid":{"rendered":"https:\/\/www.koncevisiontv.cl\/web\/?p=11864"},"modified":"2025-10-28T16:29:18","modified_gmt":"2025-10-28T19:29:18","slug":"alcalde-de-san-pedro-de-la-paz-refuta-acusaciones-de-las-hermanas-abraham-y-cuestiona-el-legado-panamericano","status":"publish","type":"post","link":"https:\/\/www.koncevisiontv.cl\/web\/alcalde-de-san-pedro-de-la-paz-refuta-acusaciones-de-las-hermanas-abraham-y-cuestiona-el-legado-panamericano\/","title":{"rendered":"Alcalde de San Pedro de la Paz refuta acusaciones de las hermanas Abraham y cuestiona el Legado Panamericano"},"content":{"rendered":"\n<p class=\"wp-block-paragraph\">El alcalde de San Pedro de la Paz, <strong>Juan Pablo Spoerer<\/strong>, respondi\u00f3 a las denuncias de las destacadas remeras <strong>Antonia y Melita Abraham<\/strong>, quienes hab\u00edan acusado un <strong>&#8220;completo abandono&#8221;<\/strong> del centro de entrenamiento de remo ubicado en la Laguna Grande, se\u00f1alando que las carpas estaban siendo utilizadas para fines ajenos al deporte.<\/p>\n\n\n\n<p class=\"wp-block-paragraph\">El jefe comunal refut\u00f3 las cr\u00edticas, asegurando que el espacio es de propiedad municipal y est\u00e1 <strong>destinado a los deportes acu\u00e1ticos<\/strong>, espec\u00edficamente el remo, contradiciendo la versi\u00f3n de las atletas. Spoerer mencion\u00f3 que, casualmente, hubo una reuni\u00f3n con la Federaci\u00f3n de Remo donde se aclararon las dudas sobre la utilizaci\u00f3n de las instalaciones.<\/p>\n\n\n\n<p class=\"wp-block-paragraph\">El alcalde agreg\u00f3 que, en los horarios en que no es utilizado por deportistas de remo, el recinto se usa para talleres de la tercera edad, como yoga, lo cual es una forma de <strong>&#8220;honrar&#8221; el compromiso de administraci\u00f3n<\/strong> del lugar.<\/p>\n\n\n\n<p class=\"wp-block-paragraph\">Finalmente, Spoerer aprovech\u00f3 la ocasi\u00f3n para cuestionar el impacto general de los Juegos Panamericanos Santiago 2023 en su comuna, indicando que el <strong>&#8220;legado no ha sido el esperado&#8221;<\/strong> y que los vecinos de San Pedro de la Paz sienten que no hubo un retorno o beneficio real tras la intervenci\u00f3n en la ciudad.<\/p>\n","protected":false},"excerpt":{"rendered":"<p>El alcalde de San Pedro de la Paz, Juan Pablo Spoerer, respondi\u00f3 a las denuncias de las destacadas<\/p>\n","protected":false},"author":5,"featured_media":11865,"comment_status":"open","ping_status":"open","sticky":false,"template":"","format":"standard","meta":{"_crdt_document":"","_uag_custom_page_level_css":"","_sitemap_exclude":false,"_sitemap_priority":"","_sitemap_frequency":"","_joinchat":[],"footnotes":""},"categories":[15,14,473],"tags":[63],"class_list":["post-11864","post","type-post","status-publish","format-standard","has-post-thumbnail","hentry","category-deportes","category-nacional","category-san-pedro-de-la-paz","tag-regiondelbiobio"],"featured_image_urls":{"full":["https:\/\/www.koncevisiontv.cl\/web\/wp-content\/uploads\/2025\/10\/remos-panam.png",1200,633,false],"thumbnail":["https:\/\/www.koncevisiontv.cl\/web\/wp-content\/uploads\/2025\/10\/remos-panam-150x150.png",150,150,true],"medium":["https:\/\/www.koncevisiontv.cl\/web\/wp-content\/uploads\/2025\/10\/remos-panam-300x158.png",300,158,true],"medium_large":["https:\/\/www.koncevisiontv.cl\/web\/wp-content\/uploads\/2025\/10\/remos-panam-768x405.png",640,338,true],"large":["https:\/\/www.koncevisiontv.cl\/web\/wp-content\/uploads\/2025\/10\/remos-panam-1024x540.png",640,338,true],"1536x1536":["https:\/\/www.koncevisiontv.cl\/web\/wp-content\/uploads\/2025\/10\/remos-panam.png",1200,633,false],"2048x2048":["https:\/\/www.koncevisiontv.cl\/web\/wp-content\/uploads\/2025\/10\/remos-panam.png",1200,633,false],"darknews-featured":["https:\/\/www.koncevisiontv.cl\/web\/wp-content\/uploads\/2025\/10\/remos-panam-1024x540.png",1024,540,true],"darknews-large":["https:\/\/www.koncevisiontv.cl\/web\/wp-content\/uploads\/2025\/10\/remos-panam-825x575.png",825,575,true],"darknews-medium":["https:\/\/www.koncevisiontv.cl\/web\/wp-content\/uploads\/2025\/10\/remos-panam-590x410.png",590,410,true]},"author_info":{"info":["Web-Master"]},"category_info":"<a href=\"https:\/\/www.koncevisiontv.cl\/web\/category\/deportes\/\" rel=\"category tag\">Deportes<\/a> <a href=\"https:\/\/www.koncevisiontv.cl\/web\/category\/nacional\/\" rel=\"category tag\">Nacional<\/a> <a href=\"https:\/\/www.koncevisiontv.cl\/web\/category\/san-pedro-de-la-paz\/\" rel=\"category tag\">San Pedro de la Paz<\/a>","tag_info":"San Pedro de la Paz","comment_count":"0","uagb_featured_image_src":{"full":["https:\/\/www.koncevisiontv.cl\/web\/wp-content\/uploads\/2025\/10\/remos-panam.png",1200,633,false],"thumbnail":["https:\/\/www.koncevisiontv.cl\/web\/wp-content\/uploads\/2025\/10\/remos-panam-150x150.png",150,150,true],"medium":["https:\/\/www.koncevisiontv.cl\/web\/wp-content\/uploads\/2025\/10\/remos-panam-300x158.png",300,158,true],"medium_large":["https:\/\/www.koncevisiontv.cl\/web\/wp-content\/uploads\/2025\/10\/remos-panam-768x405.png",640,338,true],"large":["https:\/\/www.koncevisiontv.cl\/web\/wp-content\/uploads\/2025\/10\/remos-panam-1024x540.png",640,338,true],"1536x1536":["https:\/\/www.koncevisiontv.cl\/web\/wp-content\/uploads\/2025\/10\/remos-panam.png",1200,633,false],"2048x2048":["https:\/\/www.koncevisiontv.cl\/web\/wp-content\/uploads\/2025\/10\/remos-panam.png",1200,633,false],"darknews-featured":["https:\/\/www.koncevisiontv.cl\/web\/wp-content\/uploads\/2025\/10\/remos-panam-1024x540.png",1024,540,true],"darknews-large":["https:\/\/www.koncevisiontv.cl\/web\/wp-content\/uploads\/2025\/10\/remos-panam-825x575.png",825,575,true],"darknews-medium":["https:\/\/www.koncevisiontv.cl\/web\/wp-content\/uploads\/2025\/10\/remos-panam-590x410.png",590,410,true]},"uagb_author_info":{"display_name":"Web-Master","author_link":"https:\/\/www.koncevisiontv.cl\/web\/author\/koncevision\/"},"uagb_comment_info":0,"uagb_excerpt":"El alcalde de San Pedro de la Paz, Juan Pablo Spoerer, respondi\u00f3 a las denuncias de las destacadas","_links":{"self":[{"href":"https:\/\/www.koncevisiontv.cl\/web\/wp-json\/wp\/v2\/posts\/11864","targetHints":{"allow":["GET"]}}],"collection":[{"href":"https:\/\/www.koncevisiontv.cl\/web\/wp-json\/wp\/v2\/posts"}],"about":[{"href":"https:\/\/www.koncevisiontv.cl\/web\/wp-json\/wp\/v2\/types\/post"}],"author":[{"embeddable":true,"href":"https:\/\/www.koncevisiontv.cl\/web\/wp-json\/wp\/v2\/users\/5"}],"replies":[{"embeddable":true,"href":"https:\/\/www.koncevisiontv.cl\/web\/wp-json\/wp\/v2\/comments?post=11864"}],"version-history":[{"count":1,"href":"https:\/\/www.koncevisiontv.cl\/web\/wp-json\/wp\/v2\/posts\/11864\/revisions"}],"predecessor-version":[{"id":11866,"href":"https:\/\/www.koncevisiontv.cl\/web\/wp-json\/wp\/v2\/posts\/11864\/revisions\/11866"}],"wp:featuredmedia":[{"embeddable":true,"href":"https:\/\/www.koncevisiontv.cl\/web\/wp-json\/wp\/v2\/media\/11865"}],"wp:attachment":[{"href":"https:\/\/www.koncevisiontv.cl\/web\/wp-json\/wp\/v2\/media?parent=11864"}],"wp:term":[{"taxonomy":"category","embeddable":true,"href":"https:\/\/www.koncevisiontv.cl\/web\/wp-json\/wp\/v2\/categories?post=11864"},{"taxonomy":"post_tag","embeddable":true,"href":"https:\/\/www.koncevisiontv.cl\/web\/wp-json\/wp\/v2\/tags?post=11864"}],"curies":[{"name":"wp","href":"https:\/\/api.w.org\/{rel}","templated":true}]}}