{"id":11891,"date":"2025-10-29T13:04:40","date_gmt":"2025-10-29T16:04:40","guid":{"rendered":"https:\/\/www.koncevisiontv.cl\/web\/?p=11891"},"modified":"2025-10-29T13:04:43","modified_gmt":"2025-10-29T16:04:43","slug":"fallece-matilde-esquerre-expresidenta-de-la-corte-de-apelaciones-de-concepcion","status":"publish","type":"post","link":"https:\/\/www.koncevisiontv.cl\/web\/fallece-matilde-esquerre-expresidenta-de-la-corte-de-apelaciones-de-concepcion\/","title":{"rendered":"Fallece Matilde Esquerr\u00e9, expresidenta de la Corte de Apelaciones de Concepci\u00f3n"},"content":{"rendered":"\n<p class=\"wp-block-paragraph\">El Poder Judicial ha manifestado su pesar por el <strong>fallecimiento de Matilde Esquerr\u00e9 Pav\u00f3n<\/strong>, destacada ministra del tribunal de alzada y quien ejerciera como <strong>presidenta de la Corte de Apelaciones de Concepci\u00f3n en el a\u00f1o 2021<\/strong>.<\/p>\n\n\n\n<p class=\"wp-block-paragraph\">La deceso se produjo en una cl\u00ednica de la capital del Biob\u00edo, donde la ministra estuvo acompa\u00f1ada por sus hijos. La abogada de la Pontificia Universidad Cat\u00f3lica de Chile contaba con una <strong>extensa y respetada trayectoria<\/strong> en la judicatura, habiendo ingresado al servicio en 1984. A lo largo de su carrera, se desempe\u00f1\u00f3 en cargos clave como secretaria de juzgados, relatora, secretaria de la Corte y jueza del Tribunal Oral de Concepci\u00f3n.<\/p>\n\n\n\n<p class=\"wp-block-paragraph\">En se\u00f1al de homenaje y respeto, se dispuso que el velatorio de la ministra Esquerr\u00e9 se llevar\u00eda a cabo a partir de las 12:00 horas de este mi\u00e9rcoles en el <strong>Sal\u00f3n de Pleno de la Corte de Apelaciones penquista<\/strong>, un espacio simb\u00f3lico de su labor y compromiso con la justicia.<\/p>\n","protected":false},"excerpt":{"rendered":"<p>El Poder Judicial ha manifestado su pesar por el fallecimiento de Matilde Esquerr\u00e9 Pav\u00f3n, destacada ministra del tribunal<\/p>\n","protected":false},"author":5,"featured_media":11892,"comment_status":"open","ping_status":"open","sticky":false,"template":"","format":"standard","meta":{"_crdt_document":"","_uag_custom_page_level_css":"","_sitemap_exclude":false,"_sitemap_priority":"","_sitemap_frequency":"","_joinchat":[],"footnotes":""},"categories":[226,14],"tags":[63],"class_list":["post-11891","post","type-post","status-publish","format-standard","has-post-thumbnail","hentry","category-concepcion","category-nacional","tag-regiondelbiobio"],"featured_image_urls":{"full":["https:\/\/www.koncevisiontv.cl\/web\/wp-content\/uploads\/2025\/10\/corte-apelaciones-concepcion.jpg",1200,633,false],"thumbnail":["https:\/\/www.koncevisiontv.cl\/web\/wp-content\/uploads\/2025\/10\/corte-apelaciones-concepcion-150x150.jpg",150,150,true],"medium":["https:\/\/www.koncevisiontv.cl\/web\/wp-content\/uploads\/2025\/10\/corte-apelaciones-concepcion-300x158.jpg",300,158,true],"medium_large":["https:\/\/www.koncevisiontv.cl\/web\/wp-content\/uploads\/2025\/10\/corte-apelaciones-concepcion-768x405.jpg",640,338,true],"large":["https:\/\/www.koncevisiontv.cl\/web\/wp-content\/uploads\/2025\/10\/corte-apelaciones-concepcion-1024x540.jpg",640,338,true],"1536x1536":["https:\/\/www.koncevisiontv.cl\/web\/wp-content\/uploads\/2025\/10\/corte-apelaciones-concepcion.jpg",1200,633,false],"2048x2048":["https:\/\/www.koncevisiontv.cl\/web\/wp-content\/uploads\/2025\/10\/corte-apelaciones-concepcion.jpg",1200,633,false],"darknews-featured":["https:\/\/www.koncevisiontv.cl\/web\/wp-content\/uploads\/2025\/10\/corte-apelaciones-concepcion-1024x540.jpg",1024,540,true],"darknews-large":["https:\/\/www.koncevisiontv.cl\/web\/wp-content\/uploads\/2025\/10\/corte-apelaciones-concepcion-825x575.jpg",825,575,true],"darknews-medium":["https:\/\/www.koncevisiontv.cl\/web\/wp-content\/uploads\/2025\/10\/corte-apelaciones-concepcion-590x410.jpg",590,410,true]},"author_info":{"info":["Web-Master"]},"category_info":"<a href=\"https:\/\/www.koncevisiontv.cl\/web\/category\/concepcion\/\" rel=\"category tag\">Concepcion<\/a> <a href=\"https:\/\/www.koncevisiontv.cl\/web\/category\/nacional\/\" rel=\"category tag\">Nacional<\/a>","tag_info":"Nacional","comment_count":"0","uagb_featured_image_src":{"full":["https:\/\/www.koncevisiontv.cl\/web\/wp-content\/uploads\/2025\/10\/corte-apelaciones-concepcion.jpg",1200,633,false],"thumbnail":["https:\/\/www.koncevisiontv.cl\/web\/wp-content\/uploads\/2025\/10\/corte-apelaciones-concepcion-150x150.jpg",150,150,true],"medium":["https:\/\/www.koncevisiontv.cl\/web\/wp-content\/uploads\/2025\/10\/corte-apelaciones-concepcion-300x158.jpg",300,158,true],"medium_large":["https:\/\/www.koncevisiontv.cl\/web\/wp-content\/uploads\/2025\/10\/corte-apelaciones-concepcion-768x405.jpg",640,338,true],"large":["https:\/\/www.koncevisiontv.cl\/web\/wp-content\/uploads\/2025\/10\/corte-apelaciones-concepcion-1024x540.jpg",640,338,true],"1536x1536":["https:\/\/www.koncevisiontv.cl\/web\/wp-content\/uploads\/2025\/10\/corte-apelaciones-concepcion.jpg",1200,633,false],"2048x2048":["https:\/\/www.koncevisiontv.cl\/web\/wp-content\/uploads\/2025\/10\/corte-apelaciones-concepcion.jpg",1200,633,false],"darknews-featured":["https:\/\/www.koncevisiontv.cl\/web\/wp-content\/uploads\/2025\/10\/corte-apelaciones-concepcion-1024x540.jpg",1024,540,true],"darknews-large":["https:\/\/www.koncevisiontv.cl\/web\/wp-content\/uploads\/2025\/10\/corte-apelaciones-concepcion-825x575.jpg",825,575,true],"darknews-medium":["https:\/\/www.koncevisiontv.cl\/web\/wp-content\/uploads\/2025\/10\/corte-apelaciones-concepcion-590x410.jpg",590,410,true]},"uagb_author_info":{"display_name":"Web-Master","author_link":"https:\/\/www.koncevisiontv.cl\/web\/author\/koncevision\/"},"uagb_comment_info":0,"uagb_excerpt":"El Poder Judicial ha manifestado su pesar por el fallecimiento de Matilde Esquerr\u00e9 Pav\u00f3n, destacada ministra del tribunal","_links":{"self":[{"href":"https:\/\/www.koncevisiontv.cl\/web\/wp-json\/wp\/v2\/posts\/11891","targetHints":{"allow":["GET"]}}],"collection":[{"href":"https:\/\/www.koncevisiontv.cl\/web\/wp-json\/wp\/v2\/posts"}],"about":[{"href":"https:\/\/www.koncevisiontv.cl\/web\/wp-json\/wp\/v2\/types\/post"}],"author":[{"embeddable":true,"href":"https:\/\/www.koncevisiontv.cl\/web\/wp-json\/wp\/v2\/users\/5"}],"replies":[{"embeddable":true,"href":"https:\/\/www.koncevisiontv.cl\/web\/wp-json\/wp\/v2\/comments?post=11891"}],"version-history":[{"count":1,"href":"https:\/\/www.koncevisiontv.cl\/web\/wp-json\/wp\/v2\/posts\/11891\/revisions"}],"predecessor-version":[{"id":11893,"href":"https:\/\/www.koncevisiontv.cl\/web\/wp-json\/wp\/v2\/posts\/11891\/revisions\/11893"}],"wp:featuredmedia":[{"embeddable":true,"href":"https:\/\/www.koncevisiontv.cl\/web\/wp-json\/wp\/v2\/media\/11892"}],"wp:attachment":[{"href":"https:\/\/www.koncevisiontv.cl\/web\/wp-json\/wp\/v2\/media?parent=11891"}],"wp:term":[{"taxonomy":"category","embeddable":true,"href":"https:\/\/www.koncevisiontv.cl\/web\/wp-json\/wp\/v2\/categories?post=11891"},{"taxonomy":"post_tag","embeddable":true,"href":"https:\/\/www.koncevisiontv.cl\/web\/wp-json\/wp\/v2\/tags?post=11891"}],"curies":[{"name":"wp","href":"https:\/\/api.w.org\/{rel}","templated":true}]}}