{"id":11916,"date":"2025-10-29T16:25:33","date_gmt":"2025-10-29T19:25:33","guid":{"rendered":"https:\/\/www.koncevisiontv.cl\/web\/?p=11916"},"modified":"2025-10-29T16:32:49","modified_gmt":"2025-10-29T19:32:49","slug":"victimas-de-abuso-sexual-en-temuco-critican-al-sernameg-por-cupuesta-negligencia-y-falta-de-apoyo","status":"publish","type":"post","link":"https:\/\/www.koncevisiontv.cl\/web\/victimas-de-abuso-sexual-en-temuco-critican-al-sernameg-por-cupuesta-negligencia-y-falta-de-apoyo\/","title":{"rendered":"V\u00edctimas de abuso sexual en Temuco critican al SernamEG por supuesta negligencia y falta de apoyo"},"content":{"rendered":"\n<p class=\"wp-block-paragraph\">Una grave denuncia ha surgido desde la Regi\u00f3n de La Araucan\u00eda, donde mujeres que presentaron cargos de <strong>abuso sexual<\/strong> contra un profesional m\u00e9dico en Temuco han dirigido sus cr\u00edticas hacia el <strong>Servicio Nacional de la Mujer y la Equidad de G\u00e9nero (SernamEG)<\/strong>.<\/p>\n\n\n\n<p class=\"wp-block-paragraph\">Las afectadas acusan p\u00fablicamente a la entidad estatal de <strong>abandono y negligencia<\/strong> en el acompa\u00f1amiento y tramitaci\u00f3n de sus sensibles casos. Este reproche pone en cuestionamiento la calidad de la asistencia jur\u00eddica y el apoyo psicosocial que el servicio, dise\u00f1ado para proteger a las mujeres, est\u00e1 entregando a las v\u00edctimas en su b\u00fasqueda de justicia.<\/p>\n\n\n\n<p class=\"wp-block-paragraph\">La situaci\u00f3n resalta las dificultades que enfrentan las denunciantes al lidiar con el proceso judicial de delitos de connotaci\u00f3n sexual, donde la percepci\u00f3n de <strong>desprotecci\u00f3n institucional<\/strong> por parte de un organismo clave como el SernamEG agrava la ya dif\u00edcil experiencia.<\/p>\n\n\n\n<p class=\"wp-block-paragraph\">Se espera que la direcci\u00f3n regional o nacional del SernamEG responda a las acusaciones de las v\u00edctimas para aclarar el proceder del servicio en esta investigaci\u00f3n en curso.<\/p>\n","protected":false},"excerpt":{"rendered":"<p>Una grave denuncia ha surgido desde la Regi\u00f3n de La Araucan\u00eda, donde mujeres que presentaron cargos de abuso<\/p>\n","protected":false},"author":5,"featured_media":11917,"comment_status":"open","ping_status":"open","sticky":false,"template":"","format":"standard","meta":{"_crdt_document":"","_uag_custom_page_level_css":"","_sitemap_exclude":false,"_sitemap_priority":"","_sitemap_frequency":"","_joinchat":[],"footnotes":""},"categories":[484,14,428],"tags":[451],"class_list":["post-11916","post","type-post","status-publish","format-standard","has-post-thumbnail","hentry","category-abuso-sexual","category-nacional","category-temuco","tag-regiondelaaraucania"],"featured_image_urls":{"full":["https:\/\/www.koncevisiontv.cl\/web\/wp-content\/uploads\/2025\/10\/sernameg.png",1200,633,false],"thumbnail":["https:\/\/www.koncevisiontv.cl\/web\/wp-content\/uploads\/2025\/10\/sernameg-150x150.png",150,150,true],"medium":["https:\/\/www.koncevisiontv.cl\/web\/wp-content\/uploads\/2025\/10\/sernameg-300x158.png",300,158,true],"medium_large":["https:\/\/www.koncevisiontv.cl\/web\/wp-content\/uploads\/2025\/10\/sernameg-768x405.png",640,338,true],"large":["https:\/\/www.koncevisiontv.cl\/web\/wp-content\/uploads\/2025\/10\/sernameg-1024x540.png",640,338,true],"1536x1536":["https:\/\/www.koncevisiontv.cl\/web\/wp-content\/uploads\/2025\/10\/sernameg.png",1200,633,false],"2048x2048":["https:\/\/www.koncevisiontv.cl\/web\/wp-content\/uploads\/2025\/10\/sernameg.png",1200,633,false],"darknews-featured":["https:\/\/www.koncevisiontv.cl\/web\/wp-content\/uploads\/2025\/10\/sernameg-1024x540.png",1024,540,true],"darknews-large":["https:\/\/www.koncevisiontv.cl\/web\/wp-content\/uploads\/2025\/10\/sernameg-825x575.png",825,575,true],"darknews-medium":["https:\/\/www.koncevisiontv.cl\/web\/wp-content\/uploads\/2025\/10\/sernameg-590x410.png",590,410,true]},"author_info":{"info":["Web-Master"]},"category_info":"<a href=\"https:\/\/www.koncevisiontv.cl\/web\/category\/abuso-sexual\/\" rel=\"category tag\">Abuso Sexual<\/a> <a href=\"https:\/\/www.koncevisiontv.cl\/web\/category\/nacional\/\" rel=\"category tag\">Nacional<\/a> <a href=\"https:\/\/www.koncevisiontv.cl\/web\/category\/temuco\/\" rel=\"category tag\">Temuco<\/a>","tag_info":"Temuco","comment_count":"0","uagb_featured_image_src":{"full":["https:\/\/www.koncevisiontv.cl\/web\/wp-content\/uploads\/2025\/10\/sernameg.png",1200,633,false],"thumbnail":["https:\/\/www.koncevisiontv.cl\/web\/wp-content\/uploads\/2025\/10\/sernameg-150x150.png",150,150,true],"medium":["https:\/\/www.koncevisiontv.cl\/web\/wp-content\/uploads\/2025\/10\/sernameg-300x158.png",300,158,true],"medium_large":["https:\/\/www.koncevisiontv.cl\/web\/wp-content\/uploads\/2025\/10\/sernameg-768x405.png",640,338,true],"large":["https:\/\/www.koncevisiontv.cl\/web\/wp-content\/uploads\/2025\/10\/sernameg-1024x540.png",640,338,true],"1536x1536":["https:\/\/www.koncevisiontv.cl\/web\/wp-content\/uploads\/2025\/10\/sernameg.png",1200,633,false],"2048x2048":["https:\/\/www.koncevisiontv.cl\/web\/wp-content\/uploads\/2025\/10\/sernameg.png",1200,633,false],"darknews-featured":["https:\/\/www.koncevisiontv.cl\/web\/wp-content\/uploads\/2025\/10\/sernameg-1024x540.png",1024,540,true],"darknews-large":["https:\/\/www.koncevisiontv.cl\/web\/wp-content\/uploads\/2025\/10\/sernameg-825x575.png",825,575,true],"darknews-medium":["https:\/\/www.koncevisiontv.cl\/web\/wp-content\/uploads\/2025\/10\/sernameg-590x410.png",590,410,true]},"uagb_author_info":{"display_name":"Web-Master","author_link":"https:\/\/www.koncevisiontv.cl\/web\/author\/koncevision\/"},"uagb_comment_info":0,"uagb_excerpt":"Una grave denuncia ha surgido desde la Regi\u00f3n de La Araucan\u00eda, donde mujeres que presentaron cargos de abuso","_links":{"self":[{"href":"https:\/\/www.koncevisiontv.cl\/web\/wp-json\/wp\/v2\/posts\/11916","targetHints":{"allow":["GET"]}}],"collection":[{"href":"https:\/\/www.koncevisiontv.cl\/web\/wp-json\/wp\/v2\/posts"}],"about":[{"href":"https:\/\/www.koncevisiontv.cl\/web\/wp-json\/wp\/v2\/types\/post"}],"author":[{"embeddable":true,"href":"https:\/\/www.koncevisiontv.cl\/web\/wp-json\/wp\/v2\/users\/5"}],"replies":[{"embeddable":true,"href":"https:\/\/www.koncevisiontv.cl\/web\/wp-json\/wp\/v2\/comments?post=11916"}],"version-history":[{"count":2,"href":"https:\/\/www.koncevisiontv.cl\/web\/wp-json\/wp\/v2\/posts\/11916\/revisions"}],"predecessor-version":[{"id":11919,"href":"https:\/\/www.koncevisiontv.cl\/web\/wp-json\/wp\/v2\/posts\/11916\/revisions\/11919"}],"wp:featuredmedia":[{"embeddable":true,"href":"https:\/\/www.koncevisiontv.cl\/web\/wp-json\/wp\/v2\/media\/11917"}],"wp:attachment":[{"href":"https:\/\/www.koncevisiontv.cl\/web\/wp-json\/wp\/v2\/media?parent=11916"}],"wp:term":[{"taxonomy":"category","embeddable":true,"href":"https:\/\/www.koncevisiontv.cl\/web\/wp-json\/wp\/v2\/categories?post=11916"},{"taxonomy":"post_tag","embeddable":true,"href":"https:\/\/www.koncevisiontv.cl\/web\/wp-json\/wp\/v2\/tags?post=11916"}],"curies":[{"name":"wp","href":"https:\/\/api.w.org\/{rel}","templated":true}]}}