{"id":11941,"date":"2025-10-30T17:21:11","date_gmt":"2025-10-30T20:21:11","guid":{"rendered":"https:\/\/www.koncevisiontv.cl\/web\/?p=11941"},"modified":"2025-10-30T17:21:14","modified_gmt":"2025-10-30T20:21:14","slug":"reportan-degradacion-masiva-en-servicios-de-entel-usuarios-experimentan-intermitencias-y-perdida-de-conexion","status":"publish","type":"post","link":"https:\/\/www.koncevisiontv.cl\/web\/reportan-degradacion-masiva-en-servicios-de-entel-usuarios-experimentan-intermitencias-y-perdida-de-conexion\/","title":{"rendered":"Reportan &#8220;degradaci\u00f3n masiva&#8221; en servicios de Entel: Usuarios experimentan intermitencias y p\u00e9rdida de conexi\u00f3n"},"content":{"rendered":"\n<p class=\"wp-block-paragraph\">Durante la ma\u00f1ana de este jueves, un gran n\u00famero de clientes de la compa\u00f1\u00eda Entel reportaron dificultades significativas en la utilizaci\u00f3n de sus servicios de telefon\u00eda m\u00f3vil, incluyendo fallas en la se\u00f1al y problemas al realizar llamadas.<\/p>\n\n\n\n<p class=\"wp-block-paragraph\">La Subsecretar\u00eda de Telecomunicaciones (Subtel) confirm\u00f3 posteriormente la situaci\u00f3n, informando que la operadora estaba experimentando una <strong>&#8220;degradaci\u00f3n masiva&#8221;<\/strong> en su red. La entidad reguladora asegur\u00f3 que la empresa ya hab\u00eda notificado estar trabajando activamente en la normalizaci\u00f3n completa de los servicios afectados.<\/p>\n\n\n\n<p class=\"wp-block-paragraph\">Entel, por su parte, aclar\u00f3 que las intermitencias no se limitaron a la telefon\u00eda celular, sino que tambi\u00e9n afectaron al servicio de conexi\u00f3n a internet para el hogar. La compa\u00f1\u00eda indic\u00f3 que, tras el incidente, activ\u00f3 de inmediato sus protocolos de emergencia y despleg\u00f3 equipos t\u00e9cnicos en terreno para <strong>&#8220;mitigar los efectos de esta contingencia&#8221;<\/strong>.<\/p>\n\n\n\n<p class=\"wp-block-paragraph\">Usuarios en redes sociales, especialmente en X (anteriormente Twitter), manifestaron su frustraci\u00f3n, se\u00f1alando que la interrupci\u00f3n en el servicio se extendi\u00f3 durante varias horas de la ma\u00f1ana e incluso afect\u00f3 a la aplicaci\u00f3n m\u00f3vil y los canales de atenci\u00f3n al cliente de la compa\u00f1\u00eda.<\/p>\n\n\n\n<p class=\"wp-block-paragraph\">Horas m\u00e1s tarde, Entel comunic\u00f3 a trav\u00e9s de sus canales digitales que <strong>&#8220;los servicios m\u00f3viles y hogar se encuentran en proceso de recuperaci\u00f3n&#8221;<\/strong>, ofreciendo disculpas por las molestias ocasionadas a sus clientes.<\/p>\n","protected":false},"excerpt":{"rendered":"<p>Durante la ma\u00f1ana de este jueves, un gran n\u00famero de clientes de la compa\u00f1\u00eda Entel reportaron dificultades significativas<\/p>\n","protected":false},"author":5,"featured_media":11942,"comment_status":"open","ping_status":"open","sticky":false,"template":"","format":"standard","meta":{"_crdt_document":"","_uag_custom_page_level_css":"","_sitemap_exclude":false,"_sitemap_priority":"","_sitemap_frequency":"","_joinchat":[],"footnotes":""},"categories":[14],"tags":[152],"class_list":["post-11941","post","type-post","status-publish","format-standard","has-post-thumbnail","hentry","category-nacional","tag-chile"],"featured_image_urls":{"full":["https:\/\/www.koncevisiontv.cl\/web\/wp-content\/uploads\/2025\/10\/entel-1.jpg",1200,633,false],"thumbnail":["https:\/\/www.koncevisiontv.cl\/web\/wp-content\/uploads\/2025\/10\/entel-1-150x150.jpg",150,150,true],"medium":["https:\/\/www.koncevisiontv.cl\/web\/wp-content\/uploads\/2025\/10\/entel-1-300x158.jpg",300,158,true],"medium_large":["https:\/\/www.koncevisiontv.cl\/web\/wp-content\/uploads\/2025\/10\/entel-1-768x405.jpg",640,338,true],"large":["https:\/\/www.koncevisiontv.cl\/web\/wp-content\/uploads\/2025\/10\/entel-1-1024x540.jpg",640,338,true],"1536x1536":["https:\/\/www.koncevisiontv.cl\/web\/wp-content\/uploads\/2025\/10\/entel-1.jpg",1200,633,false],"2048x2048":["https:\/\/www.koncevisiontv.cl\/web\/wp-content\/uploads\/2025\/10\/entel-1.jpg",1200,633,false],"darknews-featured":["https:\/\/www.koncevisiontv.cl\/web\/wp-content\/uploads\/2025\/10\/entel-1-1024x540.jpg",1024,540,true],"darknews-large":["https:\/\/www.koncevisiontv.cl\/web\/wp-content\/uploads\/2025\/10\/entel-1-825x575.jpg",825,575,true],"darknews-medium":["https:\/\/www.koncevisiontv.cl\/web\/wp-content\/uploads\/2025\/10\/entel-1-590x410.jpg",590,410,true]},"author_info":{"info":["Web-Master"]},"category_info":"<a href=\"https:\/\/www.koncevisiontv.cl\/web\/category\/nacional\/\" rel=\"category tag\">Nacional<\/a>","tag_info":"Nacional","comment_count":"0","uagb_featured_image_src":{"full":["https:\/\/www.koncevisiontv.cl\/web\/wp-content\/uploads\/2025\/10\/entel-1.jpg",1200,633,false],"thumbnail":["https:\/\/www.koncevisiontv.cl\/web\/wp-content\/uploads\/2025\/10\/entel-1-150x150.jpg",150,150,true],"medium":["https:\/\/www.koncevisiontv.cl\/web\/wp-content\/uploads\/2025\/10\/entel-1-300x158.jpg",300,158,true],"medium_large":["https:\/\/www.koncevisiontv.cl\/web\/wp-content\/uploads\/2025\/10\/entel-1-768x405.jpg",640,338,true],"large":["https:\/\/www.koncevisiontv.cl\/web\/wp-content\/uploads\/2025\/10\/entel-1-1024x540.jpg",640,338,true],"1536x1536":["https:\/\/www.koncevisiontv.cl\/web\/wp-content\/uploads\/2025\/10\/entel-1.jpg",1200,633,false],"2048x2048":["https:\/\/www.koncevisiontv.cl\/web\/wp-content\/uploads\/2025\/10\/entel-1.jpg",1200,633,false],"darknews-featured":["https:\/\/www.koncevisiontv.cl\/web\/wp-content\/uploads\/2025\/10\/entel-1-1024x540.jpg",1024,540,true],"darknews-large":["https:\/\/www.koncevisiontv.cl\/web\/wp-content\/uploads\/2025\/10\/entel-1-825x575.jpg",825,575,true],"darknews-medium":["https:\/\/www.koncevisiontv.cl\/web\/wp-content\/uploads\/2025\/10\/entel-1-590x410.jpg",590,410,true]},"uagb_author_info":{"display_name":"Web-Master","author_link":"https:\/\/www.koncevisiontv.cl\/web\/author\/koncevision\/"},"uagb_comment_info":0,"uagb_excerpt":"Durante la ma\u00f1ana de este jueves, un gran n\u00famero de clientes de la compa\u00f1\u00eda Entel reportaron dificultades significativas","_links":{"self":[{"href":"https:\/\/www.koncevisiontv.cl\/web\/wp-json\/wp\/v2\/posts\/11941","targetHints":{"allow":["GET"]}}],"collection":[{"href":"https:\/\/www.koncevisiontv.cl\/web\/wp-json\/wp\/v2\/posts"}],"about":[{"href":"https:\/\/www.koncevisiontv.cl\/web\/wp-json\/wp\/v2\/types\/post"}],"author":[{"embeddable":true,"href":"https:\/\/www.koncevisiontv.cl\/web\/wp-json\/wp\/v2\/users\/5"}],"replies":[{"embeddable":true,"href":"https:\/\/www.koncevisiontv.cl\/web\/wp-json\/wp\/v2\/comments?post=11941"}],"version-history":[{"count":1,"href":"https:\/\/www.koncevisiontv.cl\/web\/wp-json\/wp\/v2\/posts\/11941\/revisions"}],"predecessor-version":[{"id":11943,"href":"https:\/\/www.koncevisiontv.cl\/web\/wp-json\/wp\/v2\/posts\/11941\/revisions\/11943"}],"wp:featuredmedia":[{"embeddable":true,"href":"https:\/\/www.koncevisiontv.cl\/web\/wp-json\/wp\/v2\/media\/11942"}],"wp:attachment":[{"href":"https:\/\/www.koncevisiontv.cl\/web\/wp-json\/wp\/v2\/media?parent=11941"}],"wp:term":[{"taxonomy":"category","embeddable":true,"href":"https:\/\/www.koncevisiontv.cl\/web\/wp-json\/wp\/v2\/categories?post=11941"},{"taxonomy":"post_tag","embeddable":true,"href":"https:\/\/www.koncevisiontv.cl\/web\/wp-json\/wp\/v2\/tags?post=11941"}],"curies":[{"name":"wp","href":"https:\/\/api.w.org\/{rel}","templated":true}]}}