{"id":11944,"date":"2025-10-30T17:27:30","date_gmt":"2025-10-30T20:27:30","guid":{"rendered":"https:\/\/www.koncevisiontv.cl\/web\/?p=11944"},"modified":"2025-10-30T17:27:32","modified_gmt":"2025-10-30T20:27:32","slug":"hombre-es-herido-a-bala-en-feria-libre-de-san-pedro-de-la-paz-pero-rechaza-presentar-denuncia","status":"publish","type":"post","link":"https:\/\/www.koncevisiontv.cl\/web\/hombre-es-herido-a-bala-en-feria-libre-de-san-pedro-de-la-paz-pero-rechaza-presentar-denuncia\/","title":{"rendered":"Hombre es herido a bala en feria libre de San Pedro de la Paz, pero rechaza presentar denuncia"},"content":{"rendered":"\n<p class=\"wp-block-paragraph\">Un incidente violento se registr\u00f3 este jueves cerca de las 13:00 horas en la feria libre del sector Candelaria, en la comuna de San Pedro de la Paz, Regi\u00f3n del B\u00edo B\u00edo. Un hombre de 41 a\u00f1os result\u00f3 con heridas de bala tras ser atacado.<\/p>\n\n\n\n<p class=\"wp-block-paragraph\">La v\u00edctima recibi\u00f3 impactos en una de sus extremidades inferiores y en la zona abdominal. Tras el suceso, fue asistido inicialmente en el Servicio de Atenci\u00f3n Primaria de Urgencia (SAR) de Candelaria y, posteriormente, fue derivado al Hospital Regional de Concepci\u00f3n para recibir tratamiento especializado.<\/p>\n\n\n\n<p class=\"wp-block-paragraph\">A pesar de la agresi\u00f3n, la situaci\u00f3n tom\u00f3 un giro inusual cuando el afectado fue interrogado por la polic\u00eda. Seg\u00fan antecedentes proporcionados por el mayor Claudio Jim\u00e9nez, de la sexta Comisar\u00eda de San Pedro de la Paz, el hombre <strong>se neg\u00f3 a estampar la denuncia<\/strong> correspondiente. Ante esta negativa, Carabineros procedi\u00f3 a realizar el tr\u00e1mite de oficio, iniciando la investigaci\u00f3n sin la colaboraci\u00f3n formal de la v\u00edctima.<\/p>\n\n\n\n<p class=\"wp-block-paragraph\">El mayor Jim\u00e9nez confirm\u00f3 que, a pesar de las heridas, la v\u00edctima se encuentra consciente y, al momento del informe, <strong>fuera de riesgo vital<\/strong>. Actualmente, las fuerzas policiales est\u00e1n llevando a cabo las diligencias necesarias y esperan las instrucciones del fiscal de turno para continuar con la investigaci\u00f3n.<\/p>\n","protected":false},"excerpt":{"rendered":"<p>Un incidente violento se registr\u00f3 este jueves cerca de las 13:00 horas en la feria libre del sector<\/p>\n","protected":false},"author":5,"featured_media":11945,"comment_status":"open","ping_status":"open","sticky":false,"template":"","format":"standard","meta":{"_crdt_document":"","_uag_custom_page_level_css":"","_sitemap_exclude":false,"_sitemap_priority":"","_sitemap_frequency":"","_joinchat":[],"footnotes":""},"categories":[14,473,485],"tags":[63],"class_list":["post-11944","post","type-post","status-publish","format-standard","has-post-thumbnail","hentry","category-nacional","category-san-pedro-de-la-paz","category-violencia","tag-regiondelbiobio"],"featured_image_urls":{"full":["https:\/\/www.koncevisiontv.cl\/web\/wp-content\/uploads\/2025\/10\/persona-baleada-en-candelaria-san-pedro-de-la-pa.png",1200,633,false],"thumbnail":["https:\/\/www.koncevisiontv.cl\/web\/wp-content\/uploads\/2025\/10\/persona-baleada-en-candelaria-san-pedro-de-la-pa-150x150.png",150,150,true],"medium":["https:\/\/www.koncevisiontv.cl\/web\/wp-content\/uploads\/2025\/10\/persona-baleada-en-candelaria-san-pedro-de-la-pa-300x158.png",300,158,true],"medium_large":["https:\/\/www.koncevisiontv.cl\/web\/wp-content\/uploads\/2025\/10\/persona-baleada-en-candelaria-san-pedro-de-la-pa-768x405.png",640,338,true],"large":["https:\/\/www.koncevisiontv.cl\/web\/wp-content\/uploads\/2025\/10\/persona-baleada-en-candelaria-san-pedro-de-la-pa-1024x540.png",640,338,true],"1536x1536":["https:\/\/www.koncevisiontv.cl\/web\/wp-content\/uploads\/2025\/10\/persona-baleada-en-candelaria-san-pedro-de-la-pa.png",1200,633,false],"2048x2048":["https:\/\/www.koncevisiontv.cl\/web\/wp-content\/uploads\/2025\/10\/persona-baleada-en-candelaria-san-pedro-de-la-pa.png",1200,633,false],"darknews-featured":["https:\/\/www.koncevisiontv.cl\/web\/wp-content\/uploads\/2025\/10\/persona-baleada-en-candelaria-san-pedro-de-la-pa-1024x540.png",1024,540,true],"darknews-large":["https:\/\/www.koncevisiontv.cl\/web\/wp-content\/uploads\/2025\/10\/persona-baleada-en-candelaria-san-pedro-de-la-pa-825x575.png",825,575,true],"darknews-medium":["https:\/\/www.koncevisiontv.cl\/web\/wp-content\/uploads\/2025\/10\/persona-baleada-en-candelaria-san-pedro-de-la-pa-590x410.png",590,410,true]},"author_info":{"info":["Web-Master"]},"category_info":"<a href=\"https:\/\/www.koncevisiontv.cl\/web\/category\/nacional\/\" rel=\"category tag\">Nacional<\/a> <a href=\"https:\/\/www.koncevisiontv.cl\/web\/category\/san-pedro-de-la-paz\/\" rel=\"category tag\">San Pedro de la Paz<\/a> <a href=\"https:\/\/www.koncevisiontv.cl\/web\/category\/violencia\/\" rel=\"category tag\">Violencia<\/a>","tag_info":"Violencia","comment_count":"0","uagb_featured_image_src":{"full":["https:\/\/www.koncevisiontv.cl\/web\/wp-content\/uploads\/2025\/10\/persona-baleada-en-candelaria-san-pedro-de-la-pa.png",1200,633,false],"thumbnail":["https:\/\/www.koncevisiontv.cl\/web\/wp-content\/uploads\/2025\/10\/persona-baleada-en-candelaria-san-pedro-de-la-pa-150x150.png",150,150,true],"medium":["https:\/\/www.koncevisiontv.cl\/web\/wp-content\/uploads\/2025\/10\/persona-baleada-en-candelaria-san-pedro-de-la-pa-300x158.png",300,158,true],"medium_large":["https:\/\/www.koncevisiontv.cl\/web\/wp-content\/uploads\/2025\/10\/persona-baleada-en-candelaria-san-pedro-de-la-pa-768x405.png",640,338,true],"large":["https:\/\/www.koncevisiontv.cl\/web\/wp-content\/uploads\/2025\/10\/persona-baleada-en-candelaria-san-pedro-de-la-pa-1024x540.png",640,338,true],"1536x1536":["https:\/\/www.koncevisiontv.cl\/web\/wp-content\/uploads\/2025\/10\/persona-baleada-en-candelaria-san-pedro-de-la-pa.png",1200,633,false],"2048x2048":["https:\/\/www.koncevisiontv.cl\/web\/wp-content\/uploads\/2025\/10\/persona-baleada-en-candelaria-san-pedro-de-la-pa.png",1200,633,false],"darknews-featured":["https:\/\/www.koncevisiontv.cl\/web\/wp-content\/uploads\/2025\/10\/persona-baleada-en-candelaria-san-pedro-de-la-pa-1024x540.png",1024,540,true],"darknews-large":["https:\/\/www.koncevisiontv.cl\/web\/wp-content\/uploads\/2025\/10\/persona-baleada-en-candelaria-san-pedro-de-la-pa-825x575.png",825,575,true],"darknews-medium":["https:\/\/www.koncevisiontv.cl\/web\/wp-content\/uploads\/2025\/10\/persona-baleada-en-candelaria-san-pedro-de-la-pa-590x410.png",590,410,true]},"uagb_author_info":{"display_name":"Web-Master","author_link":"https:\/\/www.koncevisiontv.cl\/web\/author\/koncevision\/"},"uagb_comment_info":0,"uagb_excerpt":"Un incidente violento se registr\u00f3 este jueves cerca de las 13:00 horas en la feria libre del sector","_links":{"self":[{"href":"https:\/\/www.koncevisiontv.cl\/web\/wp-json\/wp\/v2\/posts\/11944","targetHints":{"allow":["GET"]}}],"collection":[{"href":"https:\/\/www.koncevisiontv.cl\/web\/wp-json\/wp\/v2\/posts"}],"about":[{"href":"https:\/\/www.koncevisiontv.cl\/web\/wp-json\/wp\/v2\/types\/post"}],"author":[{"embeddable":true,"href":"https:\/\/www.koncevisiontv.cl\/web\/wp-json\/wp\/v2\/users\/5"}],"replies":[{"embeddable":true,"href":"https:\/\/www.koncevisiontv.cl\/web\/wp-json\/wp\/v2\/comments?post=11944"}],"version-history":[{"count":1,"href":"https:\/\/www.koncevisiontv.cl\/web\/wp-json\/wp\/v2\/posts\/11944\/revisions"}],"predecessor-version":[{"id":11946,"href":"https:\/\/www.koncevisiontv.cl\/web\/wp-json\/wp\/v2\/posts\/11944\/revisions\/11946"}],"wp:featuredmedia":[{"embeddable":true,"href":"https:\/\/www.koncevisiontv.cl\/web\/wp-json\/wp\/v2\/media\/11945"}],"wp:attachment":[{"href":"https:\/\/www.koncevisiontv.cl\/web\/wp-json\/wp\/v2\/media?parent=11944"}],"wp:term":[{"taxonomy":"category","embeddable":true,"href":"https:\/\/www.koncevisiontv.cl\/web\/wp-json\/wp\/v2\/categories?post=11944"},{"taxonomy":"post_tag","embeddable":true,"href":"https:\/\/www.koncevisiontv.cl\/web\/wp-json\/wp\/v2\/tags?post=11944"}],"curies":[{"name":"wp","href":"https:\/\/api.w.org\/{rel}","templated":true}]}}