{"id":11947,"date":"2025-10-30T17:36:47","date_gmt":"2025-10-30T20:36:47","guid":{"rendered":"https:\/\/www.koncevisiontv.cl\/web\/?p=11947"},"modified":"2025-10-30T17:36:50","modified_gmt":"2025-10-30T20:36:50","slug":"capturan-a-presunto-autor-de-homicidio-ocurrido-en-la-puerta-de-la-casa-de-la-victima-en-san-pedro-de-la-paz","status":"publish","type":"post","link":"https:\/\/www.koncevisiontv.cl\/web\/capturan-a-presunto-autor-de-homicidio-ocurrido-en-la-puerta-de-la-casa-de-la-victima-en-san-pedro-de-la-paz\/","title":{"rendered":"Capturan a presunto autor de homicidio ocurrido en la puerta de la casa de la v\u00edctima en San Pedro de la Paz"},"content":{"rendered":"\n<p class=\"wp-block-paragraph\">Un hombre de 23 a\u00f1os ha sido aprehendido por la polic\u00eda tras pasar cerca de siete semanas evadiendo a la justicia. Se le imputa la responsabilidad de un asesinato perpetrado el pasado 14 de septiembre a plena luz del d\u00eda en la v\u00eda p\u00fablica del sector San Pedro de la Costa, en San Pedro de la Paz, Regi\u00f3n del B\u00edo B\u00edo.<\/p>\n\n\n\n<p class=\"wp-block-paragraph\">El crimen fue descrito como un acto de extrema violencia, donde el acusado habr\u00eda disparado a quemarropa contra la v\u00edctima, un hombre de 35 a\u00f1os que recientemente hab\u00eda recuperado su libertad tras cumplir una condena por el delito de receptaci\u00f3n.<\/p>\n\n\n\n<p class=\"wp-block-paragraph\">El fiscal Felipe Calabrano precis\u00f3 que la v\u00edctima recibi\u00f3 <strong>al menos siete impactos de bala a corta distancia<\/strong> frente a su propio domicilio. La motivaci\u00f3n exacta que desencaden\u00f3 el ataque armado se mantiene bajo estricta investigaci\u00f3n.<\/p>\n\n\n\n<p class=\"wp-block-paragraph\">La detenci\u00f3n del sospechoso se concret\u00f3 en el sector El Casino de Cerro Negro, en la comuna de Quill\u00f3n, Regi\u00f3n de \u00d1uble, seg\u00fan inform\u00f3 el subprefecto Enrique Guzm\u00e1n, jefe de la Brigada de Homicidios. La v\u00edctima, a pesar de haber sido trasladada por sus familiares al SAR de Candelaria, falleci\u00f3 a causa de la gravedad de sus heridas.<\/p>\n\n\n\n<p class=\"wp-block-paragraph\">El detenido ser\u00e1 presentado ante el Juzgado de Garant\u00eda de San Pedro de la Paz este jueves para la respectiva audiencia de control de detenci\u00f3n y formalizaci\u00f3n por el delito de homicidio.<\/p>\n","protected":false},"excerpt":{"rendered":"<p>Un hombre de 23 a\u00f1os ha sido aprehendido por la polic\u00eda tras pasar cerca de siete semanas evadiendo<\/p>\n","protected":false},"author":5,"featured_media":11948,"comment_status":"open","ping_status":"open","sticky":false,"template":"","format":"standard","meta":{"_crdt_document":"","_uag_custom_page_level_css":"","_sitemap_exclude":false,"_sitemap_priority":"","_sitemap_frequency":"","_joinchat":[],"footnotes":""},"categories":[209,14,473,485],"tags":[63],"class_list":["post-11947","post","type-post","status-publish","format-standard","has-post-thumbnail","hentry","category-homicidio","category-nacional","category-san-pedro-de-la-paz","category-violencia","tag-regiondelbiobio"],"featured_image_urls":{"full":["https:\/\/www.koncevisiontv.cl\/web\/wp-content\/uploads\/2025\/10\/hombre-acribillado-san-pedro.jpg",1200,633,false],"thumbnail":["https:\/\/www.koncevisiontv.cl\/web\/wp-content\/uploads\/2025\/10\/hombre-acribillado-san-pedro-150x150.jpg",150,150,true],"medium":["https:\/\/www.koncevisiontv.cl\/web\/wp-content\/uploads\/2025\/10\/hombre-acribillado-san-pedro-300x158.jpg",300,158,true],"medium_large":["https:\/\/www.koncevisiontv.cl\/web\/wp-content\/uploads\/2025\/10\/hombre-acribillado-san-pedro-768x405.jpg",640,338,true],"large":["https:\/\/www.koncevisiontv.cl\/web\/wp-content\/uploads\/2025\/10\/hombre-acribillado-san-pedro-1024x540.jpg",640,338,true],"1536x1536":["https:\/\/www.koncevisiontv.cl\/web\/wp-content\/uploads\/2025\/10\/hombre-acribillado-san-pedro.jpg",1200,633,false],"2048x2048":["https:\/\/www.koncevisiontv.cl\/web\/wp-content\/uploads\/2025\/10\/hombre-acribillado-san-pedro.jpg",1200,633,false],"darknews-featured":["https:\/\/www.koncevisiontv.cl\/web\/wp-content\/uploads\/2025\/10\/hombre-acribillado-san-pedro-1024x540.jpg",1024,540,true],"darknews-large":["https:\/\/www.koncevisiontv.cl\/web\/wp-content\/uploads\/2025\/10\/hombre-acribillado-san-pedro-825x575.jpg",825,575,true],"darknews-medium":["https:\/\/www.koncevisiontv.cl\/web\/wp-content\/uploads\/2025\/10\/hombre-acribillado-san-pedro-590x410.jpg",590,410,true]},"author_info":{"info":["Web-Master"]},"category_info":"<a href=\"https:\/\/www.koncevisiontv.cl\/web\/category\/homicidio\/\" rel=\"category tag\">Homicidio<\/a> <a href=\"https:\/\/www.koncevisiontv.cl\/web\/category\/nacional\/\" rel=\"category tag\">Nacional<\/a> <a href=\"https:\/\/www.koncevisiontv.cl\/web\/category\/san-pedro-de-la-paz\/\" rel=\"category tag\">San Pedro de la Paz<\/a> <a href=\"https:\/\/www.koncevisiontv.cl\/web\/category\/violencia\/\" rel=\"category tag\">Violencia<\/a>","tag_info":"Violencia","comment_count":"0","uagb_featured_image_src":{"full":["https:\/\/www.koncevisiontv.cl\/web\/wp-content\/uploads\/2025\/10\/hombre-acribillado-san-pedro.jpg",1200,633,false],"thumbnail":["https:\/\/www.koncevisiontv.cl\/web\/wp-content\/uploads\/2025\/10\/hombre-acribillado-san-pedro-150x150.jpg",150,150,true],"medium":["https:\/\/www.koncevisiontv.cl\/web\/wp-content\/uploads\/2025\/10\/hombre-acribillado-san-pedro-300x158.jpg",300,158,true],"medium_large":["https:\/\/www.koncevisiontv.cl\/web\/wp-content\/uploads\/2025\/10\/hombre-acribillado-san-pedro-768x405.jpg",640,338,true],"large":["https:\/\/www.koncevisiontv.cl\/web\/wp-content\/uploads\/2025\/10\/hombre-acribillado-san-pedro-1024x540.jpg",640,338,true],"1536x1536":["https:\/\/www.koncevisiontv.cl\/web\/wp-content\/uploads\/2025\/10\/hombre-acribillado-san-pedro.jpg",1200,633,false],"2048x2048":["https:\/\/www.koncevisiontv.cl\/web\/wp-content\/uploads\/2025\/10\/hombre-acribillado-san-pedro.jpg",1200,633,false],"darknews-featured":["https:\/\/www.koncevisiontv.cl\/web\/wp-content\/uploads\/2025\/10\/hombre-acribillado-san-pedro-1024x540.jpg",1024,540,true],"darknews-large":["https:\/\/www.koncevisiontv.cl\/web\/wp-content\/uploads\/2025\/10\/hombre-acribillado-san-pedro-825x575.jpg",825,575,true],"darknews-medium":["https:\/\/www.koncevisiontv.cl\/web\/wp-content\/uploads\/2025\/10\/hombre-acribillado-san-pedro-590x410.jpg",590,410,true]},"uagb_author_info":{"display_name":"Web-Master","author_link":"https:\/\/www.koncevisiontv.cl\/web\/author\/koncevision\/"},"uagb_comment_info":0,"uagb_excerpt":"Un hombre de 23 a\u00f1os ha sido aprehendido por la polic\u00eda tras pasar cerca de siete semanas evadiendo","_links":{"self":[{"href":"https:\/\/www.koncevisiontv.cl\/web\/wp-json\/wp\/v2\/posts\/11947","targetHints":{"allow":["GET"]}}],"collection":[{"href":"https:\/\/www.koncevisiontv.cl\/web\/wp-json\/wp\/v2\/posts"}],"about":[{"href":"https:\/\/www.koncevisiontv.cl\/web\/wp-json\/wp\/v2\/types\/post"}],"author":[{"embeddable":true,"href":"https:\/\/www.koncevisiontv.cl\/web\/wp-json\/wp\/v2\/users\/5"}],"replies":[{"embeddable":true,"href":"https:\/\/www.koncevisiontv.cl\/web\/wp-json\/wp\/v2\/comments?post=11947"}],"version-history":[{"count":1,"href":"https:\/\/www.koncevisiontv.cl\/web\/wp-json\/wp\/v2\/posts\/11947\/revisions"}],"predecessor-version":[{"id":11949,"href":"https:\/\/www.koncevisiontv.cl\/web\/wp-json\/wp\/v2\/posts\/11947\/revisions\/11949"}],"wp:featuredmedia":[{"embeddable":true,"href":"https:\/\/www.koncevisiontv.cl\/web\/wp-json\/wp\/v2\/media\/11948"}],"wp:attachment":[{"href":"https:\/\/www.koncevisiontv.cl\/web\/wp-json\/wp\/v2\/media?parent=11947"}],"wp:term":[{"taxonomy":"category","embeddable":true,"href":"https:\/\/www.koncevisiontv.cl\/web\/wp-json\/wp\/v2\/categories?post=11947"},{"taxonomy":"post_tag","embeddable":true,"href":"https:\/\/www.koncevisiontv.cl\/web\/wp-json\/wp\/v2\/tags?post=11947"}],"curies":[{"name":"wp","href":"https:\/\/api.w.org\/{rel}","templated":true}]}}