{"id":11984,"date":"2025-11-03T16:24:17","date_gmt":"2025-11-03T19:24:17","guid":{"rendered":"https:\/\/www.koncevisiontv.cl\/web\/?p=11984"},"modified":"2025-11-03T16:24:20","modified_gmt":"2025-11-03T19:24:20","slug":"bachelet-lidera-sondeo-internacional-para-la-onu-respaldada-por-diplomaticos-pero-enfrenta-criticas-por-transparencia-local","status":"publish","type":"post","link":"https:\/\/www.koncevisiontv.cl\/web\/bachelet-lidera-sondeo-internacional-para-la-onu-respaldada-por-diplomaticos-pero-enfrenta-criticas-por-transparencia-local\/","title":{"rendered":"Bachelet lidera sondeo internacional para la ONU: Respaldada por diplom\u00e1ticos, pero enfrenta cr\u00edticas por transparencia local"},"content":{"rendered":"\n<p class=\"wp-block-paragraph\">La expresidenta de Chile, Michelle Bachelet, se consolida como la candidata m\u00e1s fuerte para la <strong>Secretar\u00eda General de las Naciones Unidas (ONU)<\/strong>, seg\u00fan una encuesta informal elaborada por la agencia especializada PassBlue. El sondeo, realizado entre diplom\u00e1ticos, periodistas y analistas entre el 18 y el 26 de octubre, otorga a Bachelet un <strong>29,1% de apoyo<\/strong>, duplicando la preferencia de su competidora m\u00e1s cercana, la ecuatoriana Mar\u00eda Fernanda Espinosa.<\/p>\n\n\n\n<p class=\"wp-block-paragraph\">Este resultado es interpretado como un fuerte respaldo pol\u00edtico en los c\u00edrculos internacionales, dada la credibilidad de la fuente y su audiencia especializada. La embajadora de Chile ante la ONU, Paula Narv\u00e1ez, celebr\u00f3 el sondeo, mientras que el senador Jos\u00e9 Miguel Insulza valor\u00f3 las gestiones diplom\u00e1ticas del Presidente Gabriel Boric en favor de la candidatura, se\u00f1alando que cada acci\u00f3n externa ayuda a fortalecer su posici\u00f3n.<\/p>\n\n\n\n<p class=\"wp-block-paragraph\">Pese al s\u00f3lido avance internacional, la candidatura enfrenta <strong>cuestionamientos en Chile<\/strong> por parte de la oposici\u00f3n. El diputado Christian Moreira (UDI), de la Comisi\u00f3n de Relaciones Exteriores, exigi\u00f3 mayor <strong>transparencia al Ejecutivo sobre los gastos y recursos<\/strong> destinados a la promoci\u00f3n de la postulaci\u00f3n de Bachelet, criticando el &#8220;hermetismo&#8221; del gobierno.<\/p>\n\n\n\n<p class=\"wp-block-paragraph\">La expresidenta, por su parte, se prepara para viajar a Brasil para participar en la <strong>COP 30<\/strong> en Par\u00e1 en la segunda semana de noviembre. Aunque no coincidir\u00e1 con el Presidente Boric, este encuentro servir\u00e1 como una plataforma clave para que el jefe de Estado contin\u00fae socializando el nombre de Bachelet en la arena internacional.<\/p>\n","protected":false},"excerpt":{"rendered":"<p>La expresidenta de Chile, Michelle Bachelet, se consolida como la candidata m\u00e1s fuerte para la Secretar\u00eda General de<\/p>\n","protected":false},"author":5,"featured_media":11985,"comment_status":"open","ping_status":"open","sticky":false,"template":"","format":"standard","meta":{"_crdt_document":"","_uag_custom_page_level_css":"","_sitemap_exclude":false,"_sitemap_priority":"","_sitemap_frequency":"","_joinchat":[],"footnotes":""},"categories":[427],"tags":[152,454],"class_list":["post-11984","post","type-post","status-publish","format-standard","has-post-thumbnail","hentry","category-politica-2","tag-chile","tag-internacional"],"featured_image_urls":{"full":["https:\/\/www.koncevisiontv.cl\/web\/wp-content\/uploads\/2025\/11\/michelle-bachelet.jpg",1200,633,false],"thumbnail":["https:\/\/www.koncevisiontv.cl\/web\/wp-content\/uploads\/2025\/11\/michelle-bachelet-150x150.jpg",150,150,true],"medium":["https:\/\/www.koncevisiontv.cl\/web\/wp-content\/uploads\/2025\/11\/michelle-bachelet-300x158.jpg",300,158,true],"medium_large":["https:\/\/www.koncevisiontv.cl\/web\/wp-content\/uploads\/2025\/11\/michelle-bachelet-768x405.jpg",640,338,true],"large":["https:\/\/www.koncevisiontv.cl\/web\/wp-content\/uploads\/2025\/11\/michelle-bachelet-1024x540.jpg",640,338,true],"1536x1536":["https:\/\/www.koncevisiontv.cl\/web\/wp-content\/uploads\/2025\/11\/michelle-bachelet.jpg",1200,633,false],"2048x2048":["https:\/\/www.koncevisiontv.cl\/web\/wp-content\/uploads\/2025\/11\/michelle-bachelet.jpg",1200,633,false],"darknews-featured":["https:\/\/www.koncevisiontv.cl\/web\/wp-content\/uploads\/2025\/11\/michelle-bachelet-1024x540.jpg",1024,540,true],"darknews-large":["https:\/\/www.koncevisiontv.cl\/web\/wp-content\/uploads\/2025\/11\/michelle-bachelet-825x575.jpg",825,575,true],"darknews-medium":["https:\/\/www.koncevisiontv.cl\/web\/wp-content\/uploads\/2025\/11\/michelle-bachelet-590x410.jpg",590,410,true]},"author_info":{"info":["Web-Master"]},"category_info":"<a href=\"https:\/\/www.koncevisiontv.cl\/web\/category\/politica-2\/\" rel=\"category tag\">Pol\u00edtica<\/a>","tag_info":"Pol\u00edtica","comment_count":"0","uagb_featured_image_src":{"full":["https:\/\/www.koncevisiontv.cl\/web\/wp-content\/uploads\/2025\/11\/michelle-bachelet.jpg",1200,633,false],"thumbnail":["https:\/\/www.koncevisiontv.cl\/web\/wp-content\/uploads\/2025\/11\/michelle-bachelet-150x150.jpg",150,150,true],"medium":["https:\/\/www.koncevisiontv.cl\/web\/wp-content\/uploads\/2025\/11\/michelle-bachelet-300x158.jpg",300,158,true],"medium_large":["https:\/\/www.koncevisiontv.cl\/web\/wp-content\/uploads\/2025\/11\/michelle-bachelet-768x405.jpg",640,338,true],"large":["https:\/\/www.koncevisiontv.cl\/web\/wp-content\/uploads\/2025\/11\/michelle-bachelet-1024x540.jpg",640,338,true],"1536x1536":["https:\/\/www.koncevisiontv.cl\/web\/wp-content\/uploads\/2025\/11\/michelle-bachelet.jpg",1200,633,false],"2048x2048":["https:\/\/www.koncevisiontv.cl\/web\/wp-content\/uploads\/2025\/11\/michelle-bachelet.jpg",1200,633,false],"darknews-featured":["https:\/\/www.koncevisiontv.cl\/web\/wp-content\/uploads\/2025\/11\/michelle-bachelet-1024x540.jpg",1024,540,true],"darknews-large":["https:\/\/www.koncevisiontv.cl\/web\/wp-content\/uploads\/2025\/11\/michelle-bachelet-825x575.jpg",825,575,true],"darknews-medium":["https:\/\/www.koncevisiontv.cl\/web\/wp-content\/uploads\/2025\/11\/michelle-bachelet-590x410.jpg",590,410,true]},"uagb_author_info":{"display_name":"Web-Master","author_link":"https:\/\/www.koncevisiontv.cl\/web\/author\/koncevision\/"},"uagb_comment_info":0,"uagb_excerpt":"La expresidenta de Chile, Michelle Bachelet, se consolida como la candidata m\u00e1s fuerte para la Secretar\u00eda General de","_links":{"self":[{"href":"https:\/\/www.koncevisiontv.cl\/web\/wp-json\/wp\/v2\/posts\/11984","targetHints":{"allow":["GET"]}}],"collection":[{"href":"https:\/\/www.koncevisiontv.cl\/web\/wp-json\/wp\/v2\/posts"}],"about":[{"href":"https:\/\/www.koncevisiontv.cl\/web\/wp-json\/wp\/v2\/types\/post"}],"author":[{"embeddable":true,"href":"https:\/\/www.koncevisiontv.cl\/web\/wp-json\/wp\/v2\/users\/5"}],"replies":[{"embeddable":true,"href":"https:\/\/www.koncevisiontv.cl\/web\/wp-json\/wp\/v2\/comments?post=11984"}],"version-history":[{"count":1,"href":"https:\/\/www.koncevisiontv.cl\/web\/wp-json\/wp\/v2\/posts\/11984\/revisions"}],"predecessor-version":[{"id":11986,"href":"https:\/\/www.koncevisiontv.cl\/web\/wp-json\/wp\/v2\/posts\/11984\/revisions\/11986"}],"wp:featuredmedia":[{"embeddable":true,"href":"https:\/\/www.koncevisiontv.cl\/web\/wp-json\/wp\/v2\/media\/11985"}],"wp:attachment":[{"href":"https:\/\/www.koncevisiontv.cl\/web\/wp-json\/wp\/v2\/media?parent=11984"}],"wp:term":[{"taxonomy":"category","embeddable":true,"href":"https:\/\/www.koncevisiontv.cl\/web\/wp-json\/wp\/v2\/categories?post=11984"},{"taxonomy":"post_tag","embeddable":true,"href":"https:\/\/www.koncevisiontv.cl\/web\/wp-json\/wp\/v2\/tags?post=11984"}],"curies":[{"name":"wp","href":"https:\/\/api.w.org\/{rel}","templated":true}]}}