{"id":11987,"date":"2025-11-03T16:40:13","date_gmt":"2025-11-03T19:40:13","guid":{"rendered":"https:\/\/www.koncevisiontv.cl\/web\/?p=11987"},"modified":"2025-11-03T16:40:15","modified_gmt":"2025-11-03T19:40:15","slug":"todo-es-basura-anthony-hopkins-diagnosticado-con-asperger-cuestiona-la-moda-de-las-etiquetas-de-neurodivergencia","status":"publish","type":"post","link":"https:\/\/www.koncevisiontv.cl\/web\/todo-es-basura-anthony-hopkins-diagnosticado-con-asperger-cuestiona-la-moda-de-las-etiquetas-de-neurodivergencia\/","title":{"rendered":"&#8220;Todo es Basura&#8221;: Anthony Hopkins, diagnosticado con asperger, cuestiona la &#8220;moda&#8221; de las etiquetas de neurodivergencia"},"content":{"rendered":"\n<p class=\"wp-block-paragraph\">El reconocido actor brit\u00e1nico-estadounidense Anthony Hopkins, de casi 88 a\u00f1os, ha provocado controversia al expresar una opini\u00f3n fuertemente c\u00ednica sobre los diagn\u00f3sticos de neurodivergencia, incluyendo el Trastorno del Espectro Autista (TEA).<\/p>\n\n\n\n<p class=\"wp-block-paragraph\">En una reciente entrevista para promocionar un libro, el int\u00e9rprete, quien fue diagnosticado con el S\u00edndrome de Asperger (t\u00e9rmino en desuso) en 2017 por sugerencia de su esposa, afirm\u00f3: <strong>&#8220;soy c\u00ednico porque todo eso es una tonter\u00eda. Todo es basura. TDAH, TOC, Asperger, bla, bla, bla&#8221;.<\/strong><\/p>\n\n\n\n<p class=\"wp-block-paragraph\">Hopkins considera que etiquetar las complejidades de la mente humana como trastornos es innecesario, argumentando que se trata simplemente de la &#8220;condici\u00f3n humana&#8221;. <strong>&#8220;\u00a1Dios m\u00edo, se llama vivir! Es simplemente ser un ser humano, lleno de complejidades, misterios y cosas que llevamos dentro&#8230; Todas esas etiquetas&#8230; \u00bfA qui\u00e9n le importan? Pero ahora es moda&#8221;<\/strong>, sentenci\u00f3 el actor, quien previamente hab\u00eda relacionado su propio diagn\u00f3stico con una &#8220;alta sensibilidad&#8221; y una tendencia a la creatividad y al pensamiento obsesivo intermitente.<\/p>\n\n\n\n<p class=\"wp-block-paragraph\">La noticia subraya que el t\u00e9rmino Asperger ha sido reemplazado por el concepto de Trastorno del Espectro Autista (TEA), que abarca una amplia gama de s\u00edntomas relacionados con el desarrollo cerebral que afectan la socializaci\u00f3n y la comunicaci\u00f3n.<\/p>\n","protected":false},"excerpt":{"rendered":"<p>El reconocido actor brit\u00e1nico-estadounidense Anthony Hopkins, de casi 88 a\u00f1os, ha provocado controversia al expresar una opini\u00f3n fuertemente<\/p>\n","protected":false},"author":5,"featured_media":11988,"comment_status":"open","ping_status":"open","sticky":false,"template":"","format":"standard","meta":{"_crdt_document":"","_uag_custom_page_level_css":"","_sitemap_exclude":false,"_sitemap_priority":"","_sitemap_frequency":"","_joinchat":[],"footnotes":""},"categories":[161],"tags":[454],"class_list":["post-11987","post","type-post","status-publish","format-standard","has-post-thumbnail","hentry","category-internacional","tag-internacional"],"featured_image_urls":{"full":["https:\/\/www.koncevisiontv.cl\/web\/wp-content\/uploads\/2025\/11\/anthony-hopkin-asperger.jpg",1200,633,false],"thumbnail":["https:\/\/www.koncevisiontv.cl\/web\/wp-content\/uploads\/2025\/11\/anthony-hopkin-asperger-150x150.jpg",150,150,true],"medium":["https:\/\/www.koncevisiontv.cl\/web\/wp-content\/uploads\/2025\/11\/anthony-hopkin-asperger-300x158.jpg",300,158,true],"medium_large":["https:\/\/www.koncevisiontv.cl\/web\/wp-content\/uploads\/2025\/11\/anthony-hopkin-asperger-768x405.jpg",640,338,true],"large":["https:\/\/www.koncevisiontv.cl\/web\/wp-content\/uploads\/2025\/11\/anthony-hopkin-asperger-1024x540.jpg",640,338,true],"1536x1536":["https:\/\/www.koncevisiontv.cl\/web\/wp-content\/uploads\/2025\/11\/anthony-hopkin-asperger.jpg",1200,633,false],"2048x2048":["https:\/\/www.koncevisiontv.cl\/web\/wp-content\/uploads\/2025\/11\/anthony-hopkin-asperger.jpg",1200,633,false],"darknews-featured":["https:\/\/www.koncevisiontv.cl\/web\/wp-content\/uploads\/2025\/11\/anthony-hopkin-asperger-1024x540.jpg",1024,540,true],"darknews-large":["https:\/\/www.koncevisiontv.cl\/web\/wp-content\/uploads\/2025\/11\/anthony-hopkin-asperger-825x575.jpg",825,575,true],"darknews-medium":["https:\/\/www.koncevisiontv.cl\/web\/wp-content\/uploads\/2025\/11\/anthony-hopkin-asperger-590x410.jpg",590,410,true]},"author_info":{"info":["Web-Master"]},"category_info":"<a href=\"https:\/\/www.koncevisiontv.cl\/web\/category\/internacional\/\" rel=\"category tag\">Internacional<\/a>","tag_info":"Internacional","comment_count":"0","uagb_featured_image_src":{"full":["https:\/\/www.koncevisiontv.cl\/web\/wp-content\/uploads\/2025\/11\/anthony-hopkin-asperger.jpg",1200,633,false],"thumbnail":["https:\/\/www.koncevisiontv.cl\/web\/wp-content\/uploads\/2025\/11\/anthony-hopkin-asperger-150x150.jpg",150,150,true],"medium":["https:\/\/www.koncevisiontv.cl\/web\/wp-content\/uploads\/2025\/11\/anthony-hopkin-asperger-300x158.jpg",300,158,true],"medium_large":["https:\/\/www.koncevisiontv.cl\/web\/wp-content\/uploads\/2025\/11\/anthony-hopkin-asperger-768x405.jpg",640,338,true],"large":["https:\/\/www.koncevisiontv.cl\/web\/wp-content\/uploads\/2025\/11\/anthony-hopkin-asperger-1024x540.jpg",640,338,true],"1536x1536":["https:\/\/www.koncevisiontv.cl\/web\/wp-content\/uploads\/2025\/11\/anthony-hopkin-asperger.jpg",1200,633,false],"2048x2048":["https:\/\/www.koncevisiontv.cl\/web\/wp-content\/uploads\/2025\/11\/anthony-hopkin-asperger.jpg",1200,633,false],"darknews-featured":["https:\/\/www.koncevisiontv.cl\/web\/wp-content\/uploads\/2025\/11\/anthony-hopkin-asperger-1024x540.jpg",1024,540,true],"darknews-large":["https:\/\/www.koncevisiontv.cl\/web\/wp-content\/uploads\/2025\/11\/anthony-hopkin-asperger-825x575.jpg",825,575,true],"darknews-medium":["https:\/\/www.koncevisiontv.cl\/web\/wp-content\/uploads\/2025\/11\/anthony-hopkin-asperger-590x410.jpg",590,410,true]},"uagb_author_info":{"display_name":"Web-Master","author_link":"https:\/\/www.koncevisiontv.cl\/web\/author\/koncevision\/"},"uagb_comment_info":0,"uagb_excerpt":"El reconocido actor brit\u00e1nico-estadounidense Anthony Hopkins, de casi 88 a\u00f1os, ha provocado controversia al expresar una opini\u00f3n fuertemente","_links":{"self":[{"href":"https:\/\/www.koncevisiontv.cl\/web\/wp-json\/wp\/v2\/posts\/11987","targetHints":{"allow":["GET"]}}],"collection":[{"href":"https:\/\/www.koncevisiontv.cl\/web\/wp-json\/wp\/v2\/posts"}],"about":[{"href":"https:\/\/www.koncevisiontv.cl\/web\/wp-json\/wp\/v2\/types\/post"}],"author":[{"embeddable":true,"href":"https:\/\/www.koncevisiontv.cl\/web\/wp-json\/wp\/v2\/users\/5"}],"replies":[{"embeddable":true,"href":"https:\/\/www.koncevisiontv.cl\/web\/wp-json\/wp\/v2\/comments?post=11987"}],"version-history":[{"count":1,"href":"https:\/\/www.koncevisiontv.cl\/web\/wp-json\/wp\/v2\/posts\/11987\/revisions"}],"predecessor-version":[{"id":11989,"href":"https:\/\/www.koncevisiontv.cl\/web\/wp-json\/wp\/v2\/posts\/11987\/revisions\/11989"}],"wp:featuredmedia":[{"embeddable":true,"href":"https:\/\/www.koncevisiontv.cl\/web\/wp-json\/wp\/v2\/media\/11988"}],"wp:attachment":[{"href":"https:\/\/www.koncevisiontv.cl\/web\/wp-json\/wp\/v2\/media?parent=11987"}],"wp:term":[{"taxonomy":"category","embeddable":true,"href":"https:\/\/www.koncevisiontv.cl\/web\/wp-json\/wp\/v2\/categories?post=11987"},{"taxonomy":"post_tag","embeddable":true,"href":"https:\/\/www.koncevisiontv.cl\/web\/wp-json\/wp\/v2\/tags?post=11987"}],"curies":[{"name":"wp","href":"https:\/\/api.w.org\/{rel}","templated":true}]}}