{"id":12001,"date":"2025-11-04T11:07:51","date_gmt":"2025-11-04T14:07:51","guid":{"rendered":"https:\/\/www.koncevisiontv.cl\/web\/?p=12001"},"modified":"2025-11-04T11:07:55","modified_gmt":"2025-11-04T14:07:55","slug":"bachelet-impulsa-su-candidatura-a-la-onu-sumandose-a-la-delegacion-presidencial-en-brasil","status":"publish","type":"post","link":"https:\/\/www.koncevisiontv.cl\/web\/bachelet-impulsa-su-candidatura-a-la-onu-sumandose-a-la-delegacion-presidencial-en-brasil\/","title":{"rendered":"Bachelet impulsa su candidatura a la ONU sum\u00e1ndose a la delegaci\u00f3n presidencial en Brasil"},"content":{"rendered":"\n<p class=\"wp-block-paragraph\">La expresidenta Michelle Bachelet contin\u00faa fortaleciendo su posici\u00f3n internacional como favorita para convertirse en la pr\u00f3xima Secretaria General de las Naciones Unidas. Esta semana, la exmandataria chilena se unir\u00e1 a la comitiva del presidente Gabriel Boric que viaja a Brasil para participar en una cumbre de l\u00edderes previa a la <strong>COP30<\/strong>.<\/p>\n\n\n\n<p class=\"wp-block-paragraph\">El viaje oficial, programado entre el mi\u00e9rcoles 5 y el viernes 7 de noviembre, incluye la participaci\u00f3n de la delegaci\u00f3n chilena \u2014compuesta tambi\u00e9n por el canciller Alberto van Klaveren y la ministra de Medio Ambiente, Maisa Rojas\u2014 en un encuentro que reunir\u00e1 a representantes de 143 pa\u00edses, incluyendo 57 jefes de Estado y de Gobierno.<\/p>\n\n\n\n<p class=\"wp-block-paragraph\"><strong>Liderazgo en la Carrera por la ONU<\/strong><\/p>\n\n\n\n<p class=\"wp-block-paragraph\">La presencia de Bachelet en esta cumbre clim\u00e1tica es parte de su activa agenda diplom\u00e1tica global. Su candidatura actualmente lidera las preferencias, seg\u00fan una encuesta de la agencia internacional <em>PassBlue<\/em>, especializada en temas multilaterales. El sondeo, realizado en octubre, le otorga un <strong>29,1% de apoyo<\/strong>, duplicando a su competidora m\u00e1s cercana, la ecuatoriana Mar\u00eda Fernanda Espinosa. Los resultados del estudio, basado en las opiniones de diplom\u00e1ticos, periodistas y analistas del sistema ONU, se interpretan como un fuerte respaldo pol\u00edtico entre actores clave del organismo.<\/p>\n\n\n\n<p class=\"wp-block-paragraph\">A pesar de su s\u00f3lido avance en el \u00e1mbito internacional, en Chile persisten las <strong>cr\u00edticas de la oposici\u00f3n<\/strong>, que han solicitado mayor claridad sobre el origen y la utilizaci\u00f3n de los recursos que financian su despliegue de campa\u00f1a.<\/p>\n\n\n\n<p class=\"wp-block-paragraph\">No obstante, en el c\u00edrculo diplom\u00e1tico, la figura de la ex jefa de Estado chilena es vista como una de las candidatas con <strong>mayor prestigio y experiencia global<\/strong>, capital pol\u00edtico considerado esencial para suceder al portugu\u00e9s Ant\u00f3nio Guterres al mando de la organizaci\u00f3n.<\/p>\n","protected":false},"excerpt":{"rendered":"<p>La expresidenta Michelle Bachelet contin\u00faa fortaleciendo su posici\u00f3n internacional como favorita para convertirse en la pr\u00f3xima Secretaria General<\/p>\n","protected":false},"author":5,"featured_media":12002,"comment_status":"open","ping_status":"open","sticky":false,"template":"","format":"standard","meta":{"_crdt_document":"","_uag_custom_page_level_css":"","_sitemap_exclude":false,"_sitemap_priority":"","_sitemap_frequency":"","_joinchat":[],"footnotes":""},"categories":[460,161,14,427],"tags":[454],"class_list":["post-12001","post","type-post","status-publish","format-standard","has-post-thumbnail","hentry","category-derechos-humanos","category-internacional","category-nacional","category-politica-2","tag-internacional"],"featured_image_urls":{"full":["https:\/\/www.koncevisiontv.cl\/web\/wp-content\/uploads\/2025\/11\/bachelet-intensifica-su-campana-internacional-por-la-onu-se-suma-a-viaje-de-boric-rumbo-a-la-cop30-en-brasil.png",1200,633,false],"thumbnail":["https:\/\/www.koncevisiontv.cl\/web\/wp-content\/uploads\/2025\/11\/bachelet-intensifica-su-campana-internacional-por-la-onu-se-suma-a-viaje-de-boric-rumbo-a-la-cop30-en-brasil-150x150.png",150,150,true],"medium":["https:\/\/www.koncevisiontv.cl\/web\/wp-content\/uploads\/2025\/11\/bachelet-intensifica-su-campana-internacional-por-la-onu-se-suma-a-viaje-de-boric-rumbo-a-la-cop30-en-brasil-300x158.png",300,158,true],"medium_large":["https:\/\/www.koncevisiontv.cl\/web\/wp-content\/uploads\/2025\/11\/bachelet-intensifica-su-campana-internacional-por-la-onu-se-suma-a-viaje-de-boric-rumbo-a-la-cop30-en-brasil-768x405.png",640,338,true],"large":["https:\/\/www.koncevisiontv.cl\/web\/wp-content\/uploads\/2025\/11\/bachelet-intensifica-su-campana-internacional-por-la-onu-se-suma-a-viaje-de-boric-rumbo-a-la-cop30-en-brasil-1024x540.png",640,338,true],"1536x1536":["https:\/\/www.koncevisiontv.cl\/web\/wp-content\/uploads\/2025\/11\/bachelet-intensifica-su-campana-internacional-por-la-onu-se-suma-a-viaje-de-boric-rumbo-a-la-cop30-en-brasil.png",1200,633,false],"2048x2048":["https:\/\/www.koncevisiontv.cl\/web\/wp-content\/uploads\/2025\/11\/bachelet-intensifica-su-campana-internacional-por-la-onu-se-suma-a-viaje-de-boric-rumbo-a-la-cop30-en-brasil.png",1200,633,false],"darknews-featured":["https:\/\/www.koncevisiontv.cl\/web\/wp-content\/uploads\/2025\/11\/bachelet-intensifica-su-campana-internacional-por-la-onu-se-suma-a-viaje-de-boric-rumbo-a-la-cop30-en-brasil-1024x540.png",1024,540,true],"darknews-large":["https:\/\/www.koncevisiontv.cl\/web\/wp-content\/uploads\/2025\/11\/bachelet-intensifica-su-campana-internacional-por-la-onu-se-suma-a-viaje-de-boric-rumbo-a-la-cop30-en-brasil-825x575.png",825,575,true],"darknews-medium":["https:\/\/www.koncevisiontv.cl\/web\/wp-content\/uploads\/2025\/11\/bachelet-intensifica-su-campana-internacional-por-la-onu-se-suma-a-viaje-de-boric-rumbo-a-la-cop30-en-brasil-590x410.png",590,410,true]},"author_info":{"info":["Web-Master"]},"category_info":"<a href=\"https:\/\/www.koncevisiontv.cl\/web\/category\/derechos-humanos\/\" rel=\"category tag\">Derechos Humanos<\/a> <a href=\"https:\/\/www.koncevisiontv.cl\/web\/category\/internacional\/\" rel=\"category tag\">Internacional<\/a> <a href=\"https:\/\/www.koncevisiontv.cl\/web\/category\/nacional\/\" rel=\"category tag\">Nacional<\/a> <a href=\"https:\/\/www.koncevisiontv.cl\/web\/category\/politica-2\/\" rel=\"category tag\">Pol\u00edtica<\/a>","tag_info":"Pol\u00edtica","comment_count":"0","uagb_featured_image_src":{"full":["https:\/\/www.koncevisiontv.cl\/web\/wp-content\/uploads\/2025\/11\/bachelet-intensifica-su-campana-internacional-por-la-onu-se-suma-a-viaje-de-boric-rumbo-a-la-cop30-en-brasil.png",1200,633,false],"thumbnail":["https:\/\/www.koncevisiontv.cl\/web\/wp-content\/uploads\/2025\/11\/bachelet-intensifica-su-campana-internacional-por-la-onu-se-suma-a-viaje-de-boric-rumbo-a-la-cop30-en-brasil-150x150.png",150,150,true],"medium":["https:\/\/www.koncevisiontv.cl\/web\/wp-content\/uploads\/2025\/11\/bachelet-intensifica-su-campana-internacional-por-la-onu-se-suma-a-viaje-de-boric-rumbo-a-la-cop30-en-brasil-300x158.png",300,158,true],"medium_large":["https:\/\/www.koncevisiontv.cl\/web\/wp-content\/uploads\/2025\/11\/bachelet-intensifica-su-campana-internacional-por-la-onu-se-suma-a-viaje-de-boric-rumbo-a-la-cop30-en-brasil-768x405.png",640,338,true],"large":["https:\/\/www.koncevisiontv.cl\/web\/wp-content\/uploads\/2025\/11\/bachelet-intensifica-su-campana-internacional-por-la-onu-se-suma-a-viaje-de-boric-rumbo-a-la-cop30-en-brasil-1024x540.png",640,338,true],"1536x1536":["https:\/\/www.koncevisiontv.cl\/web\/wp-content\/uploads\/2025\/11\/bachelet-intensifica-su-campana-internacional-por-la-onu-se-suma-a-viaje-de-boric-rumbo-a-la-cop30-en-brasil.png",1200,633,false],"2048x2048":["https:\/\/www.koncevisiontv.cl\/web\/wp-content\/uploads\/2025\/11\/bachelet-intensifica-su-campana-internacional-por-la-onu-se-suma-a-viaje-de-boric-rumbo-a-la-cop30-en-brasil.png",1200,633,false],"darknews-featured":["https:\/\/www.koncevisiontv.cl\/web\/wp-content\/uploads\/2025\/11\/bachelet-intensifica-su-campana-internacional-por-la-onu-se-suma-a-viaje-de-boric-rumbo-a-la-cop30-en-brasil-1024x540.png",1024,540,true],"darknews-large":["https:\/\/www.koncevisiontv.cl\/web\/wp-content\/uploads\/2025\/11\/bachelet-intensifica-su-campana-internacional-por-la-onu-se-suma-a-viaje-de-boric-rumbo-a-la-cop30-en-brasil-825x575.png",825,575,true],"darknews-medium":["https:\/\/www.koncevisiontv.cl\/web\/wp-content\/uploads\/2025\/11\/bachelet-intensifica-su-campana-internacional-por-la-onu-se-suma-a-viaje-de-boric-rumbo-a-la-cop30-en-brasil-590x410.png",590,410,true]},"uagb_author_info":{"display_name":"Web-Master","author_link":"https:\/\/www.koncevisiontv.cl\/web\/author\/koncevision\/"},"uagb_comment_info":0,"uagb_excerpt":"La expresidenta Michelle Bachelet contin\u00faa fortaleciendo su posici\u00f3n internacional como favorita para convertirse en la pr\u00f3xima Secretaria General","_links":{"self":[{"href":"https:\/\/www.koncevisiontv.cl\/web\/wp-json\/wp\/v2\/posts\/12001","targetHints":{"allow":["GET"]}}],"collection":[{"href":"https:\/\/www.koncevisiontv.cl\/web\/wp-json\/wp\/v2\/posts"}],"about":[{"href":"https:\/\/www.koncevisiontv.cl\/web\/wp-json\/wp\/v2\/types\/post"}],"author":[{"embeddable":true,"href":"https:\/\/www.koncevisiontv.cl\/web\/wp-json\/wp\/v2\/users\/5"}],"replies":[{"embeddable":true,"href":"https:\/\/www.koncevisiontv.cl\/web\/wp-json\/wp\/v2\/comments?post=12001"}],"version-history":[{"count":1,"href":"https:\/\/www.koncevisiontv.cl\/web\/wp-json\/wp\/v2\/posts\/12001\/revisions"}],"predecessor-version":[{"id":12003,"href":"https:\/\/www.koncevisiontv.cl\/web\/wp-json\/wp\/v2\/posts\/12001\/revisions\/12003"}],"wp:featuredmedia":[{"embeddable":true,"href":"https:\/\/www.koncevisiontv.cl\/web\/wp-json\/wp\/v2\/media\/12002"}],"wp:attachment":[{"href":"https:\/\/www.koncevisiontv.cl\/web\/wp-json\/wp\/v2\/media?parent=12001"}],"wp:term":[{"taxonomy":"category","embeddable":true,"href":"https:\/\/www.koncevisiontv.cl\/web\/wp-json\/wp\/v2\/categories?post=12001"},{"taxonomy":"post_tag","embeddable":true,"href":"https:\/\/www.koncevisiontv.cl\/web\/wp-json\/wp\/v2\/tags?post=12001"}],"curies":[{"name":"wp","href":"https:\/\/api.w.org\/{rel}","templated":true}]}}