{"id":12013,"date":"2025-11-04T15:42:19","date_gmt":"2025-11-04T18:42:19","guid":{"rendered":"https:\/\/www.koncevisiontv.cl\/web\/?p=12013"},"modified":"2025-11-04T15:42:22","modified_gmt":"2025-11-04T18:42:22","slug":"familia-denuncia-reventa-de-sepulturas-tras-encontrar-a-persona-ajena-en-tumba-de-sus-abuelos","status":"publish","type":"post","link":"https:\/\/www.koncevisiontv.cl\/web\/familia-denuncia-reventa-de-sepulturas-tras-encontrar-a-persona-ajena-en-tumba-de-sus-abuelos\/","title":{"rendered":"Familia denuncia reventa de sepulturas tras encontrar a persona ajena en tumba de sus abuelos"},"content":{"rendered":"\n<p class=\"wp-block-paragraph\">Una situaci\u00f3n de profunda indignaci\u00f3n y sorpresa se vivi\u00f3 en el cementerio de Carahue, Regi\u00f3n de La Araucan\u00eda, cuando una familia descubri\u00f3 que la tumba donde yacen sus abuelos hab\u00eda sido ocupada por otra persona. Los afectados han elevado acusaciones de <strong>reventa irregular de sepulturas<\/strong> y han exigido al municipio una investigaci\u00f3n exhaustiva.<\/p>\n\n\n\n<p class=\"wp-block-paragraph\">El ins\u00f3lito hallazgo se produjo el 31 de octubre, cuando los parientes de Bernardo Ruminot Ruminot y Elbertina Ruminot \u00c1vilas visitaron la sepultura que ocupan sus abuelos desde hace m\u00e1s de 16 a\u00f1os. En el lugar, se encontraron con un individuo que les inform\u00f3 ser el propietario de la fosa, ya que hab\u00eda enterrado a un familiar all\u00ed hace poco tiempo.<\/p>\n\n\n\n<p class=\"wp-block-paragraph\">Rosario Ruminot, una de las denunciantes, manifest\u00f3 su consternaci\u00f3n ante la p\u00e9rdida de la sepultura familiar, planteando la interrogante sobre la gesti\u00f3n del cementerio.<\/p>\n\n\n\n<p class=\"wp-block-paragraph\">La concejala Paola Retamal recibi\u00f3 los antecedentes y confirm\u00f3 que solicitar\u00e1 una <strong>investigaci\u00f3n sumaria<\/strong> para determinar las responsabilidades por este y otros casos similares. La edil revel\u00f3 que no es la primera vez que ocurre una situaci\u00f3n de &#8220;tumba sobre tumba&#8221; en el cementerio de Carahue, de hecho, existe un sumario interno abierto desde hace once meses. Retamal anunci\u00f3 que tambi\u00e9n presentar\u00e1 las denuncias ante la Seremi de Salud de La Araucan\u00eda.<\/p>\n","protected":false},"excerpt":{"rendered":"<p>Una situaci\u00f3n de profunda indignaci\u00f3n y sorpresa se vivi\u00f3 en el cementerio de Carahue, Regi\u00f3n de La Araucan\u00eda,<\/p>\n","protected":false},"author":5,"featured_media":12014,"comment_status":"open","ping_status":"open","sticky":false,"template":"","format":"standard","meta":{"_crdt_document":"","_uag_custom_page_level_css":"","_sitemap_exclude":false,"_sitemap_priority":"","_sitemap_frequency":"","_joinchat":[],"footnotes":""},"categories":[493,480,14],"tags":[451],"class_list":["post-12013","post","type-post","status-publish","format-standard","has-post-thumbnail","hentry","category-denuncia","category-fraude","category-nacional","tag-regiondelaaraucania"],"featured_image_urls":{"full":["https:\/\/www.koncevisiontv.cl\/web\/wp-content\/uploads\/2025\/11\/cementerio-contexto.jpg",1200,633,false],"thumbnail":["https:\/\/www.koncevisiontv.cl\/web\/wp-content\/uploads\/2025\/11\/cementerio-contexto-150x150.jpg",150,150,true],"medium":["https:\/\/www.koncevisiontv.cl\/web\/wp-content\/uploads\/2025\/11\/cementerio-contexto-300x158.jpg",300,158,true],"medium_large":["https:\/\/www.koncevisiontv.cl\/web\/wp-content\/uploads\/2025\/11\/cementerio-contexto-768x405.jpg",640,338,true],"large":["https:\/\/www.koncevisiontv.cl\/web\/wp-content\/uploads\/2025\/11\/cementerio-contexto-1024x540.jpg",640,338,true],"1536x1536":["https:\/\/www.koncevisiontv.cl\/web\/wp-content\/uploads\/2025\/11\/cementerio-contexto.jpg",1200,633,false],"2048x2048":["https:\/\/www.koncevisiontv.cl\/web\/wp-content\/uploads\/2025\/11\/cementerio-contexto.jpg",1200,633,false],"darknews-featured":["https:\/\/www.koncevisiontv.cl\/web\/wp-content\/uploads\/2025\/11\/cementerio-contexto-1024x540.jpg",1024,540,true],"darknews-large":["https:\/\/www.koncevisiontv.cl\/web\/wp-content\/uploads\/2025\/11\/cementerio-contexto-825x575.jpg",825,575,true],"darknews-medium":["https:\/\/www.koncevisiontv.cl\/web\/wp-content\/uploads\/2025\/11\/cementerio-contexto-590x410.jpg",590,410,true]},"author_info":{"info":["Web-Master"]},"category_info":"<a href=\"https:\/\/www.koncevisiontv.cl\/web\/category\/denuncia\/\" rel=\"category tag\">Denuncia<\/a> <a href=\"https:\/\/www.koncevisiontv.cl\/web\/category\/fraude\/\" rel=\"category tag\">Fraude<\/a> <a href=\"https:\/\/www.koncevisiontv.cl\/web\/category\/nacional\/\" rel=\"category tag\">Nacional<\/a>","tag_info":"Nacional","comment_count":"0","uagb_featured_image_src":{"full":["https:\/\/www.koncevisiontv.cl\/web\/wp-content\/uploads\/2025\/11\/cementerio-contexto.jpg",1200,633,false],"thumbnail":["https:\/\/www.koncevisiontv.cl\/web\/wp-content\/uploads\/2025\/11\/cementerio-contexto-150x150.jpg",150,150,true],"medium":["https:\/\/www.koncevisiontv.cl\/web\/wp-content\/uploads\/2025\/11\/cementerio-contexto-300x158.jpg",300,158,true],"medium_large":["https:\/\/www.koncevisiontv.cl\/web\/wp-content\/uploads\/2025\/11\/cementerio-contexto-768x405.jpg",640,338,true],"large":["https:\/\/www.koncevisiontv.cl\/web\/wp-content\/uploads\/2025\/11\/cementerio-contexto-1024x540.jpg",640,338,true],"1536x1536":["https:\/\/www.koncevisiontv.cl\/web\/wp-content\/uploads\/2025\/11\/cementerio-contexto.jpg",1200,633,false],"2048x2048":["https:\/\/www.koncevisiontv.cl\/web\/wp-content\/uploads\/2025\/11\/cementerio-contexto.jpg",1200,633,false],"darknews-featured":["https:\/\/www.koncevisiontv.cl\/web\/wp-content\/uploads\/2025\/11\/cementerio-contexto-1024x540.jpg",1024,540,true],"darknews-large":["https:\/\/www.koncevisiontv.cl\/web\/wp-content\/uploads\/2025\/11\/cementerio-contexto-825x575.jpg",825,575,true],"darknews-medium":["https:\/\/www.koncevisiontv.cl\/web\/wp-content\/uploads\/2025\/11\/cementerio-contexto-590x410.jpg",590,410,true]},"uagb_author_info":{"display_name":"Web-Master","author_link":"https:\/\/www.koncevisiontv.cl\/web\/author\/koncevision\/"},"uagb_comment_info":0,"uagb_excerpt":"Una situaci\u00f3n de profunda indignaci\u00f3n y sorpresa se vivi\u00f3 en el cementerio de Carahue, Regi\u00f3n de La Araucan\u00eda,","_links":{"self":[{"href":"https:\/\/www.koncevisiontv.cl\/web\/wp-json\/wp\/v2\/posts\/12013","targetHints":{"allow":["GET"]}}],"collection":[{"href":"https:\/\/www.koncevisiontv.cl\/web\/wp-json\/wp\/v2\/posts"}],"about":[{"href":"https:\/\/www.koncevisiontv.cl\/web\/wp-json\/wp\/v2\/types\/post"}],"author":[{"embeddable":true,"href":"https:\/\/www.koncevisiontv.cl\/web\/wp-json\/wp\/v2\/users\/5"}],"replies":[{"embeddable":true,"href":"https:\/\/www.koncevisiontv.cl\/web\/wp-json\/wp\/v2\/comments?post=12013"}],"version-history":[{"count":1,"href":"https:\/\/www.koncevisiontv.cl\/web\/wp-json\/wp\/v2\/posts\/12013\/revisions"}],"predecessor-version":[{"id":12015,"href":"https:\/\/www.koncevisiontv.cl\/web\/wp-json\/wp\/v2\/posts\/12013\/revisions\/12015"}],"wp:featuredmedia":[{"embeddable":true,"href":"https:\/\/www.koncevisiontv.cl\/web\/wp-json\/wp\/v2\/media\/12014"}],"wp:attachment":[{"href":"https:\/\/www.koncevisiontv.cl\/web\/wp-json\/wp\/v2\/media?parent=12013"}],"wp:term":[{"taxonomy":"category","embeddable":true,"href":"https:\/\/www.koncevisiontv.cl\/web\/wp-json\/wp\/v2\/categories?post=12013"},{"taxonomy":"post_tag","embeddable":true,"href":"https:\/\/www.koncevisiontv.cl\/web\/wp-json\/wp\/v2\/tags?post=12013"}],"curies":[{"name":"wp","href":"https:\/\/api.w.org\/{rel}","templated":true}]}}