{"id":12016,"date":"2025-11-04T16:53:04","date_gmt":"2025-11-04T19:53:04","guid":{"rendered":"https:\/\/www.koncevisiontv.cl\/web\/?p=12016"},"modified":"2025-11-04T16:53:06","modified_gmt":"2025-11-04T19:53:06","slug":"refuerzo-de-seguridad-en-aeropuerto-de-la-araucania-confirman-despliegue-militar-tras-amenazas-con-lienzo","status":"publish","type":"post","link":"https:\/\/www.koncevisiontv.cl\/web\/refuerzo-de-seguridad-en-aeropuerto-de-la-araucania-confirman-despliegue-militar-tras-amenazas-con-lienzo\/","title":{"rendered":"Refuerzo de seguridad en aeropuerto de La Araucan\u00eda: Confirman despliegue militar tras amenazas con lienzo"},"content":{"rendered":"\n<p class=\"wp-block-paragraph\">El Ej\u00e9rcito de Chile confirm\u00f3 el despliegue de personal militar en las dependencias del Aeropuerto de La Araucan\u00eda, ubicado en Freire, como respuesta directa a amenazas de seguridad que obligaron a las autoridades a elevar la alerta a nivel naranja.<\/p>\n\n\n\n<p class=\"wp-block-paragraph\">La situaci\u00f3n de riesgo surgi\u00f3 tras el hallazgo en las cercan\u00edas del terminal a\u00e9reo de un <strong>lienzo con amenazas y demandas territoriales<\/strong> atribuidas a desconocidos. Este incidente forz\u00f3 al Gobierno y a la Direcci\u00f3n de Aeron\u00e1utica Civil a incrementar dr\u00e1sticamente las medidas de resguardo.<\/p>\n\n\n\n<p class=\"wp-block-paragraph\">En un primer momento, se reforz\u00f3 la vigilancia con un aumento de la presencia de Carabineros. Posteriormente, el coronel Julio Romero, en representaci\u00f3n de la Jefatura de la Defensa Nacional para La Araucan\u00eda, confirm\u00f3 que el Ej\u00e9rcito activ\u00f3 un <strong>plan preventivo<\/strong> que incluye la participaci\u00f3n de efectivos de la instituci\u00f3n.<\/p>\n\n\n\n<p class=\"wp-block-paragraph\">Las autoridades han mantenido la reserva sobre otras medidas espec\u00edficas implementadas. Adicionalmente, se ha reconocido que <strong>se desconoce la procedencia<\/strong> de las amenazas.<\/p>\n\n\n\n<p class=\"wp-block-paragraph\">Paralelamente, la Fiscal\u00eda ha iniciado una investigaci\u00f3n para confirmar o descartar la existencia de una nueva organizaci\u00f3n radical, presuntamente identificada con las iniciales <strong>W.A.R.<\/strong>, las cuales firmaban el lienzo que amenazaba con hacer explotar el aeropuerto.<\/p>\n","protected":false},"excerpt":{"rendered":"<p>El Ej\u00e9rcito de Chile confirm\u00f3 el despliegue de personal militar en las dependencias del Aeropuerto de La Araucan\u00eda,<\/p>\n","protected":false},"author":5,"featured_media":12017,"comment_status":"open","ping_status":"open","sticky":false,"template":"","format":"standard","meta":{"_crdt_document":"","_uag_custom_page_level_css":"","_sitemap_exclude":false,"_sitemap_priority":"","_sitemap_frequency":"","_joinchat":[],"footnotes":""},"categories":[495,494,14],"tags":[451],"class_list":["post-12016","post","type-post","status-publish","format-standard","has-post-thumbnail","hentry","category-aeropuertos","category-ejercito-de-chile","category-nacional","tag-regiondelaaraucania"],"featured_image_urls":{"full":["https:\/\/www.koncevisiontv.cl\/web\/wp-content\/uploads\/2025\/11\/confirman-presencia-militar-en-aeropuerto-la-araucania-tras-amenazas.png",1200,633,false],"thumbnail":["https:\/\/www.koncevisiontv.cl\/web\/wp-content\/uploads\/2025\/11\/confirman-presencia-militar-en-aeropuerto-la-araucania-tras-amenazas-150x150.png",150,150,true],"medium":["https:\/\/www.koncevisiontv.cl\/web\/wp-content\/uploads\/2025\/11\/confirman-presencia-militar-en-aeropuerto-la-araucania-tras-amenazas-300x158.png",300,158,true],"medium_large":["https:\/\/www.koncevisiontv.cl\/web\/wp-content\/uploads\/2025\/11\/confirman-presencia-militar-en-aeropuerto-la-araucania-tras-amenazas-768x405.png",640,338,true],"large":["https:\/\/www.koncevisiontv.cl\/web\/wp-content\/uploads\/2025\/11\/confirman-presencia-militar-en-aeropuerto-la-araucania-tras-amenazas-1024x540.png",640,338,true],"1536x1536":["https:\/\/www.koncevisiontv.cl\/web\/wp-content\/uploads\/2025\/11\/confirman-presencia-militar-en-aeropuerto-la-araucania-tras-amenazas.png",1200,633,false],"2048x2048":["https:\/\/www.koncevisiontv.cl\/web\/wp-content\/uploads\/2025\/11\/confirman-presencia-militar-en-aeropuerto-la-araucania-tras-amenazas.png",1200,633,false],"darknews-featured":["https:\/\/www.koncevisiontv.cl\/web\/wp-content\/uploads\/2025\/11\/confirman-presencia-militar-en-aeropuerto-la-araucania-tras-amenazas-1024x540.png",1024,540,true],"darknews-large":["https:\/\/www.koncevisiontv.cl\/web\/wp-content\/uploads\/2025\/11\/confirman-presencia-militar-en-aeropuerto-la-araucania-tras-amenazas-825x575.png",825,575,true],"darknews-medium":["https:\/\/www.koncevisiontv.cl\/web\/wp-content\/uploads\/2025\/11\/confirman-presencia-militar-en-aeropuerto-la-araucania-tras-amenazas-590x410.png",590,410,true]},"author_info":{"info":["Web-Master"]},"category_info":"<a href=\"https:\/\/www.koncevisiontv.cl\/web\/category\/aeropuertos\/\" rel=\"category tag\">Aeropuertos<\/a> <a href=\"https:\/\/www.koncevisiontv.cl\/web\/category\/ejercito-de-chile\/\" rel=\"category tag\">Ejercito de Chile<\/a> <a href=\"https:\/\/www.koncevisiontv.cl\/web\/category\/nacional\/\" rel=\"category tag\">Nacional<\/a>","tag_info":"Nacional","comment_count":"0","uagb_featured_image_src":{"full":["https:\/\/www.koncevisiontv.cl\/web\/wp-content\/uploads\/2025\/11\/confirman-presencia-militar-en-aeropuerto-la-araucania-tras-amenazas.png",1200,633,false],"thumbnail":["https:\/\/www.koncevisiontv.cl\/web\/wp-content\/uploads\/2025\/11\/confirman-presencia-militar-en-aeropuerto-la-araucania-tras-amenazas-150x150.png",150,150,true],"medium":["https:\/\/www.koncevisiontv.cl\/web\/wp-content\/uploads\/2025\/11\/confirman-presencia-militar-en-aeropuerto-la-araucania-tras-amenazas-300x158.png",300,158,true],"medium_large":["https:\/\/www.koncevisiontv.cl\/web\/wp-content\/uploads\/2025\/11\/confirman-presencia-militar-en-aeropuerto-la-araucania-tras-amenazas-768x405.png",640,338,true],"large":["https:\/\/www.koncevisiontv.cl\/web\/wp-content\/uploads\/2025\/11\/confirman-presencia-militar-en-aeropuerto-la-araucania-tras-amenazas-1024x540.png",640,338,true],"1536x1536":["https:\/\/www.koncevisiontv.cl\/web\/wp-content\/uploads\/2025\/11\/confirman-presencia-militar-en-aeropuerto-la-araucania-tras-amenazas.png",1200,633,false],"2048x2048":["https:\/\/www.koncevisiontv.cl\/web\/wp-content\/uploads\/2025\/11\/confirman-presencia-militar-en-aeropuerto-la-araucania-tras-amenazas.png",1200,633,false],"darknews-featured":["https:\/\/www.koncevisiontv.cl\/web\/wp-content\/uploads\/2025\/11\/confirman-presencia-militar-en-aeropuerto-la-araucania-tras-amenazas-1024x540.png",1024,540,true],"darknews-large":["https:\/\/www.koncevisiontv.cl\/web\/wp-content\/uploads\/2025\/11\/confirman-presencia-militar-en-aeropuerto-la-araucania-tras-amenazas-825x575.png",825,575,true],"darknews-medium":["https:\/\/www.koncevisiontv.cl\/web\/wp-content\/uploads\/2025\/11\/confirman-presencia-militar-en-aeropuerto-la-araucania-tras-amenazas-590x410.png",590,410,true]},"uagb_author_info":{"display_name":"Web-Master","author_link":"https:\/\/www.koncevisiontv.cl\/web\/author\/koncevision\/"},"uagb_comment_info":0,"uagb_excerpt":"El Ej\u00e9rcito de Chile confirm\u00f3 el despliegue de personal militar en las dependencias del Aeropuerto de La Araucan\u00eda,","_links":{"self":[{"href":"https:\/\/www.koncevisiontv.cl\/web\/wp-json\/wp\/v2\/posts\/12016","targetHints":{"allow":["GET"]}}],"collection":[{"href":"https:\/\/www.koncevisiontv.cl\/web\/wp-json\/wp\/v2\/posts"}],"about":[{"href":"https:\/\/www.koncevisiontv.cl\/web\/wp-json\/wp\/v2\/types\/post"}],"author":[{"embeddable":true,"href":"https:\/\/www.koncevisiontv.cl\/web\/wp-json\/wp\/v2\/users\/5"}],"replies":[{"embeddable":true,"href":"https:\/\/www.koncevisiontv.cl\/web\/wp-json\/wp\/v2\/comments?post=12016"}],"version-history":[{"count":1,"href":"https:\/\/www.koncevisiontv.cl\/web\/wp-json\/wp\/v2\/posts\/12016\/revisions"}],"predecessor-version":[{"id":12018,"href":"https:\/\/www.koncevisiontv.cl\/web\/wp-json\/wp\/v2\/posts\/12016\/revisions\/12018"}],"wp:featuredmedia":[{"embeddable":true,"href":"https:\/\/www.koncevisiontv.cl\/web\/wp-json\/wp\/v2\/media\/12017"}],"wp:attachment":[{"href":"https:\/\/www.koncevisiontv.cl\/web\/wp-json\/wp\/v2\/media?parent=12016"}],"wp:term":[{"taxonomy":"category","embeddable":true,"href":"https:\/\/www.koncevisiontv.cl\/web\/wp-json\/wp\/v2\/categories?post=12016"},{"taxonomy":"post_tag","embeddable":true,"href":"https:\/\/www.koncevisiontv.cl\/web\/wp-json\/wp\/v2\/tags?post=12016"}],"curies":[{"name":"wp","href":"https:\/\/api.w.org\/{rel}","templated":true}]}}