{"id":12022,"date":"2025-11-04T17:14:15","date_gmt":"2025-11-04T20:14:15","guid":{"rendered":"https:\/\/www.koncevisiontv.cl\/web\/?p=12022"},"modified":"2025-11-04T17:14:19","modified_gmt":"2025-11-04T20:14:19","slug":"pdi-investiga-al-core-alan-bastias-democratas-por-denuncia-de-presunta-agresion-sexual-en-chiguayante","status":"publish","type":"post","link":"https:\/\/www.koncevisiontv.cl\/web\/pdi-investiga-al-core-alan-bastias-democratas-por-denuncia-de-presunta-agresion-sexual-en-chiguayante\/","title":{"rendered":"PDI investiga al CORE Alan Bast\u00edas (Dem\u00f3cratas) por denuncia de presunta agresi\u00f3n sexual en Chiguayante"},"content":{"rendered":"\n<p class=\"wp-block-paragraph\">El Consejero Regional (CORE) del B\u00edo B\u00edo, Alan Bast\u00edas Urrutia, militante del Partido Dem\u00f3cratas, se encuentra bajo investigaci\u00f3n de la Brigada Investigadora de Delitos Sexuales (Brisex) de la PDI de Concepci\u00f3n, tras una denuncia por presunta agresi\u00f3n sexual ocurrida el pasado fin de semana en la comuna de Chiguayante.<\/p>\n\n\n\n<p class=\"wp-block-paragraph\">La denuncia fue presentada por una mujer adulta, quien afirm\u00f3 haber sido agredida en su domicilio particular por un hombre mayor de edad luego de compartir en una celebraci\u00f3n a la que asistieron familiares y amigos. Tras el incidente, la v\u00edctima acudi\u00f3 a un Cesfam en Chiguayante para la constataci\u00f3n de lesiones.<\/p>\n\n\n\n<p class=\"wp-block-paragraph\">El subprefecto Rodrigo Henr\u00edquez, jefe de la Brisex de Concepci\u00f3n, confirm\u00f3 que la polic\u00eda est\u00e1 realizando diversas diligencias instruidas por el Ministerio P\u00fablico para verificar los hechos. Entre las labores de la PDI se incluyen:<\/p>\n\n\n\n<ul class=\"wp-block-list\">\n<li><strong>Pericias<\/strong> sexol\u00f3gicas y bioqu\u00edmicas.<\/li>\n\n\n\n<li><strong>Empadronamiento<\/strong> y toma de declaraci\u00f3n de testigos que estuvieron en la celebraci\u00f3n.<\/li>\n\n\n\n<li><strong>Revisi\u00f3n<\/strong> de registros de c\u00e1maras de seguridad.<\/li>\n<\/ul>\n\n\n\n<p class=\"wp-block-paragraph\">La situaci\u00f3n ya es de conocimiento en el Concejo Regional, donde voces como la del consejero Marcelo Rivera han manifestado la necesidad de que el caso sea remitido a otras instancias. Los resultados de todas estas diligencias ser\u00e1n entregados a la Fiscal\u00eda Local de Concepci\u00f3n, que dirige la investigaci\u00f3n.<\/p>\n","protected":false},"excerpt":{"rendered":"<p>El Consejero Regional (CORE) del B\u00edo B\u00edo, Alan Bast\u00edas Urrutia, militante del Partido Dem\u00f3cratas, se encuentra bajo investigaci\u00f3n<\/p>\n","protected":false},"author":5,"featured_media":12023,"comment_status":"open","ping_status":"open","sticky":false,"template":"","format":"standard","meta":{"_crdt_document":"","_uag_custom_page_level_css":"","_sitemap_exclude":false,"_sitemap_priority":"","_sitemap_frequency":"","_joinchat":[],"footnotes":""},"categories":[484,489,14,457,471],"tags":[63],"class_list":["post-12022","post","type-post","status-publish","format-standard","has-post-thumbnail","hentry","category-abuso-sexual","category-chiguayante","category-nacional","category-pdi","category-regional","tag-regiondelbiobio"],"featured_image_urls":{"full":["https:\/\/www.koncevisiontv.cl\/web\/wp-content\/uploads\/2025\/11\/core-bio-bio-alan-bastias-investigado-por-agresion-sexual.png",1200,633,false],"thumbnail":["https:\/\/www.koncevisiontv.cl\/web\/wp-content\/uploads\/2025\/11\/core-bio-bio-alan-bastias-investigado-por-agresion-sexual-150x150.png",150,150,true],"medium":["https:\/\/www.koncevisiontv.cl\/web\/wp-content\/uploads\/2025\/11\/core-bio-bio-alan-bastias-investigado-por-agresion-sexual-300x158.png",300,158,true],"medium_large":["https:\/\/www.koncevisiontv.cl\/web\/wp-content\/uploads\/2025\/11\/core-bio-bio-alan-bastias-investigado-por-agresion-sexual-768x405.png",640,338,true],"large":["https:\/\/www.koncevisiontv.cl\/web\/wp-content\/uploads\/2025\/11\/core-bio-bio-alan-bastias-investigado-por-agresion-sexual-1024x540.png",640,338,true],"1536x1536":["https:\/\/www.koncevisiontv.cl\/web\/wp-content\/uploads\/2025\/11\/core-bio-bio-alan-bastias-investigado-por-agresion-sexual.png",1200,633,false],"2048x2048":["https:\/\/www.koncevisiontv.cl\/web\/wp-content\/uploads\/2025\/11\/core-bio-bio-alan-bastias-investigado-por-agresion-sexual.png",1200,633,false],"darknews-featured":["https:\/\/www.koncevisiontv.cl\/web\/wp-content\/uploads\/2025\/11\/core-bio-bio-alan-bastias-investigado-por-agresion-sexual-1024x540.png",1024,540,true],"darknews-large":["https:\/\/www.koncevisiontv.cl\/web\/wp-content\/uploads\/2025\/11\/core-bio-bio-alan-bastias-investigado-por-agresion-sexual-825x575.png",825,575,true],"darknews-medium":["https:\/\/www.koncevisiontv.cl\/web\/wp-content\/uploads\/2025\/11\/core-bio-bio-alan-bastias-investigado-por-agresion-sexual-590x410.png",590,410,true]},"author_info":{"info":["Web-Master"]},"category_info":"<a href=\"https:\/\/www.koncevisiontv.cl\/web\/category\/abuso-sexual\/\" rel=\"category tag\">Abuso Sexual<\/a> <a href=\"https:\/\/www.koncevisiontv.cl\/web\/category\/chiguayante\/\" rel=\"category tag\">Chiguayante<\/a> <a href=\"https:\/\/www.koncevisiontv.cl\/web\/category\/nacional\/\" rel=\"category tag\">Nacional<\/a> <a href=\"https:\/\/www.koncevisiontv.cl\/web\/category\/pdi\/\" rel=\"category tag\">PDI<\/a> <a href=\"https:\/\/www.koncevisiontv.cl\/web\/category\/regional\/\" rel=\"category tag\">Regional<\/a>","tag_info":"Regional","comment_count":"0","uagb_featured_image_src":{"full":["https:\/\/www.koncevisiontv.cl\/web\/wp-content\/uploads\/2025\/11\/core-bio-bio-alan-bastias-investigado-por-agresion-sexual.png",1200,633,false],"thumbnail":["https:\/\/www.koncevisiontv.cl\/web\/wp-content\/uploads\/2025\/11\/core-bio-bio-alan-bastias-investigado-por-agresion-sexual-150x150.png",150,150,true],"medium":["https:\/\/www.koncevisiontv.cl\/web\/wp-content\/uploads\/2025\/11\/core-bio-bio-alan-bastias-investigado-por-agresion-sexual-300x158.png",300,158,true],"medium_large":["https:\/\/www.koncevisiontv.cl\/web\/wp-content\/uploads\/2025\/11\/core-bio-bio-alan-bastias-investigado-por-agresion-sexual-768x405.png",640,338,true],"large":["https:\/\/www.koncevisiontv.cl\/web\/wp-content\/uploads\/2025\/11\/core-bio-bio-alan-bastias-investigado-por-agresion-sexual-1024x540.png",640,338,true],"1536x1536":["https:\/\/www.koncevisiontv.cl\/web\/wp-content\/uploads\/2025\/11\/core-bio-bio-alan-bastias-investigado-por-agresion-sexual.png",1200,633,false],"2048x2048":["https:\/\/www.koncevisiontv.cl\/web\/wp-content\/uploads\/2025\/11\/core-bio-bio-alan-bastias-investigado-por-agresion-sexual.png",1200,633,false],"darknews-featured":["https:\/\/www.koncevisiontv.cl\/web\/wp-content\/uploads\/2025\/11\/core-bio-bio-alan-bastias-investigado-por-agresion-sexual-1024x540.png",1024,540,true],"darknews-large":["https:\/\/www.koncevisiontv.cl\/web\/wp-content\/uploads\/2025\/11\/core-bio-bio-alan-bastias-investigado-por-agresion-sexual-825x575.png",825,575,true],"darknews-medium":["https:\/\/www.koncevisiontv.cl\/web\/wp-content\/uploads\/2025\/11\/core-bio-bio-alan-bastias-investigado-por-agresion-sexual-590x410.png",590,410,true]},"uagb_author_info":{"display_name":"Web-Master","author_link":"https:\/\/www.koncevisiontv.cl\/web\/author\/koncevision\/"},"uagb_comment_info":0,"uagb_excerpt":"El Consejero Regional (CORE) del B\u00edo B\u00edo, Alan Bast\u00edas Urrutia, militante del Partido Dem\u00f3cratas, se encuentra bajo investigaci\u00f3n","_links":{"self":[{"href":"https:\/\/www.koncevisiontv.cl\/web\/wp-json\/wp\/v2\/posts\/12022","targetHints":{"allow":["GET"]}}],"collection":[{"href":"https:\/\/www.koncevisiontv.cl\/web\/wp-json\/wp\/v2\/posts"}],"about":[{"href":"https:\/\/www.koncevisiontv.cl\/web\/wp-json\/wp\/v2\/types\/post"}],"author":[{"embeddable":true,"href":"https:\/\/www.koncevisiontv.cl\/web\/wp-json\/wp\/v2\/users\/5"}],"replies":[{"embeddable":true,"href":"https:\/\/www.koncevisiontv.cl\/web\/wp-json\/wp\/v2\/comments?post=12022"}],"version-history":[{"count":1,"href":"https:\/\/www.koncevisiontv.cl\/web\/wp-json\/wp\/v2\/posts\/12022\/revisions"}],"predecessor-version":[{"id":12024,"href":"https:\/\/www.koncevisiontv.cl\/web\/wp-json\/wp\/v2\/posts\/12022\/revisions\/12024"}],"wp:featuredmedia":[{"embeddable":true,"href":"https:\/\/www.koncevisiontv.cl\/web\/wp-json\/wp\/v2\/media\/12023"}],"wp:attachment":[{"href":"https:\/\/www.koncevisiontv.cl\/web\/wp-json\/wp\/v2\/media?parent=12022"}],"wp:term":[{"taxonomy":"category","embeddable":true,"href":"https:\/\/www.koncevisiontv.cl\/web\/wp-json\/wp\/v2\/categories?post=12022"},{"taxonomy":"post_tag","embeddable":true,"href":"https:\/\/www.koncevisiontv.cl\/web\/wp-json\/wp\/v2\/tags?post=12022"}],"curies":[{"name":"wp","href":"https:\/\/api.w.org\/{rel}","templated":true}]}}