{"id":12037,"date":"2025-11-05T12:28:33","date_gmt":"2025-11-05T15:28:33","guid":{"rendered":"https:\/\/www.koncevisiontv.cl\/web\/?p=12037"},"modified":"2025-11-05T12:28:37","modified_gmt":"2025-11-05T15:28:37","slug":"ataque-armado-en-quillota-sujetos-en-motocicleta-disparan-contra-cuatro-hombres-dejando-a-dos-en-riesgo-vital","status":"publish","type":"post","link":"https:\/\/www.koncevisiontv.cl\/web\/ataque-armado-en-quillota-sujetos-en-motocicleta-disparan-contra-cuatro-hombres-dejando-a-dos-en-riesgo-vital\/","title":{"rendered":"Ataque armado en Quillota: Sujetos en motocicleta disparan contra cuatro hombres, dejando a dos en riesgo vital"},"content":{"rendered":"\n<p class=\"wp-block-paragraph\">Un violento incidente se registr\u00f3 en la comuna de Quillota durante la noche del pasado lunes, cuando desconocidos que se movilizaban en una motocicleta atacaron a tiros a un grupo de cuatro personas. El saldo fue de cuatro lesionados, dos de los cuales se encuentran actualmente en estado de extrema gravedad.<\/p>\n\n\n\n<p class=\"wp-block-paragraph\">El ataque se produjo en la intersecci\u00f3n de las calles San Vicente con Los L\u00facumos, en la Poblaci\u00f3n Beatita Benavides. Las v\u00edctimas fueron identificadas como dos ciudadanos colombianos, un venezolano y un chileno.<\/p>\n\n\n\n<p class=\"wp-block-paragraph\">Tras el tiroteo, el veh\u00edculo que transportaba a los cuatro heridos se dirigi\u00f3 de urgencia al Hospital Biprovincial Quillota Petorca. Sin embargo, en el trayecto, el veh\u00edculo sufri\u00f3 un accidente al colisionar con otra motocicleta que no estaba involucrada en la balacera.<\/p>\n\n\n\n<p class=\"wp-block-paragraph\">La investigaci\u00f3n del caso qued\u00f3 a cargo de la Brigada de Homicidios de Valpara\u00edso de la PDI. El subprefecto Rodrigo Gallardo confirm\u00f3 la identificaci\u00f3n de las v\u00edctimas. Por su parte, el fiscal de Turno y del Equipo de Crimen Organizado, Sergio Morales, se\u00f1al\u00f3 que, si bien se est\u00e1 trabajando activamente en las diligencias, <strong>a\u00fan no se logra la identificaci\u00f3n ni la captura de los responsables<\/strong> del ataque.<\/p>\n\n\n\n<p class=\"wp-block-paragraph\">Hasta el momento, dos de los cuatro hombres heridos a bala permanecen hospitalizados con pron\u00f3stico reservado, en <strong>riesgo vital<\/strong>.<\/p>\n","protected":false},"excerpt":{"rendered":"<p>Un violento incidente se registr\u00f3 en la comuna de Quillota durante la noche del pasado lunes, cuando desconocidos<\/p>\n","protected":false},"author":5,"featured_media":12038,"comment_status":"open","ping_status":"open","sticky":false,"template":"","format":"standard","meta":{"_crdt_document":"","_uag_custom_page_level_css":"","_sitemap_exclude":false,"_sitemap_priority":"","_sitemap_frequency":"","_joinchat":[],"footnotes":""},"categories":[14,500,485],"tags":[476],"class_list":["post-12037","post","type-post","status-publish","format-standard","has-post-thumbnail","hentry","category-nacional","category-quillota","category-violencia","tag-region-de-valparaiso"],"featured_image_urls":{"full":["https:\/\/www.koncevisiontv.cl\/web\/wp-content\/uploads\/2025\/11\/comercio-ilegal-52.png",1200,633,false],"thumbnail":["https:\/\/www.koncevisiontv.cl\/web\/wp-content\/uploads\/2025\/11\/comercio-ilegal-52-150x150.png",150,150,true],"medium":["https:\/\/www.koncevisiontv.cl\/web\/wp-content\/uploads\/2025\/11\/comercio-ilegal-52-300x158.png",300,158,true],"medium_large":["https:\/\/www.koncevisiontv.cl\/web\/wp-content\/uploads\/2025\/11\/comercio-ilegal-52-768x405.png",640,338,true],"large":["https:\/\/www.koncevisiontv.cl\/web\/wp-content\/uploads\/2025\/11\/comercio-ilegal-52-1024x540.png",640,338,true],"1536x1536":["https:\/\/www.koncevisiontv.cl\/web\/wp-content\/uploads\/2025\/11\/comercio-ilegal-52.png",1200,633,false],"2048x2048":["https:\/\/www.koncevisiontv.cl\/web\/wp-content\/uploads\/2025\/11\/comercio-ilegal-52.png",1200,633,false],"darknews-featured":["https:\/\/www.koncevisiontv.cl\/web\/wp-content\/uploads\/2025\/11\/comercio-ilegal-52-1024x540.png",1024,540,true],"darknews-large":["https:\/\/www.koncevisiontv.cl\/web\/wp-content\/uploads\/2025\/11\/comercio-ilegal-52-825x575.png",825,575,true],"darknews-medium":["https:\/\/www.koncevisiontv.cl\/web\/wp-content\/uploads\/2025\/11\/comercio-ilegal-52-590x410.png",590,410,true]},"author_info":{"info":["Web-Master"]},"category_info":"<a href=\"https:\/\/www.koncevisiontv.cl\/web\/category\/nacional\/\" rel=\"category tag\">Nacional<\/a> <a href=\"https:\/\/www.koncevisiontv.cl\/web\/category\/quillota\/\" rel=\"category tag\">Quillota<\/a> <a href=\"https:\/\/www.koncevisiontv.cl\/web\/category\/violencia\/\" rel=\"category tag\">Violencia<\/a>","tag_info":"Violencia","comment_count":"0","uagb_featured_image_src":{"full":["https:\/\/www.koncevisiontv.cl\/web\/wp-content\/uploads\/2025\/11\/comercio-ilegal-52.png",1200,633,false],"thumbnail":["https:\/\/www.koncevisiontv.cl\/web\/wp-content\/uploads\/2025\/11\/comercio-ilegal-52-150x150.png",150,150,true],"medium":["https:\/\/www.koncevisiontv.cl\/web\/wp-content\/uploads\/2025\/11\/comercio-ilegal-52-300x158.png",300,158,true],"medium_large":["https:\/\/www.koncevisiontv.cl\/web\/wp-content\/uploads\/2025\/11\/comercio-ilegal-52-768x405.png",640,338,true],"large":["https:\/\/www.koncevisiontv.cl\/web\/wp-content\/uploads\/2025\/11\/comercio-ilegal-52-1024x540.png",640,338,true],"1536x1536":["https:\/\/www.koncevisiontv.cl\/web\/wp-content\/uploads\/2025\/11\/comercio-ilegal-52.png",1200,633,false],"2048x2048":["https:\/\/www.koncevisiontv.cl\/web\/wp-content\/uploads\/2025\/11\/comercio-ilegal-52.png",1200,633,false],"darknews-featured":["https:\/\/www.koncevisiontv.cl\/web\/wp-content\/uploads\/2025\/11\/comercio-ilegal-52-1024x540.png",1024,540,true],"darknews-large":["https:\/\/www.koncevisiontv.cl\/web\/wp-content\/uploads\/2025\/11\/comercio-ilegal-52-825x575.png",825,575,true],"darknews-medium":["https:\/\/www.koncevisiontv.cl\/web\/wp-content\/uploads\/2025\/11\/comercio-ilegal-52-590x410.png",590,410,true]},"uagb_author_info":{"display_name":"Web-Master","author_link":"https:\/\/www.koncevisiontv.cl\/web\/author\/koncevision\/"},"uagb_comment_info":0,"uagb_excerpt":"Un violento incidente se registr\u00f3 en la comuna de Quillota durante la noche del pasado lunes, cuando desconocidos","_links":{"self":[{"href":"https:\/\/www.koncevisiontv.cl\/web\/wp-json\/wp\/v2\/posts\/12037","targetHints":{"allow":["GET"]}}],"collection":[{"href":"https:\/\/www.koncevisiontv.cl\/web\/wp-json\/wp\/v2\/posts"}],"about":[{"href":"https:\/\/www.koncevisiontv.cl\/web\/wp-json\/wp\/v2\/types\/post"}],"author":[{"embeddable":true,"href":"https:\/\/www.koncevisiontv.cl\/web\/wp-json\/wp\/v2\/users\/5"}],"replies":[{"embeddable":true,"href":"https:\/\/www.koncevisiontv.cl\/web\/wp-json\/wp\/v2\/comments?post=12037"}],"version-history":[{"count":1,"href":"https:\/\/www.koncevisiontv.cl\/web\/wp-json\/wp\/v2\/posts\/12037\/revisions"}],"predecessor-version":[{"id":12039,"href":"https:\/\/www.koncevisiontv.cl\/web\/wp-json\/wp\/v2\/posts\/12037\/revisions\/12039"}],"wp:featuredmedia":[{"embeddable":true,"href":"https:\/\/www.koncevisiontv.cl\/web\/wp-json\/wp\/v2\/media\/12038"}],"wp:attachment":[{"href":"https:\/\/www.koncevisiontv.cl\/web\/wp-json\/wp\/v2\/media?parent=12037"}],"wp:term":[{"taxonomy":"category","embeddable":true,"href":"https:\/\/www.koncevisiontv.cl\/web\/wp-json\/wp\/v2\/categories?post=12037"},{"taxonomy":"post_tag","embeddable":true,"href":"https:\/\/www.koncevisiontv.cl\/web\/wp-json\/wp\/v2\/tags?post=12037"}],"curies":[{"name":"wp","href":"https:\/\/api.w.org\/{rel}","templated":true}]}}