{"id":1204,"date":"2024-08-25T22:10:45","date_gmt":"2024-08-26T02:10:45","guid":{"rendered":"https:\/\/www.koncevisiontv.cl\/web\/?p=1204"},"modified":"2024-08-25T23:06:03","modified_gmt":"2024-08-26T03:06:03","slug":"vuelco-en-homicidio-de-carabinero-en-teatro-caupolican-detienen-a-otro-uniformado-que-confeso-el-disparo","status":"publish","type":"post","link":"https:\/\/www.koncevisiontv.cl\/web\/vuelco-en-homicidio-de-carabinero-en-teatro-caupolican-detienen-a-otro-uniformado-que-confeso-el-disparo\/","title":{"rendered":"Vuelco en Homicidio de Carabinero en Teatro Caupolic\u00e1n: Detienen a Otro Uniformado que Confes\u00f3 el Disparo"},"content":{"rendered":"<h2>Homicidio de carabinero en cercan\u00edas del Teatro Caupolic\u00e1n<\/h2>\n<p><img loading=\"lazy\" decoding=\"async\" class=\"size-full wp-image-1197 alignnone\" src=\"https:\/\/www.koncevisiontv.cl\/web\/wp-content\/uploads\/2024\/08\/STTNKOFOPZF5BAQFQPUKXO27GU.jpeg\" alt=\"\" width=\"690\" height=\"502\" title=\"\" srcset=\"https:\/\/www.koncevisiontv.cl\/web\/wp-content\/uploads\/2024\/08\/STTNKOFOPZF5BAQFQPUKXO27GU.jpeg 690w, https:\/\/www.koncevisiontv.cl\/web\/wp-content\/uploads\/2024\/08\/STTNKOFOPZF5BAQFQPUKXO27GU-300x218.jpeg 300w\" sizes=\"auto, (max-width: 690px) 100vw, 690px\" \/><\/p>\n<p>&nbsp;<\/p>\n<p>El caso del asesinato del sargento Rodrigo Puga Herrera, ocurrido cerca del Teatro Caupolic\u00e1n, dio un giro significativo este domingo cuando se confirm\u00f3 la detenci\u00f3n de un segundo carabinero involucrado. Inicialmente, se report\u00f3 que Puga, quien se encontraba de franco, fue baleado durante una disputa afuera del teatro tras asistir a un concierto. La v\u00edctima muri\u00f3 minutos despu\u00e9s en la ex Posta Central debido a la gravedad de las heridas.<\/p>\n<p>Nuevos antecedentes indican que tanto Puga como el otro carabinero estaban realizando labores de seguridad privada en el teatro. Seg\u00fan el coronel Fernando Albornoz, el segundo carabinero habr\u00eda disparado con un arma particular debidamente registrada. Se est\u00e1n realizando pericias cient\u00edficas para determinar si los disparos efectuados por este carabinero coinciden con los que causaron la muerte de Puga.<\/p>\n<p>El detenido ha confesado su participaci\u00f3n en el incidente, pero a\u00fan no se ha confirmado si fue el autor del disparo que mat\u00f3 a su colega. Las investigaciones y las pruebas bal\u00edsticas son clave para esclarecer este tr\u00e1gico hecho.<\/p>\n<p>&nbsp;<\/p>\n<p>&nbsp;<\/p>\n<p>&nbsp;<\/p>\n<p>&nbsp;<\/p>\n<p>&nbsp;<\/p>\n<p>&nbsp;<\/p>\n","protected":false},"excerpt":{"rendered":"<p>Homicidio de carabinero en cercan\u00edas del Teatro Caupolic\u00e1n &nbsp; El caso del asesinato del sargento Rodrigo Puga Herrera,<\/p>\n","protected":false},"author":5,"featured_media":1197,"comment_status":"open","ping_status":"open","sticky":false,"template":"","format":"standard","meta":{"_crdt_document":"","_uag_custom_page_level_css":"","_sitemap_exclude":false,"_sitemap_priority":"","_sitemap_frequency":"","_joinchat":[],"footnotes":""},"categories":[209,205,204],"tags":[],"class_list":["post-1204","post","type-post","status-publish","format-standard","has-post-thumbnail","hentry","category-homicidio","category-impacto","category-rm"],"featured_image_urls":{"full":["https:\/\/www.koncevisiontv.cl\/web\/wp-content\/uploads\/2024\/08\/STTNKOFOPZF5BAQFQPUKXO27GU.jpeg",690,502,false],"thumbnail":["https:\/\/www.koncevisiontv.cl\/web\/wp-content\/uploads\/2024\/08\/STTNKOFOPZF5BAQFQPUKXO27GU-150x150.jpeg",150,150,true],"medium":["https:\/\/www.koncevisiontv.cl\/web\/wp-content\/uploads\/2024\/08\/STTNKOFOPZF5BAQFQPUKXO27GU-300x218.jpeg",300,218,true],"medium_large":["https:\/\/www.koncevisiontv.cl\/web\/wp-content\/uploads\/2024\/08\/STTNKOFOPZF5BAQFQPUKXO27GU.jpeg",640,466,false],"large":["https:\/\/www.koncevisiontv.cl\/web\/wp-content\/uploads\/2024\/08\/STTNKOFOPZF5BAQFQPUKXO27GU.jpeg",640,466,false],"1536x1536":["https:\/\/www.koncevisiontv.cl\/web\/wp-content\/uploads\/2024\/08\/STTNKOFOPZF5BAQFQPUKXO27GU.jpeg",690,502,false],"2048x2048":["https:\/\/www.koncevisiontv.cl\/web\/wp-content\/uploads\/2024\/08\/STTNKOFOPZF5BAQFQPUKXO27GU.jpeg",690,502,false],"darknews-featured":["https:\/\/www.koncevisiontv.cl\/web\/wp-content\/uploads\/2024\/08\/STTNKOFOPZF5BAQFQPUKXO27GU.jpeg",690,502,false],"darknews-large":["https:\/\/www.koncevisiontv.cl\/web\/wp-content\/uploads\/2024\/08\/STTNKOFOPZF5BAQFQPUKXO27GU.jpeg",690,502,false],"darknews-medium":["https:\/\/www.koncevisiontv.cl\/web\/wp-content\/uploads\/2024\/08\/STTNKOFOPZF5BAQFQPUKXO27GU-590x410.jpeg",590,410,true]},"author_info":{"info":["Web-Master"]},"category_info":"<a href=\"https:\/\/www.koncevisiontv.cl\/web\/category\/homicidio\/\" rel=\"category tag\">Homicidio<\/a> <a href=\"https:\/\/www.koncevisiontv.cl\/web\/category\/impacto\/\" rel=\"category tag\">Impacto<\/a> <a href=\"https:\/\/www.koncevisiontv.cl\/web\/category\/rm\/\" rel=\"category tag\">RM<\/a>","tag_info":"RM","comment_count":"0","uagb_featured_image_src":{"full":["https:\/\/www.koncevisiontv.cl\/web\/wp-content\/uploads\/2024\/08\/STTNKOFOPZF5BAQFQPUKXO27GU.jpeg",690,502,false],"thumbnail":["https:\/\/www.koncevisiontv.cl\/web\/wp-content\/uploads\/2024\/08\/STTNKOFOPZF5BAQFQPUKXO27GU-150x150.jpeg",150,150,true],"medium":["https:\/\/www.koncevisiontv.cl\/web\/wp-content\/uploads\/2024\/08\/STTNKOFOPZF5BAQFQPUKXO27GU-300x218.jpeg",300,218,true],"medium_large":["https:\/\/www.koncevisiontv.cl\/web\/wp-content\/uploads\/2024\/08\/STTNKOFOPZF5BAQFQPUKXO27GU.jpeg",640,466,false],"large":["https:\/\/www.koncevisiontv.cl\/web\/wp-content\/uploads\/2024\/08\/STTNKOFOPZF5BAQFQPUKXO27GU.jpeg",640,466,false],"1536x1536":["https:\/\/www.koncevisiontv.cl\/web\/wp-content\/uploads\/2024\/08\/STTNKOFOPZF5BAQFQPUKXO27GU.jpeg",690,502,false],"2048x2048":["https:\/\/www.koncevisiontv.cl\/web\/wp-content\/uploads\/2024\/08\/STTNKOFOPZF5BAQFQPUKXO27GU.jpeg",690,502,false],"darknews-featured":["https:\/\/www.koncevisiontv.cl\/web\/wp-content\/uploads\/2024\/08\/STTNKOFOPZF5BAQFQPUKXO27GU.jpeg",690,502,false],"darknews-large":["https:\/\/www.koncevisiontv.cl\/web\/wp-content\/uploads\/2024\/08\/STTNKOFOPZF5BAQFQPUKXO27GU.jpeg",690,502,false],"darknews-medium":["https:\/\/www.koncevisiontv.cl\/web\/wp-content\/uploads\/2024\/08\/STTNKOFOPZF5BAQFQPUKXO27GU-590x410.jpeg",590,410,true]},"uagb_author_info":{"display_name":"Web-Master","author_link":"https:\/\/www.koncevisiontv.cl\/web\/author\/koncevision\/"},"uagb_comment_info":0,"uagb_excerpt":"Homicidio de carabinero en cercan\u00edas del Teatro Caupolic\u00e1n &nbsp; El caso del asesinato del sargento Rodrigo Puga Herrera,","_links":{"self":[{"href":"https:\/\/www.koncevisiontv.cl\/web\/wp-json\/wp\/v2\/posts\/1204","targetHints":{"allow":["GET"]}}],"collection":[{"href":"https:\/\/www.koncevisiontv.cl\/web\/wp-json\/wp\/v2\/posts"}],"about":[{"href":"https:\/\/www.koncevisiontv.cl\/web\/wp-json\/wp\/v2\/types\/post"}],"author":[{"embeddable":true,"href":"https:\/\/www.koncevisiontv.cl\/web\/wp-json\/wp\/v2\/users\/5"}],"replies":[{"embeddable":true,"href":"https:\/\/www.koncevisiontv.cl\/web\/wp-json\/wp\/v2\/comments?post=1204"}],"version-history":[{"count":1,"href":"https:\/\/www.koncevisiontv.cl\/web\/wp-json\/wp\/v2\/posts\/1204\/revisions"}],"predecessor-version":[{"id":1205,"href":"https:\/\/www.koncevisiontv.cl\/web\/wp-json\/wp\/v2\/posts\/1204\/revisions\/1205"}],"wp:featuredmedia":[{"embeddable":true,"href":"https:\/\/www.koncevisiontv.cl\/web\/wp-json\/wp\/v2\/media\/1197"}],"wp:attachment":[{"href":"https:\/\/www.koncevisiontv.cl\/web\/wp-json\/wp\/v2\/media?parent=1204"}],"wp:term":[{"taxonomy":"category","embeddable":true,"href":"https:\/\/www.koncevisiontv.cl\/web\/wp-json\/wp\/v2\/categories?post=1204"},{"taxonomy":"post_tag","embeddable":true,"href":"https:\/\/www.koncevisiontv.cl\/web\/wp-json\/wp\/v2\/tags?post=1204"}],"curies":[{"name":"wp","href":"https:\/\/api.w.org\/{rel}","templated":true}]}}