{"id":12046,"date":"2025-11-05T16:01:03","date_gmt":"2025-11-05T19:01:03","guid":{"rendered":"https:\/\/www.koncevisiontv.cl\/web\/?p=12046"},"modified":"2025-11-05T16:01:06","modified_gmt":"2025-11-05T19:01:06","slug":"argentina-flexibiliza-normativa-de-armas-gobierno-de-milei-autoriza-a-civiles-la-adquisicion-de-fusiles-semiautomaticos","status":"publish","type":"post","link":"https:\/\/www.koncevisiontv.cl\/web\/argentina-flexibiliza-normativa-de-armas-gobierno-de-milei-autoriza-a-civiles-la-adquisicion-de-fusiles-semiautomaticos\/","title":{"rendered":"Argentina flexibiliza normativa de armas: Gobierno de Milei autoriza a civiles la adquisici\u00f3n de fusiles semiautom\u00e1ticos"},"content":{"rendered":"\n<p class=\"wp-block-paragraph\">El Gobierno del presidente argentino, Javier Milei, ha derogado una restricci\u00f3n vigente desde los a\u00f1os noventa para permitir la compra y tenencia de <strong>fusiles semiautom\u00e1ticos<\/strong> por parte de la poblaci\u00f3n civil. La medida, oficializada este martes en el Bolet\u00edn Oficial, establece un nuevo marco regulatorio para usuarios y entidades de tiro.<\/p>\n\n\n\n<p class=\"wp-block-paragraph\">La resoluci\u00f3n habilita a los ciudadanos para adquirir y poseer armas semiautom\u00e1ticas que sean derivadas de modelos militares, tales como carabinas, fusiles o subametralladoras de asalto. Esta acci\u00f3n cumple con una de las promesas de campa\u00f1a de Milei, quien se ha manifestado consistentemente a favor de la flexibilizaci\u00f3n en el acceso y porte de armas, inspir\u00e1ndose en el modelo de Estados Unidos.<\/p>\n\n\n\n<p class=\"wp-block-paragraph\"><strong>Requisitos para la Adquisici\u00f3n:<\/strong><\/p>\n\n\n\n<p class=\"wp-block-paragraph\">Para poder acceder a este tipo de armamento, los solicitantes deber\u00e1n cumplir con varios requisitos estrictos:<\/p>\n\n\n\n<ul class=\"wp-block-list\">\n<li>Identificar con precisi\u00f3n el arma que desean adquirir.<\/li>\n\n\n\n<li>Poseer un <strong>Sector de Guarda registrado tipo G2<\/strong>, un sistema de almacenamiento seguro y certificado por el Registro Nacional de Armas (RENAR).<\/li>\n\n\n\n<li>Presentar una declaraci\u00f3n jurada que fundamente la solicitud, acompa\u00f1ada de fotograf\u00edas y documentaci\u00f3n probatoria del material.<\/li>\n<\/ul>\n\n\n\n<p class=\"wp-block-paragraph\">Esta reforma sustituye un decreto de la d\u00e9cada de 1990 que prohib\u00eda a los civiles la adquisici\u00f3n de fusiles semiautom\u00e1ticos sin una autorizaci\u00f3n directa del Ministerio de Defensa. La medida se suma a una modificaci\u00f3n previa realizada en diciembre de 2024, cuando se redujo a 18 a\u00f1os la edad m\u00ednima requerida para tramitar la credencial de &#8220;leg\u00edtimo usuario de armas&#8221; en el pa\u00eds.<\/p>\n","protected":false},"excerpt":{"rendered":"<p>El Gobierno del presidente argentino, Javier Milei, ha derogado una restricci\u00f3n vigente desde los a\u00f1os noventa para permitir<\/p>\n","protected":false},"author":5,"featured_media":12047,"comment_status":"open","ping_status":"open","sticky":false,"template":"","format":"standard","meta":{"_crdt_document":"","_uag_custom_page_level_css":"","_sitemap_exclude":false,"_sitemap_priority":"","_sitemap_frequency":"","_joinchat":[],"footnotes":""},"categories":[501,427],"tags":[454],"class_list":["post-12046","post","type-post","status-publish","format-standard","has-post-thumbnail","hentry","category-argentina","category-politica-2","tag-internacional"],"featured_image_urls":{"full":["https:\/\/www.koncevisiontv.cl\/web\/wp-content\/uploads\/2025\/11\/fusil-semiautomatico.png",1200,633,false],"thumbnail":["https:\/\/www.koncevisiontv.cl\/web\/wp-content\/uploads\/2025\/11\/fusil-semiautomatico-150x150.png",150,150,true],"medium":["https:\/\/www.koncevisiontv.cl\/web\/wp-content\/uploads\/2025\/11\/fusil-semiautomatico-300x158.png",300,158,true],"medium_large":["https:\/\/www.koncevisiontv.cl\/web\/wp-content\/uploads\/2025\/11\/fusil-semiautomatico-768x405.png",640,338,true],"large":["https:\/\/www.koncevisiontv.cl\/web\/wp-content\/uploads\/2025\/11\/fusil-semiautomatico-1024x540.png",640,338,true],"1536x1536":["https:\/\/www.koncevisiontv.cl\/web\/wp-content\/uploads\/2025\/11\/fusil-semiautomatico.png",1200,633,false],"2048x2048":["https:\/\/www.koncevisiontv.cl\/web\/wp-content\/uploads\/2025\/11\/fusil-semiautomatico.png",1200,633,false],"darknews-featured":["https:\/\/www.koncevisiontv.cl\/web\/wp-content\/uploads\/2025\/11\/fusil-semiautomatico-1024x540.png",1024,540,true],"darknews-large":["https:\/\/www.koncevisiontv.cl\/web\/wp-content\/uploads\/2025\/11\/fusil-semiautomatico-825x575.png",825,575,true],"darknews-medium":["https:\/\/www.koncevisiontv.cl\/web\/wp-content\/uploads\/2025\/11\/fusil-semiautomatico-590x410.png",590,410,true]},"author_info":{"info":["Web-Master"]},"category_info":"<a href=\"https:\/\/www.koncevisiontv.cl\/web\/category\/argentina\/\" rel=\"category tag\">Argentina<\/a> <a href=\"https:\/\/www.koncevisiontv.cl\/web\/category\/politica-2\/\" rel=\"category tag\">Pol\u00edtica<\/a>","tag_info":"Pol\u00edtica","comment_count":"0","uagb_featured_image_src":{"full":["https:\/\/www.koncevisiontv.cl\/web\/wp-content\/uploads\/2025\/11\/fusil-semiautomatico.png",1200,633,false],"thumbnail":["https:\/\/www.koncevisiontv.cl\/web\/wp-content\/uploads\/2025\/11\/fusil-semiautomatico-150x150.png",150,150,true],"medium":["https:\/\/www.koncevisiontv.cl\/web\/wp-content\/uploads\/2025\/11\/fusil-semiautomatico-300x158.png",300,158,true],"medium_large":["https:\/\/www.koncevisiontv.cl\/web\/wp-content\/uploads\/2025\/11\/fusil-semiautomatico-768x405.png",640,338,true],"large":["https:\/\/www.koncevisiontv.cl\/web\/wp-content\/uploads\/2025\/11\/fusil-semiautomatico-1024x540.png",640,338,true],"1536x1536":["https:\/\/www.koncevisiontv.cl\/web\/wp-content\/uploads\/2025\/11\/fusil-semiautomatico.png",1200,633,false],"2048x2048":["https:\/\/www.koncevisiontv.cl\/web\/wp-content\/uploads\/2025\/11\/fusil-semiautomatico.png",1200,633,false],"darknews-featured":["https:\/\/www.koncevisiontv.cl\/web\/wp-content\/uploads\/2025\/11\/fusil-semiautomatico-1024x540.png",1024,540,true],"darknews-large":["https:\/\/www.koncevisiontv.cl\/web\/wp-content\/uploads\/2025\/11\/fusil-semiautomatico-825x575.png",825,575,true],"darknews-medium":["https:\/\/www.koncevisiontv.cl\/web\/wp-content\/uploads\/2025\/11\/fusil-semiautomatico-590x410.png",590,410,true]},"uagb_author_info":{"display_name":"Web-Master","author_link":"https:\/\/www.koncevisiontv.cl\/web\/author\/koncevision\/"},"uagb_comment_info":0,"uagb_excerpt":"El Gobierno del presidente argentino, Javier Milei, ha derogado una restricci\u00f3n vigente desde los a\u00f1os noventa para permitir","_links":{"self":[{"href":"https:\/\/www.koncevisiontv.cl\/web\/wp-json\/wp\/v2\/posts\/12046","targetHints":{"allow":["GET"]}}],"collection":[{"href":"https:\/\/www.koncevisiontv.cl\/web\/wp-json\/wp\/v2\/posts"}],"about":[{"href":"https:\/\/www.koncevisiontv.cl\/web\/wp-json\/wp\/v2\/types\/post"}],"author":[{"embeddable":true,"href":"https:\/\/www.koncevisiontv.cl\/web\/wp-json\/wp\/v2\/users\/5"}],"replies":[{"embeddable":true,"href":"https:\/\/www.koncevisiontv.cl\/web\/wp-json\/wp\/v2\/comments?post=12046"}],"version-history":[{"count":1,"href":"https:\/\/www.koncevisiontv.cl\/web\/wp-json\/wp\/v2\/posts\/12046\/revisions"}],"predecessor-version":[{"id":12048,"href":"https:\/\/www.koncevisiontv.cl\/web\/wp-json\/wp\/v2\/posts\/12046\/revisions\/12048"}],"wp:featuredmedia":[{"embeddable":true,"href":"https:\/\/www.koncevisiontv.cl\/web\/wp-json\/wp\/v2\/media\/12047"}],"wp:attachment":[{"href":"https:\/\/www.koncevisiontv.cl\/web\/wp-json\/wp\/v2\/media?parent=12046"}],"wp:term":[{"taxonomy":"category","embeddable":true,"href":"https:\/\/www.koncevisiontv.cl\/web\/wp-json\/wp\/v2\/categories?post=12046"},{"taxonomy":"post_tag","embeddable":true,"href":"https:\/\/www.koncevisiontv.cl\/web\/wp-json\/wp\/v2\/tags?post=12046"}],"curies":[{"name":"wp","href":"https:\/\/api.w.org\/{rel}","templated":true}]}}