{"id":12049,"date":"2025-11-05T16:10:34","date_gmt":"2025-11-05T19:10:34","guid":{"rendered":"https:\/\/www.koncevisiontv.cl\/web\/?p=12049"},"modified":"2025-11-05T16:10:37","modified_gmt":"2025-11-05T19:10:37","slug":"funcionarios-publicos-exigiran-reajuste-salarial-del-7-y-rechazan-la-congelacion-de-sueldos-propuesta-por-el-gobierno","status":"publish","type":"post","link":"https:\/\/www.koncevisiontv.cl\/web\/funcionarios-publicos-exigiran-reajuste-salarial-del-7-y-rechazan-la-congelacion-de-sueldos-propuesta-por-el-gobierno\/","title":{"rendered":"Funcionarios p\u00fablicos exigir\u00e1n reajuste salarial del 7% y rechazan la congelaci\u00f3n de sueldos propuesta por el Gobierno"},"content":{"rendered":"\n<p class=\"wp-block-paragraph\">En medio de la paralizaci\u00f3n de la discusi\u00f3n del Presupuesto 2026, se ha abierto un nuevo foco de conflicto entre el Gobierno y las asociaciones de trabajadores fiscales: el reajuste al sector p\u00fablico. Los gremios han manifestado su rotunda oposici\u00f3n a que los funcionarios sean quienes asuman el costo de los <strong>&#8220;ajustes del Estado&#8221;<\/strong> en la pol\u00edtica fiscal.<\/p>\n\n\n\n<p class=\"wp-block-paragraph\">La tensi\u00f3n surge porque, siguiendo una recomendaci\u00f3n de una comisi\u00f3n asesora, el Gobierno ha propuesto <strong>mantener los sueldos del sector p\u00fablico en valores nominales de 2025<\/strong>. Esta medida implicar\u00eda un ahorro fiscal a corto plazo de <strong>$524.938 millones<\/strong>, al no considerar el ajuste por inflaci\u00f3n.<\/p>\n\n\n\n<p class=\"wp-block-paragraph\">Sin embargo, los representantes de la mesa del sector p\u00fablico, incluyendo a la Agrupaci\u00f3n Nacional de Empleados Fiscales (ANEF), han anunciado que la cifra que solicitar\u00e1n en la negociaci\u00f3n asciende al <strong>7%<\/strong>.<\/p>\n\n\n\n<p class=\"wp-block-paragraph\"><strong>Fundamento de la Solicitud:<\/strong><\/p>\n\n\n\n<p class=\"wp-block-paragraph\">El presidente de la ANEF, Jos\u00e9 P\u00e9rez, explic\u00f3 que el piso de la negociaci\u00f3n se construye en base a dos elementos:<\/p>\n\n\n\n<ol start=\"1\" class=\"wp-block-list\">\n<li><strong>Recuperaci\u00f3n del Poder Adquisitivo (IPC):<\/strong> El 3,7% proyectado para la inflaci\u00f3n entre noviembre de 2024 y noviembre de 2025.<\/li>\n\n\n\n<li><strong>Crecimiento del Pa\u00eds:<\/strong> El 2,5% de crecimiento econ\u00f3mico estimado para este a\u00f1o.<\/li>\n<\/ol>\n\n\n\n<p class=\"wp-block-paragraph\">La suma de estos factores (6.2%), m\u00e1s un &#8220;extra&#8221; no definido, resulta en el 7% que ha trascendido a la prensa.<\/p>\n\n\n\n<p class=\"wp-block-paragraph\">En paralelo, mientras el ministro de Hacienda, Nicol\u00e1s Grau, busca destrabar con la oposici\u00f3n el Presupuesto 2026, los parlamentarios han puesto como condici\u00f3n para seguir negociando la <strong>definici\u00f3n del reajuste fiscal<\/strong>. C\u00e1lculos del Congreso sugieren que, considerando solo la inflaci\u00f3n y el 1% adicional de cotizaci\u00f3n previsional, el costo real del reajuste supera los US$700 millones, cifra superior a la provisi\u00f3n inicial del Ejecutivo ($615 millones de d\u00f3lares).<\/p>\n","protected":false},"excerpt":{"rendered":"<p>En medio de la paralizaci\u00f3n de la discusi\u00f3n del Presupuesto 2026, se ha abierto un nuevo foco de<\/p>\n","protected":false},"author":5,"featured_media":12050,"comment_status":"open","ping_status":"open","sticky":false,"template":"","format":"standard","meta":{"_crdt_document":"","_uag_custom_page_level_css":"","_sitemap_exclude":false,"_sitemap_priority":"","_sitemap_frequency":"","_joinchat":[],"footnotes":""},"categories":[216,490,14,456],"tags":[152,404],"class_list":["post-12049","post","type-post","status-publish","format-standard","has-post-thumbnail","hentry","category-fondos-publicos","category-huelga","category-nacional","category-santiago","tag-chile","tag-regionmetropolitana"],"featured_image_urls":{"full":["https:\/\/www.koncevisiontv.cl\/web\/wp-content\/uploads\/2025\/11\/anef-protesta-la-moneda.jpg",1200,633,false],"thumbnail":["https:\/\/www.koncevisiontv.cl\/web\/wp-content\/uploads\/2025\/11\/anef-protesta-la-moneda-150x150.jpg",150,150,true],"medium":["https:\/\/www.koncevisiontv.cl\/web\/wp-content\/uploads\/2025\/11\/anef-protesta-la-moneda-300x158.jpg",300,158,true],"medium_large":["https:\/\/www.koncevisiontv.cl\/web\/wp-content\/uploads\/2025\/11\/anef-protesta-la-moneda-768x405.jpg",640,338,true],"large":["https:\/\/www.koncevisiontv.cl\/web\/wp-content\/uploads\/2025\/11\/anef-protesta-la-moneda-1024x540.jpg",640,338,true],"1536x1536":["https:\/\/www.koncevisiontv.cl\/web\/wp-content\/uploads\/2025\/11\/anef-protesta-la-moneda.jpg",1200,633,false],"2048x2048":["https:\/\/www.koncevisiontv.cl\/web\/wp-content\/uploads\/2025\/11\/anef-protesta-la-moneda.jpg",1200,633,false],"darknews-featured":["https:\/\/www.koncevisiontv.cl\/web\/wp-content\/uploads\/2025\/11\/anef-protesta-la-moneda-1024x540.jpg",1024,540,true],"darknews-large":["https:\/\/www.koncevisiontv.cl\/web\/wp-content\/uploads\/2025\/11\/anef-protesta-la-moneda-825x575.jpg",825,575,true],"darknews-medium":["https:\/\/www.koncevisiontv.cl\/web\/wp-content\/uploads\/2025\/11\/anef-protesta-la-moneda-590x410.jpg",590,410,true]},"author_info":{"info":["Web-Master"]},"category_info":"<a href=\"https:\/\/www.koncevisiontv.cl\/web\/category\/fondos-publicos\/\" rel=\"category tag\">Fondos P\u00fablicos<\/a> <a href=\"https:\/\/www.koncevisiontv.cl\/web\/category\/huelga\/\" rel=\"category tag\">Huelga<\/a> <a href=\"https:\/\/www.koncevisiontv.cl\/web\/category\/nacional\/\" rel=\"category tag\">Nacional<\/a> <a href=\"https:\/\/www.koncevisiontv.cl\/web\/category\/santiago\/\" rel=\"category tag\">Santiago<\/a>","tag_info":"Santiago","comment_count":"0","uagb_featured_image_src":{"full":["https:\/\/www.koncevisiontv.cl\/web\/wp-content\/uploads\/2025\/11\/anef-protesta-la-moneda.jpg",1200,633,false],"thumbnail":["https:\/\/www.koncevisiontv.cl\/web\/wp-content\/uploads\/2025\/11\/anef-protesta-la-moneda-150x150.jpg",150,150,true],"medium":["https:\/\/www.koncevisiontv.cl\/web\/wp-content\/uploads\/2025\/11\/anef-protesta-la-moneda-300x158.jpg",300,158,true],"medium_large":["https:\/\/www.koncevisiontv.cl\/web\/wp-content\/uploads\/2025\/11\/anef-protesta-la-moneda-768x405.jpg",640,338,true],"large":["https:\/\/www.koncevisiontv.cl\/web\/wp-content\/uploads\/2025\/11\/anef-protesta-la-moneda-1024x540.jpg",640,338,true],"1536x1536":["https:\/\/www.koncevisiontv.cl\/web\/wp-content\/uploads\/2025\/11\/anef-protesta-la-moneda.jpg",1200,633,false],"2048x2048":["https:\/\/www.koncevisiontv.cl\/web\/wp-content\/uploads\/2025\/11\/anef-protesta-la-moneda.jpg",1200,633,false],"darknews-featured":["https:\/\/www.koncevisiontv.cl\/web\/wp-content\/uploads\/2025\/11\/anef-protesta-la-moneda-1024x540.jpg",1024,540,true],"darknews-large":["https:\/\/www.koncevisiontv.cl\/web\/wp-content\/uploads\/2025\/11\/anef-protesta-la-moneda-825x575.jpg",825,575,true],"darknews-medium":["https:\/\/www.koncevisiontv.cl\/web\/wp-content\/uploads\/2025\/11\/anef-protesta-la-moneda-590x410.jpg",590,410,true]},"uagb_author_info":{"display_name":"Web-Master","author_link":"https:\/\/www.koncevisiontv.cl\/web\/author\/koncevision\/"},"uagb_comment_info":0,"uagb_excerpt":"En medio de la paralizaci\u00f3n de la discusi\u00f3n del Presupuesto 2026, se ha abierto un nuevo foco de","_links":{"self":[{"href":"https:\/\/www.koncevisiontv.cl\/web\/wp-json\/wp\/v2\/posts\/12049","targetHints":{"allow":["GET"]}}],"collection":[{"href":"https:\/\/www.koncevisiontv.cl\/web\/wp-json\/wp\/v2\/posts"}],"about":[{"href":"https:\/\/www.koncevisiontv.cl\/web\/wp-json\/wp\/v2\/types\/post"}],"author":[{"embeddable":true,"href":"https:\/\/www.koncevisiontv.cl\/web\/wp-json\/wp\/v2\/users\/5"}],"replies":[{"embeddable":true,"href":"https:\/\/www.koncevisiontv.cl\/web\/wp-json\/wp\/v2\/comments?post=12049"}],"version-history":[{"count":1,"href":"https:\/\/www.koncevisiontv.cl\/web\/wp-json\/wp\/v2\/posts\/12049\/revisions"}],"predecessor-version":[{"id":12051,"href":"https:\/\/www.koncevisiontv.cl\/web\/wp-json\/wp\/v2\/posts\/12049\/revisions\/12051"}],"wp:featuredmedia":[{"embeddable":true,"href":"https:\/\/www.koncevisiontv.cl\/web\/wp-json\/wp\/v2\/media\/12050"}],"wp:attachment":[{"href":"https:\/\/www.koncevisiontv.cl\/web\/wp-json\/wp\/v2\/media?parent=12049"}],"wp:term":[{"taxonomy":"category","embeddable":true,"href":"https:\/\/www.koncevisiontv.cl\/web\/wp-json\/wp\/v2\/categories?post=12049"},{"taxonomy":"post_tag","embeddable":true,"href":"https:\/\/www.koncevisiontv.cl\/web\/wp-json\/wp\/v2\/tags?post=12049"}],"curies":[{"name":"wp","href":"https:\/\/api.w.org\/{rel}","templated":true}]}}