{"id":12076,"date":"2025-11-06T14:53:34","date_gmt":"2025-11-06T17:53:34","guid":{"rendered":"https:\/\/www.koncevisiontv.cl\/web\/?p=12076"},"modified":"2025-11-06T14:53:39","modified_gmt":"2025-11-06T17:53:39","slug":"presidente-boric-en-la-cop30-discurso-centrado-en-la-urgencia-climatica-y-criticas-al-negacionismo-cientifico","status":"publish","type":"post","link":"https:\/\/www.koncevisiontv.cl\/web\/presidente-boric-en-la-cop30-discurso-centrado-en-la-urgencia-climatica-y-criticas-al-negacionismo-cientifico\/","title":{"rendered":"Presidente Boric en la COP30: Discurso centrado en la urgencia clim\u00e1tica y cr\u00edticas al negacionismo cient\u00edfico"},"content":{"rendered":"\n<p class=\"wp-block-paragraph\">El presidente Gabriel Boric particip\u00f3 este jueves en la sesi\u00f3n plenaria inaugural de la Cumbre de L\u00edderes de la COP30, evento al que asisti\u00f3 junto a una delegaci\u00f3n chilena que incluy\u00f3 al canciller Alberto van Klaveren, la ministra Maisa Rojas y la expresidenta Michelle Bachelet.<\/p>\n\n\n\n<p class=\"wp-block-paragraph\">Tras las intervenciones del presidente brasile\u00f1o Lula da Silva y del secretario general de la ONU, Ant\u00f3nio Guterres, el mandatario chileno tom\u00f3 la palabra para enfocar su discurso en la <strong>urgencia clim\u00e1tica<\/strong> y la imperiosa necesidad de basar las decisiones pol\u00edticas en el conocimiento cient\u00edfico.<\/p>\n\n\n\n<p class=\"wp-block-paragraph\">Boric lament\u00f3 que, a diez a\u00f1os del Acuerdo de Par\u00eds, &#8220;la humanidad no ha estado a la altura del desaf\u00edo que supone la crisis clim\u00e1tica&#8221;. Subray\u00f3 que la lucha por evitar el aumento de la temperatura global es un tipo de liderazgo que &#8220;no da r\u00e9ditos electorales&#8221;, pero que es <strong>&#8220;el liderazgo que m\u00e1s se requiere en este minuto&#8221;<\/strong>.<\/p>\n\n\n\n<p class=\"wp-block-paragraph\">El Presidente advirti\u00f3 espec\u00edficamente sobre el crecimiento de las posturas que intentan &#8220;ignorar o negar la evidencia&#8221; de la crisis. En un emplazamiento directo, critic\u00f3 al presidente de Estados Unidos:<\/p>\n\n\n\n<blockquote class=\"wp-block-quote is-layout-flow wp-block-quote-is-layout-flow\">\n<p class=\"wp-block-paragraph\">&#8220;Sin ir m\u00e1s lejos, el presidente de Estados Unidos, en la \u00faltima Asamblea General de la ONU, dijo que la crisis clim\u00e1tica no existe. Y eso es mentira\u201d, afirm\u00f3 Boric, insistiendo en la obligaci\u00f3n de reivindicar el valor de los hechos verificados por la ciencia.<\/p>\n<\/blockquote>\n\n\n\n<p class=\"wp-block-paragraph\">Finalmente, el mandatario chileno destac\u00f3 los avances de Chile en pol\u00edticas p\u00fablicas ambientales que mejoran la calidad de vida, mencionando el liderazgo de Santiago como la ciudad con la mayor flota de buses el\u00e9ctricos fuera de China, y anunciando la expansi\u00f3n de esta medida a otras regiones.<\/p>\n","protected":false},"excerpt":{"rendered":"<p>El presidente Gabriel Boric particip\u00f3 este jueves en la sesi\u00f3n plenaria inaugural de la Cumbre de L\u00edderes de<\/p>\n","protected":false},"author":5,"featured_media":12077,"comment_status":"open","ping_status":"open","sticky":false,"template":"","format":"standard","meta":{"_crdt_document":"","_uag_custom_page_level_css":"","_sitemap_exclude":false,"_sitemap_priority":"","_sitemap_frequency":"","_joinchat":[],"footnotes":""},"categories":[507,161,508,14],"tags":[454],"class_list":["post-12076","post","type-post","status-publish","format-standard","has-post-thumbnail","hentry","category-cop30","category-internacional","category-medio-ambiente","category-nacional","tag-internacional"],"featured_image_urls":{"full":["https:\/\/www.koncevisiontv.cl\/web\/wp-content\/uploads\/2025\/11\/presidente-boric-critica-negacionismo-climatico-y-pide-respetar-la-ciencia-1.png",1200,633,false],"thumbnail":["https:\/\/www.koncevisiontv.cl\/web\/wp-content\/uploads\/2025\/11\/presidente-boric-critica-negacionismo-climatico-y-pide-respetar-la-ciencia-1-150x150.png",150,150,true],"medium":["https:\/\/www.koncevisiontv.cl\/web\/wp-content\/uploads\/2025\/11\/presidente-boric-critica-negacionismo-climatico-y-pide-respetar-la-ciencia-1-300x158.png",300,158,true],"medium_large":["https:\/\/www.koncevisiontv.cl\/web\/wp-content\/uploads\/2025\/11\/presidente-boric-critica-negacionismo-climatico-y-pide-respetar-la-ciencia-1-768x405.png",640,338,true],"large":["https:\/\/www.koncevisiontv.cl\/web\/wp-content\/uploads\/2025\/11\/presidente-boric-critica-negacionismo-climatico-y-pide-respetar-la-ciencia-1-1024x540.png",640,338,true],"1536x1536":["https:\/\/www.koncevisiontv.cl\/web\/wp-content\/uploads\/2025\/11\/presidente-boric-critica-negacionismo-climatico-y-pide-respetar-la-ciencia-1.png",1200,633,false],"2048x2048":["https:\/\/www.koncevisiontv.cl\/web\/wp-content\/uploads\/2025\/11\/presidente-boric-critica-negacionismo-climatico-y-pide-respetar-la-ciencia-1.png",1200,633,false],"darknews-featured":["https:\/\/www.koncevisiontv.cl\/web\/wp-content\/uploads\/2025\/11\/presidente-boric-critica-negacionismo-climatico-y-pide-respetar-la-ciencia-1-1024x540.png",1024,540,true],"darknews-large":["https:\/\/www.koncevisiontv.cl\/web\/wp-content\/uploads\/2025\/11\/presidente-boric-critica-negacionismo-climatico-y-pide-respetar-la-ciencia-1-825x575.png",825,575,true],"darknews-medium":["https:\/\/www.koncevisiontv.cl\/web\/wp-content\/uploads\/2025\/11\/presidente-boric-critica-negacionismo-climatico-y-pide-respetar-la-ciencia-1-590x410.png",590,410,true]},"author_info":{"info":["Web-Master"]},"category_info":"<a href=\"https:\/\/www.koncevisiontv.cl\/web\/category\/cop30\/\" rel=\"category tag\">COP30<\/a> <a href=\"https:\/\/www.koncevisiontv.cl\/web\/category\/internacional\/\" rel=\"category tag\">Internacional<\/a> <a href=\"https:\/\/www.koncevisiontv.cl\/web\/category\/medio-ambiente\/\" rel=\"category tag\">Medio Ambiente<\/a> <a href=\"https:\/\/www.koncevisiontv.cl\/web\/category\/nacional\/\" rel=\"category tag\">Nacional<\/a>","tag_info":"Nacional","comment_count":"0","uagb_featured_image_src":{"full":["https:\/\/www.koncevisiontv.cl\/web\/wp-content\/uploads\/2025\/11\/presidente-boric-critica-negacionismo-climatico-y-pide-respetar-la-ciencia-1.png",1200,633,false],"thumbnail":["https:\/\/www.koncevisiontv.cl\/web\/wp-content\/uploads\/2025\/11\/presidente-boric-critica-negacionismo-climatico-y-pide-respetar-la-ciencia-1-150x150.png",150,150,true],"medium":["https:\/\/www.koncevisiontv.cl\/web\/wp-content\/uploads\/2025\/11\/presidente-boric-critica-negacionismo-climatico-y-pide-respetar-la-ciencia-1-300x158.png",300,158,true],"medium_large":["https:\/\/www.koncevisiontv.cl\/web\/wp-content\/uploads\/2025\/11\/presidente-boric-critica-negacionismo-climatico-y-pide-respetar-la-ciencia-1-768x405.png",640,338,true],"large":["https:\/\/www.koncevisiontv.cl\/web\/wp-content\/uploads\/2025\/11\/presidente-boric-critica-negacionismo-climatico-y-pide-respetar-la-ciencia-1-1024x540.png",640,338,true],"1536x1536":["https:\/\/www.koncevisiontv.cl\/web\/wp-content\/uploads\/2025\/11\/presidente-boric-critica-negacionismo-climatico-y-pide-respetar-la-ciencia-1.png",1200,633,false],"2048x2048":["https:\/\/www.koncevisiontv.cl\/web\/wp-content\/uploads\/2025\/11\/presidente-boric-critica-negacionismo-climatico-y-pide-respetar-la-ciencia-1.png",1200,633,false],"darknews-featured":["https:\/\/www.koncevisiontv.cl\/web\/wp-content\/uploads\/2025\/11\/presidente-boric-critica-negacionismo-climatico-y-pide-respetar-la-ciencia-1-1024x540.png",1024,540,true],"darknews-large":["https:\/\/www.koncevisiontv.cl\/web\/wp-content\/uploads\/2025\/11\/presidente-boric-critica-negacionismo-climatico-y-pide-respetar-la-ciencia-1-825x575.png",825,575,true],"darknews-medium":["https:\/\/www.koncevisiontv.cl\/web\/wp-content\/uploads\/2025\/11\/presidente-boric-critica-negacionismo-climatico-y-pide-respetar-la-ciencia-1-590x410.png",590,410,true]},"uagb_author_info":{"display_name":"Web-Master","author_link":"https:\/\/www.koncevisiontv.cl\/web\/author\/koncevision\/"},"uagb_comment_info":0,"uagb_excerpt":"El presidente Gabriel Boric particip\u00f3 este jueves en la sesi\u00f3n plenaria inaugural de la Cumbre de L\u00edderes de","_links":{"self":[{"href":"https:\/\/www.koncevisiontv.cl\/web\/wp-json\/wp\/v2\/posts\/12076","targetHints":{"allow":["GET"]}}],"collection":[{"href":"https:\/\/www.koncevisiontv.cl\/web\/wp-json\/wp\/v2\/posts"}],"about":[{"href":"https:\/\/www.koncevisiontv.cl\/web\/wp-json\/wp\/v2\/types\/post"}],"author":[{"embeddable":true,"href":"https:\/\/www.koncevisiontv.cl\/web\/wp-json\/wp\/v2\/users\/5"}],"replies":[{"embeddable":true,"href":"https:\/\/www.koncevisiontv.cl\/web\/wp-json\/wp\/v2\/comments?post=12076"}],"version-history":[{"count":1,"href":"https:\/\/www.koncevisiontv.cl\/web\/wp-json\/wp\/v2\/posts\/12076\/revisions"}],"predecessor-version":[{"id":12078,"href":"https:\/\/www.koncevisiontv.cl\/web\/wp-json\/wp\/v2\/posts\/12076\/revisions\/12078"}],"wp:featuredmedia":[{"embeddable":true,"href":"https:\/\/www.koncevisiontv.cl\/web\/wp-json\/wp\/v2\/media\/12077"}],"wp:attachment":[{"href":"https:\/\/www.koncevisiontv.cl\/web\/wp-json\/wp\/v2\/media?parent=12076"}],"wp:term":[{"taxonomy":"category","embeddable":true,"href":"https:\/\/www.koncevisiontv.cl\/web\/wp-json\/wp\/v2\/categories?post=12076"},{"taxonomy":"post_tag","embeddable":true,"href":"https:\/\/www.koncevisiontv.cl\/web\/wp-json\/wp\/v2\/tags?post=12076"}],"curies":[{"name":"wp","href":"https:\/\/api.w.org\/{rel}","templated":true}]}}