{"id":12082,"date":"2025-11-06T16:18:19","date_gmt":"2025-11-06T19:18:19","guid":{"rendered":"https:\/\/www.koncevisiontv.cl\/web\/?p=12082"},"modified":"2025-11-06T16:18:22","modified_gmt":"2025-11-06T19:18:22","slug":"empresa-espanola-cointer-presenta-la-primera-oferta-para-construir-corredor-de-transporte-publico-en-la-ruta-160-del-bio-bio","status":"publish","type":"post","link":"https:\/\/www.koncevisiontv.cl\/web\/empresa-espanola-cointer-presenta-la-primera-oferta-para-construir-corredor-de-transporte-publico-en-la-ruta-160-del-bio-bio\/","title":{"rendered":"Empresa espa\u00f1ola Cointer presenta la primera oferta para construir corredor de transporte p\u00fablico en la Ruta 160 del B\u00edo B\u00edo"},"content":{"rendered":"\n<p class=\"wp-block-paragraph\">La compa\u00f1\u00eda espa\u00f1ola <strong>Cointer<\/strong> ha dado el primer paso en el proceso de licitaci\u00f3n al presentar una oferta para la ejecuci\u00f3n del crucial Corredor del Transporte P\u00fablico en la Ruta 160, un proyecto que busca optimizar la conectividad entre las comunas de Coronel y San Pedro de la Paz, en la Regi\u00f3n del B\u00edo B\u00edo.<\/p>\n\n\n\n<p class=\"wp-block-paragraph\">El proyecto contempla una extensi\u00f3n de <strong>14 kil\u00f3metros<\/strong> y representa una inversi\u00f3n estimada de <strong>171 millones de d\u00f3lares<\/strong>. Seg\u00fan el seremi de Obras P\u00fablicas, Hugo Cautivo, el inicio de las obras est\u00e1 programado para el a\u00f1o <strong>2029<\/strong>, debido a la necesidad de completar previamente el proceso de consulta ambiental.<\/p>\n\n\n\n<p class=\"wp-block-paragraph\">El nuevo corredor se extender\u00e1 espec\u00edficamente desde la calle Daniel Belmar en San Pedro de la Paz hasta el Parque Industrial Escuadr\u00f3n I en Coronel. Las obras principales incluir\u00e1n la construcci\u00f3n de <strong>tres pasos desnivelados<\/strong> esenciales para conectar la ruta con el borde costero.<\/p>\n\n\n\n<p class=\"wp-block-paragraph\">La oferta de Cointer, una firma con experiencia en obras como la ampliaci\u00f3n del Aeropuerto Balmaceda, se suma al avance de otros proyectos de transporte clave en la regi\u00f3n:<\/p>\n\n\n\n<ul class=\"wp-block-list\">\n<li>Se encuentra en curso la licitaci\u00f3n del Corredor del Transporte P\u00fablico en la <strong>Ruta 150<\/strong>, que unir\u00e1 Concepci\u00f3n y Penco.<\/li>\n\n\n\n<li>Tambi\u00e9n se contempla el Corredor del Transporte P\u00fablico en la <strong>autopista Concepci\u00f3n-Talcahuano<\/strong>, entre la avenida O\u2019Higgins y el sector del Tr\u00e9bol.<\/li>\n<\/ul>\n\n\n\n<p class=\"wp-block-paragraph\">Se espera que la licitaci\u00f3n de la Ruta 150 reciba ofertas hasta los primeros d\u00edas de diciembre.<\/p>\n\n\n\n<p class=\"wp-block-paragraph\">Revisa a continuaci\u00f3n c\u00f3mo ser\u00e1n los corredores de transporte p\u00fablico:<\/p>\n\n\n\n<figure class=\"wp-block-embed is-type-video is-provider-youtube wp-block-embed-youtube wp-embed-aspect-16-9 wp-has-aspect-ratio\"><div class=\"wp-block-embed__wrapper\">\n<div class=\"epyt-video-wrapper\"><iframe loading=\"lazy\"  id=\"_ytid_83214\"  width=\"640\" height=\"360\"  data-origwidth=\"640\" data-origheight=\"360\" src=\"https:\/\/www.youtube.com\/embed\/GMy_WRqRou4?enablejsapi=1&#038;autoplay=0&#038;cc_load_policy=0&#038;cc_lang_pref=&#038;iv_load_policy=1&#038;loop=0&#038;rel=1&#038;fs=1&#038;playsinline=0&#038;autohide=2&#038;theme=dark&#038;color=red&#038;controls=1&#038;disablekb=0&#038;\" class=\"__youtube_prefs__  epyt-is-override  no-lazyload\" title=\"YouTube player\"  allow=\"fullscreen; accelerometer; autoplay; clipboard-write; encrypted-media; gyroscope; picture-in-picture; web-share\" referrerpolicy=\"strict-origin-when-cross-origin\" allowfullscreen data-no-lazy=\"1\" data-skipgform_ajax_framebjll=\"\"><\/iframe><\/div>\n<\/div><\/figure>\n","protected":false},"excerpt":{"rendered":"<p>La compa\u00f1\u00eda espa\u00f1ola Cointer ha dado el primer paso en el proceso de licitaci\u00f3n al presentar una oferta<\/p>\n","protected":false},"author":5,"featured_media":12083,"comment_status":"open","ping_status":"open","sticky":false,"template":"","format":"standard","meta":{"_crdt_document":"","_uag_custom_page_level_css":"","_sitemap_exclude":false,"_sitemap_priority":"","_sitemap_frequency":"","_joinchat":[],"footnotes":""},"categories":[226,219,14,510,473],"tags":[63],"class_list":["post-12082","post","type-post","status-publish","format-standard","has-post-thumbnail","hentry","category-concepcion","category-coronel","category-nacional","category-obras-publicas","category-san-pedro-de-la-paz","tag-regiondelbiobio"],"featured_image_urls":{"full":["https:\/\/www.koncevisiontv.cl\/web\/wp-content\/uploads\/2025\/11\/corredores-transporte-publico-ruta160.jpg",1200,633,false],"thumbnail":["https:\/\/www.koncevisiontv.cl\/web\/wp-content\/uploads\/2025\/11\/corredores-transporte-publico-ruta160-150x150.jpg",150,150,true],"medium":["https:\/\/www.koncevisiontv.cl\/web\/wp-content\/uploads\/2025\/11\/corredores-transporte-publico-ruta160-300x158.jpg",300,158,true],"medium_large":["https:\/\/www.koncevisiontv.cl\/web\/wp-content\/uploads\/2025\/11\/corredores-transporte-publico-ruta160-768x405.jpg",640,338,true],"large":["https:\/\/www.koncevisiontv.cl\/web\/wp-content\/uploads\/2025\/11\/corredores-transporte-publico-ruta160-1024x540.jpg",640,338,true],"1536x1536":["https:\/\/www.koncevisiontv.cl\/web\/wp-content\/uploads\/2025\/11\/corredores-transporte-publico-ruta160.jpg",1200,633,false],"2048x2048":["https:\/\/www.koncevisiontv.cl\/web\/wp-content\/uploads\/2025\/11\/corredores-transporte-publico-ruta160.jpg",1200,633,false],"darknews-featured":["https:\/\/www.koncevisiontv.cl\/web\/wp-content\/uploads\/2025\/11\/corredores-transporte-publico-ruta160-1024x540.jpg",1024,540,true],"darknews-large":["https:\/\/www.koncevisiontv.cl\/web\/wp-content\/uploads\/2025\/11\/corredores-transporte-publico-ruta160-825x575.jpg",825,575,true],"darknews-medium":["https:\/\/www.koncevisiontv.cl\/web\/wp-content\/uploads\/2025\/11\/corredores-transporte-publico-ruta160-590x410.jpg",590,410,true]},"author_info":{"info":["Web-Master"]},"category_info":"<a href=\"https:\/\/www.koncevisiontv.cl\/web\/category\/concepcion\/\" rel=\"category tag\">Concepcion<\/a> <a href=\"https:\/\/www.koncevisiontv.cl\/web\/category\/coronel\/\" rel=\"category tag\">Coronel<\/a> <a href=\"https:\/\/www.koncevisiontv.cl\/web\/category\/nacional\/\" rel=\"category tag\">Nacional<\/a> <a href=\"https:\/\/www.koncevisiontv.cl\/web\/category\/obras-publicas\/\" rel=\"category tag\">Obras P\u00fablicas<\/a> <a href=\"https:\/\/www.koncevisiontv.cl\/web\/category\/san-pedro-de-la-paz\/\" rel=\"category tag\">San Pedro de la Paz<\/a>","tag_info":"San Pedro de la Paz","comment_count":"0","uagb_featured_image_src":{"full":["https:\/\/www.koncevisiontv.cl\/web\/wp-content\/uploads\/2025\/11\/corredores-transporte-publico-ruta160.jpg",1200,633,false],"thumbnail":["https:\/\/www.koncevisiontv.cl\/web\/wp-content\/uploads\/2025\/11\/corredores-transporte-publico-ruta160-150x150.jpg",150,150,true],"medium":["https:\/\/www.koncevisiontv.cl\/web\/wp-content\/uploads\/2025\/11\/corredores-transporte-publico-ruta160-300x158.jpg",300,158,true],"medium_large":["https:\/\/www.koncevisiontv.cl\/web\/wp-content\/uploads\/2025\/11\/corredores-transporte-publico-ruta160-768x405.jpg",640,338,true],"large":["https:\/\/www.koncevisiontv.cl\/web\/wp-content\/uploads\/2025\/11\/corredores-transporte-publico-ruta160-1024x540.jpg",640,338,true],"1536x1536":["https:\/\/www.koncevisiontv.cl\/web\/wp-content\/uploads\/2025\/11\/corredores-transporte-publico-ruta160.jpg",1200,633,false],"2048x2048":["https:\/\/www.koncevisiontv.cl\/web\/wp-content\/uploads\/2025\/11\/corredores-transporte-publico-ruta160.jpg",1200,633,false],"darknews-featured":["https:\/\/www.koncevisiontv.cl\/web\/wp-content\/uploads\/2025\/11\/corredores-transporte-publico-ruta160-1024x540.jpg",1024,540,true],"darknews-large":["https:\/\/www.koncevisiontv.cl\/web\/wp-content\/uploads\/2025\/11\/corredores-transporte-publico-ruta160-825x575.jpg",825,575,true],"darknews-medium":["https:\/\/www.koncevisiontv.cl\/web\/wp-content\/uploads\/2025\/11\/corredores-transporte-publico-ruta160-590x410.jpg",590,410,true]},"uagb_author_info":{"display_name":"Web-Master","author_link":"https:\/\/www.koncevisiontv.cl\/web\/author\/koncevision\/"},"uagb_comment_info":0,"uagb_excerpt":"La compa\u00f1\u00eda espa\u00f1ola Cointer ha dado el primer paso en el proceso de licitaci\u00f3n al presentar una oferta","_links":{"self":[{"href":"https:\/\/www.koncevisiontv.cl\/web\/wp-json\/wp\/v2\/posts\/12082","targetHints":{"allow":["GET"]}}],"collection":[{"href":"https:\/\/www.koncevisiontv.cl\/web\/wp-json\/wp\/v2\/posts"}],"about":[{"href":"https:\/\/www.koncevisiontv.cl\/web\/wp-json\/wp\/v2\/types\/post"}],"author":[{"embeddable":true,"href":"https:\/\/www.koncevisiontv.cl\/web\/wp-json\/wp\/v2\/users\/5"}],"replies":[{"embeddable":true,"href":"https:\/\/www.koncevisiontv.cl\/web\/wp-json\/wp\/v2\/comments?post=12082"}],"version-history":[{"count":1,"href":"https:\/\/www.koncevisiontv.cl\/web\/wp-json\/wp\/v2\/posts\/12082\/revisions"}],"predecessor-version":[{"id":12084,"href":"https:\/\/www.koncevisiontv.cl\/web\/wp-json\/wp\/v2\/posts\/12082\/revisions\/12084"}],"wp:featuredmedia":[{"embeddable":true,"href":"https:\/\/www.koncevisiontv.cl\/web\/wp-json\/wp\/v2\/media\/12083"}],"wp:attachment":[{"href":"https:\/\/www.koncevisiontv.cl\/web\/wp-json\/wp\/v2\/media?parent=12082"}],"wp:term":[{"taxonomy":"category","embeddable":true,"href":"https:\/\/www.koncevisiontv.cl\/web\/wp-json\/wp\/v2\/categories?post=12082"},{"taxonomy":"post_tag","embeddable":true,"href":"https:\/\/www.koncevisiontv.cl\/web\/wp-json\/wp\/v2\/tags?post=12082"}],"curies":[{"name":"wp","href":"https:\/\/api.w.org\/{rel}","templated":true}]}}