{"id":12085,"date":"2025-11-06T16:35:15","date_gmt":"2025-11-06T19:35:15","guid":{"rendered":"https:\/\/www.koncevisiontv.cl\/web\/?p=12085"},"modified":"2025-11-06T16:35:19","modified_gmt":"2025-11-06T19:35:19","slug":"informe-alerta-de-colapso-en-carcel-de-angol-penal-opera-con-200-de-sobrepoblacion-y-condiciones-de-hacinamiento-extremo","status":"publish","type":"post","link":"https:\/\/www.koncevisiontv.cl\/web\/informe-alerta-de-colapso-en-carcel-de-angol-penal-opera-con-200-de-sobrepoblacion-y-condiciones-de-hacinamiento-extremo\/","title":{"rendered":"Informe alerta de colapso en c\u00e1rcel de Angol: Penal opera con 200% de sobrepoblaci\u00f3n y condiciones de hacinamiento extremo"},"content":{"rendered":"\n<p class=\"wp-block-paragraph\">Un reciente informe, elaborado por el fiscal judicial de la Corte de Apelaciones de Temuco, ministro Juan Santana Soto, ha revelado una situaci\u00f3n cr\u00edtica de <strong>colapso<\/strong> en el Centro de Detenci\u00f3n Preventiva de Angol, Regi\u00f3n de La Araucan\u00eda, debido al severo hacinamiento de su poblaci\u00f3n penal.<\/p>\n\n\n\n<p class=\"wp-block-paragraph\">El defensor regional de La Araucan\u00eda, Humberto Serri, confirm\u00f3 la gravedad de la situaci\u00f3n, indicando que el recinto opera con una alarmante <strong>sobrepoblaci\u00f3n del 200%<\/strong>. La c\u00e1rcel, que fue dise\u00f1ada para albergar a 250 internos, actualmente mantiene una poblaci\u00f3n de cerca de <strong>600 personas<\/strong>.<\/p>\n\n\n\n<p class=\"wp-block-paragraph\"><strong>Condiciones que Atentan contra la Dignidad:<\/strong><\/p>\n\n\n\n<p class=\"wp-block-paragraph\">El documento oficial detalla observaciones graves que atentan contra la dignidad de los reclusos:<\/p>\n\n\n\n<ul class=\"wp-block-list\">\n<li><strong>Hacinamiento Extremo en Celdas:<\/strong> Se comprob\u00f3 que celdas construidas originalmente para dos personas, hoy en d\u00eda albergan a cinco, con una alta probabilidad de sumar un sexto interno con colch\u00f3n en el piso.<\/li>\n\n\n\n<li><strong>Problemas de Infraestructura:<\/strong> El informe tambi\u00e9n reporta filtraciones de aguas servidas, la presencia de tableros el\u00e9ctricos con cableado expuesto y la falta de segregaci\u00f3n de los adultos mayores, a pesar de contar con 156 efectivos de Gendarmer\u00eda.<\/li>\n<\/ul>\n\n\n\n<p class=\"wp-block-paragraph\">El vicepresidente nacional de la ANFUP, C\u00e9sar Padilla, corrobor\u00f3 que hay celdas que llegan a tener hasta siete internos.<\/p>\n\n\n\n<p class=\"wp-block-paragraph\">El defensor regional Serri enfatiz\u00f3 que, m\u00e1s all\u00e1 de los esfuerzos institucionales, la situaci\u00f3n de hacinamiento carcelario, que se repite a nivel nacional, amerita una <strong>&#8220;mirada de Estado&#8221;<\/strong> y una intervenci\u00f3n urgente. Por su parte, la directora regional de Gendarmer\u00eda, coronel Denisse Melgarejo, respondi\u00f3 al fiscal judicial que actualmente <strong>no existen planes ni proyectos de inversi\u00f3n<\/strong> para expandir o modificar la infraestructura de la unidad penal de Angol.<\/p>\n","protected":false},"excerpt":{"rendered":"<p>Un reciente informe, elaborado por el fiscal judicial de la Corte de Apelaciones de Temuco, ministro Juan Santana<\/p>\n","protected":false},"author":5,"featured_media":12086,"comment_status":"open","ping_status":"open","sticky":false,"template":"","format":"standard","meta":{"_crdt_document":"","_uag_custom_page_level_css":"","_sitemap_exclude":false,"_sitemap_priority":"","_sitemap_frequency":"","_joinchat":[],"footnotes":""},"categories":[511,460,443,14],"tags":[451],"class_list":["post-12085","post","type-post","status-publish","format-standard","has-post-thumbnail","hentry","category-carceles","category-derechos-humanos","category-gendarmeria","category-nacional","tag-regiondelaaraucania"],"featured_image_urls":{"full":["https:\/\/www.koncevisiontv.cl\/web\/wp-content\/uploads\/2025\/11\/file_20220823132258.jpg",710,399,false],"thumbnail":["https:\/\/www.koncevisiontv.cl\/web\/wp-content\/uploads\/2025\/11\/file_20220823132258-150x150.jpg",150,150,true],"medium":["https:\/\/www.koncevisiontv.cl\/web\/wp-content\/uploads\/2025\/11\/file_20220823132258-300x169.jpg",300,169,true],"medium_large":["https:\/\/www.koncevisiontv.cl\/web\/wp-content\/uploads\/2025\/11\/file_20220823132258.jpg",640,360,false],"large":["https:\/\/www.koncevisiontv.cl\/web\/wp-content\/uploads\/2025\/11\/file_20220823132258.jpg",640,360,false],"1536x1536":["https:\/\/www.koncevisiontv.cl\/web\/wp-content\/uploads\/2025\/11\/file_20220823132258.jpg",710,399,false],"2048x2048":["https:\/\/www.koncevisiontv.cl\/web\/wp-content\/uploads\/2025\/11\/file_20220823132258.jpg",710,399,false],"darknews-featured":["https:\/\/www.koncevisiontv.cl\/web\/wp-content\/uploads\/2025\/11\/file_20220823132258.jpg",710,399,false],"darknews-large":["https:\/\/www.koncevisiontv.cl\/web\/wp-content\/uploads\/2025\/11\/file_20220823132258.jpg",710,399,false],"darknews-medium":["https:\/\/www.koncevisiontv.cl\/web\/wp-content\/uploads\/2025\/11\/file_20220823132258-590x399.jpg",590,399,true]},"author_info":{"info":["Web-Master"]},"category_info":"<a href=\"https:\/\/www.koncevisiontv.cl\/web\/category\/carceles\/\" rel=\"category tag\">C\u00e1rceles<\/a> <a href=\"https:\/\/www.koncevisiontv.cl\/web\/category\/derechos-humanos\/\" rel=\"category tag\">Derechos Humanos<\/a> <a href=\"https:\/\/www.koncevisiontv.cl\/web\/category\/gendarmeria\/\" rel=\"category tag\">gendarmer\u00eda<\/a> <a href=\"https:\/\/www.koncevisiontv.cl\/web\/category\/nacional\/\" rel=\"category tag\">Nacional<\/a>","tag_info":"Nacional","comment_count":"0","uagb_featured_image_src":{"full":["https:\/\/www.koncevisiontv.cl\/web\/wp-content\/uploads\/2025\/11\/file_20220823132258.jpg",710,399,false],"thumbnail":["https:\/\/www.koncevisiontv.cl\/web\/wp-content\/uploads\/2025\/11\/file_20220823132258-150x150.jpg",150,150,true],"medium":["https:\/\/www.koncevisiontv.cl\/web\/wp-content\/uploads\/2025\/11\/file_20220823132258-300x169.jpg",300,169,true],"medium_large":["https:\/\/www.koncevisiontv.cl\/web\/wp-content\/uploads\/2025\/11\/file_20220823132258.jpg",640,360,false],"large":["https:\/\/www.koncevisiontv.cl\/web\/wp-content\/uploads\/2025\/11\/file_20220823132258.jpg",640,360,false],"1536x1536":["https:\/\/www.koncevisiontv.cl\/web\/wp-content\/uploads\/2025\/11\/file_20220823132258.jpg",710,399,false],"2048x2048":["https:\/\/www.koncevisiontv.cl\/web\/wp-content\/uploads\/2025\/11\/file_20220823132258.jpg",710,399,false],"darknews-featured":["https:\/\/www.koncevisiontv.cl\/web\/wp-content\/uploads\/2025\/11\/file_20220823132258.jpg",710,399,false],"darknews-large":["https:\/\/www.koncevisiontv.cl\/web\/wp-content\/uploads\/2025\/11\/file_20220823132258.jpg",710,399,false],"darknews-medium":["https:\/\/www.koncevisiontv.cl\/web\/wp-content\/uploads\/2025\/11\/file_20220823132258-590x399.jpg",590,399,true]},"uagb_author_info":{"display_name":"Web-Master","author_link":"https:\/\/www.koncevisiontv.cl\/web\/author\/koncevision\/"},"uagb_comment_info":0,"uagb_excerpt":"Un reciente informe, elaborado por el fiscal judicial de la Corte de Apelaciones de Temuco, ministro Juan Santana","_links":{"self":[{"href":"https:\/\/www.koncevisiontv.cl\/web\/wp-json\/wp\/v2\/posts\/12085","targetHints":{"allow":["GET"]}}],"collection":[{"href":"https:\/\/www.koncevisiontv.cl\/web\/wp-json\/wp\/v2\/posts"}],"about":[{"href":"https:\/\/www.koncevisiontv.cl\/web\/wp-json\/wp\/v2\/types\/post"}],"author":[{"embeddable":true,"href":"https:\/\/www.koncevisiontv.cl\/web\/wp-json\/wp\/v2\/users\/5"}],"replies":[{"embeddable":true,"href":"https:\/\/www.koncevisiontv.cl\/web\/wp-json\/wp\/v2\/comments?post=12085"}],"version-history":[{"count":1,"href":"https:\/\/www.koncevisiontv.cl\/web\/wp-json\/wp\/v2\/posts\/12085\/revisions"}],"predecessor-version":[{"id":12087,"href":"https:\/\/www.koncevisiontv.cl\/web\/wp-json\/wp\/v2\/posts\/12085\/revisions\/12087"}],"wp:featuredmedia":[{"embeddable":true,"href":"https:\/\/www.koncevisiontv.cl\/web\/wp-json\/wp\/v2\/media\/12086"}],"wp:attachment":[{"href":"https:\/\/www.koncevisiontv.cl\/web\/wp-json\/wp\/v2\/media?parent=12085"}],"wp:term":[{"taxonomy":"category","embeddable":true,"href":"https:\/\/www.koncevisiontv.cl\/web\/wp-json\/wp\/v2\/categories?post=12085"},{"taxonomy":"post_tag","embeddable":true,"href":"https:\/\/www.koncevisiontv.cl\/web\/wp-json\/wp\/v2\/tags?post=12085"}],"curies":[{"name":"wp","href":"https:\/\/api.w.org\/{rel}","templated":true}]}}