{"id":12088,"date":"2025-11-07T11:27:00","date_gmt":"2025-11-07T14:27:00","guid":{"rendered":"https:\/\/www.koncevisiontv.cl\/web\/?p=12088"},"modified":"2025-11-07T11:27:04","modified_gmt":"2025-11-07T14:27:04","slug":"suspension-de-clases-en-el-instituto-nacional-tras-nuevos-incidentes-con-molotov-y-bengalas","status":"publish","type":"post","link":"https:\/\/www.koncevisiontv.cl\/web\/suspension-de-clases-en-el-instituto-nacional-tras-nuevos-incidentes-con-molotov-y-bengalas\/","title":{"rendered":"Suspensi\u00f3n de clases en el Instituto Nacional tras nuevos incidentes con molotov y bengalas"},"content":{"rendered":"\n<p class=\"wp-block-paragraph\">La jornada acad\u00e9mica matinal en el emblem\u00e1tico Instituto Nacional se vio interrumpida esta ma\u00f1ana tras registrarse nuevos y violentos des\u00f3rdenes en el acceso principal del establecimiento. Un grupo de individuos con los rostros cubiertos gener\u00f3 focos de disturbios al lanzar <strong>bombas molotov y bengalas<\/strong>.<\/p>\n\n\n\n<p class=\"wp-block-paragraph\">Ante la gravedad de los hechos y para resguardar la seguridad de la comunidad educativa, la rector\u00eda del establecimiento tom\u00f3 la determinaci\u00f3n de suspender las clases durante la ma\u00f1ana. Se inform\u00f3 que, de no mediar nuevos incidentes, la actividad acad\u00e9mica se retomar\u00e1 en el bloque vespertino.<\/p>\n\n\n\n<p class=\"wp-block-paragraph\">La direcci\u00f3n del Instituto Nacional emiti\u00f3 una declaraci\u00f3n condenando los actos de violencia:<\/p>\n\n\n\n<blockquote class=\"wp-block-quote is-layout-flow wp-block-quote-is-layout-flow\">\n<p class=\"wp-block-paragraph\">&#8220;Rechazamos con firmeza toda forma de violencia, reafirmando nuestro compromiso con el respeto, el di\u00e1logo y la educaci\u00f3n como las v\u00edas leg\u00edtimas para construir una comunidad segura, responsable y coherente con los valores que nos representan&#8221;, se\u00f1alaron las autoridades del recinto.<\/p>\n<\/blockquote>\n\n\n\n<p class=\"wp-block-paragraph\">El incidente se suma a una serie de hechos de violencia que han afectado a este y otros liceos emblem\u00e1ticos de la capital durante el \u00faltimo tiempo.<\/p>\n","protected":false},"excerpt":{"rendered":"<p>La jornada acad\u00e9mica matinal en el emblem\u00e1tico Instituto Nacional se vio interrumpida esta ma\u00f1ana tras registrarse nuevos y<\/p>\n","protected":false},"author":5,"featured_media":12089,"comment_status":"open","ping_status":"open","sticky":false,"template":"","format":"standard","meta":{"_crdt_document":"","_uag_custom_page_level_css":"","_sitemap_exclude":false,"_sitemap_priority":"","_sitemap_frequency":"","_joinchat":[],"footnotes":""},"categories":[482,14,456],"tags":[404],"class_list":["post-12088","post","type-post","status-publish","format-standard","has-post-thumbnail","hentry","category-agresion","category-nacional","category-santiago","tag-regionmetropolitana"],"featured_image_urls":{"full":["https:\/\/www.koncevisiontv.cl\/web\/wp-content\/uploads\/2025\/11\/file_20251107110423.jpg",710,399,false],"thumbnail":["https:\/\/www.koncevisiontv.cl\/web\/wp-content\/uploads\/2025\/11\/file_20251107110423-150x150.jpg",150,150,true],"medium":["https:\/\/www.koncevisiontv.cl\/web\/wp-content\/uploads\/2025\/11\/file_20251107110423-300x169.jpg",300,169,true],"medium_large":["https:\/\/www.koncevisiontv.cl\/web\/wp-content\/uploads\/2025\/11\/file_20251107110423.jpg",640,360,false],"large":["https:\/\/www.koncevisiontv.cl\/web\/wp-content\/uploads\/2025\/11\/file_20251107110423.jpg",640,360,false],"1536x1536":["https:\/\/www.koncevisiontv.cl\/web\/wp-content\/uploads\/2025\/11\/file_20251107110423.jpg",710,399,false],"2048x2048":["https:\/\/www.koncevisiontv.cl\/web\/wp-content\/uploads\/2025\/11\/file_20251107110423.jpg",710,399,false],"darknews-featured":["https:\/\/www.koncevisiontv.cl\/web\/wp-content\/uploads\/2025\/11\/file_20251107110423.jpg",710,399,false],"darknews-large":["https:\/\/www.koncevisiontv.cl\/web\/wp-content\/uploads\/2025\/11\/file_20251107110423.jpg",710,399,false],"darknews-medium":["https:\/\/www.koncevisiontv.cl\/web\/wp-content\/uploads\/2025\/11\/file_20251107110423-590x399.jpg",590,399,true]},"author_info":{"info":["Web-Master"]},"category_info":"<a href=\"https:\/\/www.koncevisiontv.cl\/web\/category\/agresion\/\" rel=\"category tag\">Agresi\u00f3n<\/a> <a href=\"https:\/\/www.koncevisiontv.cl\/web\/category\/nacional\/\" rel=\"category tag\">Nacional<\/a> <a href=\"https:\/\/www.koncevisiontv.cl\/web\/category\/santiago\/\" rel=\"category tag\">Santiago<\/a>","tag_info":"Santiago","comment_count":"0","uagb_featured_image_src":{"full":["https:\/\/www.koncevisiontv.cl\/web\/wp-content\/uploads\/2025\/11\/file_20251107110423.jpg",710,399,false],"thumbnail":["https:\/\/www.koncevisiontv.cl\/web\/wp-content\/uploads\/2025\/11\/file_20251107110423-150x150.jpg",150,150,true],"medium":["https:\/\/www.koncevisiontv.cl\/web\/wp-content\/uploads\/2025\/11\/file_20251107110423-300x169.jpg",300,169,true],"medium_large":["https:\/\/www.koncevisiontv.cl\/web\/wp-content\/uploads\/2025\/11\/file_20251107110423.jpg",640,360,false],"large":["https:\/\/www.koncevisiontv.cl\/web\/wp-content\/uploads\/2025\/11\/file_20251107110423.jpg",640,360,false],"1536x1536":["https:\/\/www.koncevisiontv.cl\/web\/wp-content\/uploads\/2025\/11\/file_20251107110423.jpg",710,399,false],"2048x2048":["https:\/\/www.koncevisiontv.cl\/web\/wp-content\/uploads\/2025\/11\/file_20251107110423.jpg",710,399,false],"darknews-featured":["https:\/\/www.koncevisiontv.cl\/web\/wp-content\/uploads\/2025\/11\/file_20251107110423.jpg",710,399,false],"darknews-large":["https:\/\/www.koncevisiontv.cl\/web\/wp-content\/uploads\/2025\/11\/file_20251107110423.jpg",710,399,false],"darknews-medium":["https:\/\/www.koncevisiontv.cl\/web\/wp-content\/uploads\/2025\/11\/file_20251107110423-590x399.jpg",590,399,true]},"uagb_author_info":{"display_name":"Web-Master","author_link":"https:\/\/www.koncevisiontv.cl\/web\/author\/koncevision\/"},"uagb_comment_info":0,"uagb_excerpt":"La jornada acad\u00e9mica matinal en el emblem\u00e1tico Instituto Nacional se vio interrumpida esta ma\u00f1ana tras registrarse nuevos y","_links":{"self":[{"href":"https:\/\/www.koncevisiontv.cl\/web\/wp-json\/wp\/v2\/posts\/12088","targetHints":{"allow":["GET"]}}],"collection":[{"href":"https:\/\/www.koncevisiontv.cl\/web\/wp-json\/wp\/v2\/posts"}],"about":[{"href":"https:\/\/www.koncevisiontv.cl\/web\/wp-json\/wp\/v2\/types\/post"}],"author":[{"embeddable":true,"href":"https:\/\/www.koncevisiontv.cl\/web\/wp-json\/wp\/v2\/users\/5"}],"replies":[{"embeddable":true,"href":"https:\/\/www.koncevisiontv.cl\/web\/wp-json\/wp\/v2\/comments?post=12088"}],"version-history":[{"count":1,"href":"https:\/\/www.koncevisiontv.cl\/web\/wp-json\/wp\/v2\/posts\/12088\/revisions"}],"predecessor-version":[{"id":12090,"href":"https:\/\/www.koncevisiontv.cl\/web\/wp-json\/wp\/v2\/posts\/12088\/revisions\/12090"}],"wp:featuredmedia":[{"embeddable":true,"href":"https:\/\/www.koncevisiontv.cl\/web\/wp-json\/wp\/v2\/media\/12089"}],"wp:attachment":[{"href":"https:\/\/www.koncevisiontv.cl\/web\/wp-json\/wp\/v2\/media?parent=12088"}],"wp:term":[{"taxonomy":"category","embeddable":true,"href":"https:\/\/www.koncevisiontv.cl\/web\/wp-json\/wp\/v2\/categories?post=12088"},{"taxonomy":"post_tag","embeddable":true,"href":"https:\/\/www.koncevisiontv.cl\/web\/wp-json\/wp\/v2\/tags?post=12088"}],"curies":[{"name":"wp","href":"https:\/\/api.w.org\/{rel}","templated":true}]}}