{"id":12091,"date":"2025-11-07T11:44:44","date_gmt":"2025-11-07T14:44:44","guid":{"rendered":"https:\/\/www.koncevisiontv.cl\/web\/?p=12091"},"modified":"2025-11-07T11:44:48","modified_gmt":"2025-11-07T14:44:48","slug":"doble-atentado-incendiario-en-vilcun-wam-se-atribuye-ataques-que-destruyeron-bodegas-y-maquinaria-en-la-araucania","status":"publish","type":"post","link":"https:\/\/www.koncevisiontv.cl\/web\/doble-atentado-incendiario-en-vilcun-wam-se-atribuye-ataques-que-destruyeron-bodegas-y-maquinaria-en-la-araucania\/","title":{"rendered":"Doble atentado incendiario en Vilc\u00fan: WAM se atribuye ataques que destruyeron bodegas y maquinaria en La Araucan\u00eda"},"content":{"rendered":"\n<p class=\"wp-block-paragraph\">La madrugada de este viernes, la comuna de Vilc\u00fan, Regi\u00f3n de La Araucan\u00eda, fue escenario de dos atentados incendiarios perpetrados casi simult\u00e1neamente cerca de las 02:45 horas. Ambos hechos fueron reivindicados por la organizaci\u00f3n radical <strong>Weich\u00e1n Auka Mapu (WAM)<\/strong>, que dej\u00f3 lienzos en los sitios exigiendo la &#8220;libertad a los presos mapuche&#8221;.<\/p>\n\n\n\n<p class=\"wp-block-paragraph\"><strong>Detalles de los Ataques:<\/strong><\/p>\n\n\n\n<ol start=\"1\" class=\"wp-block-list\">\n<li><strong>Fundo Traipo (Ruta S-273):<\/strong> Desconocidos incendiaron una bodega de grandes dimensiones que almacenaba maquinaria agr\u00edcola. El fuego consumi\u00f3 <strong>cuatro tractores<\/strong>, una m\u00e1quina de fertilizante, dos remolques, una gr\u00faa pluma, un galp\u00f3n de 754 m\u00b2 y un casino de 55 m\u00b2.<\/li>\n\n\n\n<li><strong>Ruta S-31:<\/strong> Un segundo ataque afect\u00f3 una bodega agr\u00edcola arrendada por un ciudadano individualizado como R.H.A., resultando la estructura completamente destruida.<\/li>\n<\/ol>\n\n\n\n<p class=\"wp-block-paragraph\">En el lugar de los ataques, los responsables dejaron pancartas con la consigna: &#8220;Libertad a los PPM M. Llanquileo, E. Montoya, L. Tranamil, N. Keupil. Nuestro objetivo es Wallmapu&#8221;.<\/p>\n\n\n\n<p class=\"wp-block-paragraph\">El fiscal Patricio Montecinos se dirigi\u00f3 a ambos puntos y lidera las diligencias de investigaci\u00f3n junto a personal especializado del <strong>Labocar y el OS9 de Carabineros<\/strong>, para recolectar evidencia y esclarecer la din\u00e1mica de los hechos.<\/p>\n\n\n\n<p class=\"wp-block-paragraph\">El diputado Miguel Mellado (IND) conden\u00f3 los actos, catalog\u00e1ndolos de &#8220;terroristas&#8221; y criticando que uno de los blancos fuera un empresario mapuche con un emprendimiento de semillas. El parlamentario neg\u00f3 que existan &#8220;presos pol\u00edticos mapuche&#8221; en Chile, como afirman los mensajes dejados por la WAM.<\/p>\n","protected":false},"excerpt":{"rendered":"<p>La madrugada de este viernes, la comuna de Vilc\u00fan, Regi\u00f3n de La Araucan\u00eda, fue escenario de dos atentados<\/p>\n","protected":false},"author":5,"featured_media":12092,"comment_status":"open","ping_status":"open","sticky":false,"template":"","format":"standard","meta":{"_crdt_document":"","_uag_custom_page_level_css":"","_sitemap_exclude":false,"_sitemap_priority":"","_sitemap_frequency":"","_joinchat":[],"footnotes":""},"categories":[482,14],"tags":[451],"class_list":["post-12091","post","type-post","status-publish","format-standard","has-post-thumbnail","hentry","category-agresion","category-nacional","tag-regiondelaaraucania"],"featured_image_urls":{"full":["https:\/\/www.koncevisiontv.cl\/web\/wp-content\/uploads\/2025\/11\/file_20251107101725.jpg",710,399,false],"thumbnail":["https:\/\/www.koncevisiontv.cl\/web\/wp-content\/uploads\/2025\/11\/file_20251107101725-150x150.jpg",150,150,true],"medium":["https:\/\/www.koncevisiontv.cl\/web\/wp-content\/uploads\/2025\/11\/file_20251107101725-300x169.jpg",300,169,true],"medium_large":["https:\/\/www.koncevisiontv.cl\/web\/wp-content\/uploads\/2025\/11\/file_20251107101725.jpg",640,360,false],"large":["https:\/\/www.koncevisiontv.cl\/web\/wp-content\/uploads\/2025\/11\/file_20251107101725.jpg",640,360,false],"1536x1536":["https:\/\/www.koncevisiontv.cl\/web\/wp-content\/uploads\/2025\/11\/file_20251107101725.jpg",710,399,false],"2048x2048":["https:\/\/www.koncevisiontv.cl\/web\/wp-content\/uploads\/2025\/11\/file_20251107101725.jpg",710,399,false],"darknews-featured":["https:\/\/www.koncevisiontv.cl\/web\/wp-content\/uploads\/2025\/11\/file_20251107101725.jpg",710,399,false],"darknews-large":["https:\/\/www.koncevisiontv.cl\/web\/wp-content\/uploads\/2025\/11\/file_20251107101725.jpg",710,399,false],"darknews-medium":["https:\/\/www.koncevisiontv.cl\/web\/wp-content\/uploads\/2025\/11\/file_20251107101725-590x399.jpg",590,399,true]},"author_info":{"info":["Web-Master"]},"category_info":"<a href=\"https:\/\/www.koncevisiontv.cl\/web\/category\/agresion\/\" rel=\"category tag\">Agresi\u00f3n<\/a> <a href=\"https:\/\/www.koncevisiontv.cl\/web\/category\/nacional\/\" rel=\"category tag\">Nacional<\/a>","tag_info":"Nacional","comment_count":"0","uagb_featured_image_src":{"full":["https:\/\/www.koncevisiontv.cl\/web\/wp-content\/uploads\/2025\/11\/file_20251107101725.jpg",710,399,false],"thumbnail":["https:\/\/www.koncevisiontv.cl\/web\/wp-content\/uploads\/2025\/11\/file_20251107101725-150x150.jpg",150,150,true],"medium":["https:\/\/www.koncevisiontv.cl\/web\/wp-content\/uploads\/2025\/11\/file_20251107101725-300x169.jpg",300,169,true],"medium_large":["https:\/\/www.koncevisiontv.cl\/web\/wp-content\/uploads\/2025\/11\/file_20251107101725.jpg",640,360,false],"large":["https:\/\/www.koncevisiontv.cl\/web\/wp-content\/uploads\/2025\/11\/file_20251107101725.jpg",640,360,false],"1536x1536":["https:\/\/www.koncevisiontv.cl\/web\/wp-content\/uploads\/2025\/11\/file_20251107101725.jpg",710,399,false],"2048x2048":["https:\/\/www.koncevisiontv.cl\/web\/wp-content\/uploads\/2025\/11\/file_20251107101725.jpg",710,399,false],"darknews-featured":["https:\/\/www.koncevisiontv.cl\/web\/wp-content\/uploads\/2025\/11\/file_20251107101725.jpg",710,399,false],"darknews-large":["https:\/\/www.koncevisiontv.cl\/web\/wp-content\/uploads\/2025\/11\/file_20251107101725.jpg",710,399,false],"darknews-medium":["https:\/\/www.koncevisiontv.cl\/web\/wp-content\/uploads\/2025\/11\/file_20251107101725-590x399.jpg",590,399,true]},"uagb_author_info":{"display_name":"Web-Master","author_link":"https:\/\/www.koncevisiontv.cl\/web\/author\/koncevision\/"},"uagb_comment_info":0,"uagb_excerpt":"La madrugada de este viernes, la comuna de Vilc\u00fan, Regi\u00f3n de La Araucan\u00eda, fue escenario de dos atentados","_links":{"self":[{"href":"https:\/\/www.koncevisiontv.cl\/web\/wp-json\/wp\/v2\/posts\/12091","targetHints":{"allow":["GET"]}}],"collection":[{"href":"https:\/\/www.koncevisiontv.cl\/web\/wp-json\/wp\/v2\/posts"}],"about":[{"href":"https:\/\/www.koncevisiontv.cl\/web\/wp-json\/wp\/v2\/types\/post"}],"author":[{"embeddable":true,"href":"https:\/\/www.koncevisiontv.cl\/web\/wp-json\/wp\/v2\/users\/5"}],"replies":[{"embeddable":true,"href":"https:\/\/www.koncevisiontv.cl\/web\/wp-json\/wp\/v2\/comments?post=12091"}],"version-history":[{"count":1,"href":"https:\/\/www.koncevisiontv.cl\/web\/wp-json\/wp\/v2\/posts\/12091\/revisions"}],"predecessor-version":[{"id":12093,"href":"https:\/\/www.koncevisiontv.cl\/web\/wp-json\/wp\/v2\/posts\/12091\/revisions\/12093"}],"wp:featuredmedia":[{"embeddable":true,"href":"https:\/\/www.koncevisiontv.cl\/web\/wp-json\/wp\/v2\/media\/12092"}],"wp:attachment":[{"href":"https:\/\/www.koncevisiontv.cl\/web\/wp-json\/wp\/v2\/media?parent=12091"}],"wp:term":[{"taxonomy":"category","embeddable":true,"href":"https:\/\/www.koncevisiontv.cl\/web\/wp-json\/wp\/v2\/categories?post=12091"},{"taxonomy":"post_tag","embeddable":true,"href":"https:\/\/www.koncevisiontv.cl\/web\/wp-json\/wp\/v2\/tags?post=12091"}],"curies":[{"name":"wp","href":"https:\/\/api.w.org\/{rel}","templated":true}]}}