{"id":12094,"date":"2025-11-07T13:07:30","date_gmt":"2025-11-07T16:07:30","guid":{"rendered":"https:\/\/www.koncevisiontv.cl\/web\/?p=12094"},"modified":"2025-11-07T13:07:33","modified_gmt":"2025-11-07T16:07:33","slug":"mario-marcel-interviene-en-debate-presupuestario-la-glosa-republicana-la-invente-yo-pero-hoy-la-situacion-fiscal-es-diferente","status":"publish","type":"post","link":"https:\/\/www.koncevisiontv.cl\/web\/mario-marcel-interviene-en-debate-presupuestario-la-glosa-republicana-la-invente-yo-pero-hoy-la-situacion-fiscal-es-diferente\/","title":{"rendered":"Mario Marcel interviene en debate presupuestario: &#8220;La glosa republicana la invent\u00e9 yo&#8221;, pero hoy la situaci\u00f3n fiscal es diferente"},"content":{"rendered":"\n<p class=\"wp-block-paragraph\">El exministro de Hacienda, Mario Marcel, se sum\u00f3 a la discusi\u00f3n en torno al Presupuesto 2026, tras el rechazo casi total del proyecto en la Comisi\u00f3n Mixta del Congreso la semana anterior. Marcel, quien particip\u00f3 en el dise\u00f1o inicial del erario, abord\u00f3 la controversia sobre la eliminaci\u00f3n de la denominada &#8220;glosa republicana&#8221; y la solicitud de mayores recortes de gasto.<\/p>\n\n\n\n<p class=\"wp-block-paragraph\">Marcel identific\u00f3 una <strong>&#8220;contradicci\u00f3n fundamental&#8221;<\/strong> en el debate: mientras un sector de la pol\u00edtica aboga por recortes profundos en el gasto p\u00fablico, simult\u00e1neamente se exige reponer la glosa republicana y otros \u00edtems que, de facto, implican un <strong>aumento de gastos<\/strong>.<\/p>\n\n\n\n<p class=\"wp-block-paragraph\">Respecto a la glosa \u2014recursos de libre disposici\u00f3n para la nueva administraci\u00f3n\u2014, el exjefe de las finanzas p\u00fablicas sorprendi\u00f3 al revelar:<\/p>\n\n\n\n<blockquote class=\"wp-block-quote is-layout-flow wp-block-quote-is-layout-flow\">\n<p class=\"wp-block-paragraph\"><strong>&#8220;La glosa republicana la invent\u00e9 yo cuando era director de Presupuestos al final del gobierno del presidente Lagos&#8221;<\/strong>.<\/p>\n<\/blockquote>\n\n\n\n<p class=\"wp-block-paragraph\">Sin embargo, Marcel enfatiz\u00f3 que el contexto econ\u00f3mico actual es radicalmente distinto al de su creaci\u00f3n: &#8220;Era una \u00e9poca en que los ingresos eran muy abundantes, est\u00e1bamos en un buen momento, hab\u00eda un alto precio del cobre [&#8230;] pero <strong>esa no es la situaci\u00f3n que tenemos hoy d\u00eda<\/strong>&#8220;. Recalc\u00f3 que la coyuntura fiscal es &#8220;m\u00e1s estrecha&#8221; y que el pa\u00eds a\u00fan requiere llevar a cabo una consolidaci\u00f3n fiscal.<\/p>\n\n\n\n<p class=\"wp-block-paragraph\">El economista tambi\u00e9n abord\u00f3 las cr\u00edticas sobre la salud financiera del pa\u00eds, asegurando que las cifras fiscales cerrar\u00e1n el a\u00f1o con una <strong>deuda p\u00fablica por debajo del l\u00edmite prudencial<\/strong> establecido en la regla fiscal. De esta forma, desestim\u00f3 la idea difundida en la campa\u00f1a presidencial de un &#8220;desequilibrio fiscal descontrolado&#8221;.<\/p>\n","protected":false},"excerpt":{"rendered":"<p>El exministro de Hacienda, Mario Marcel, se sum\u00f3 a la discusi\u00f3n en torno al Presupuesto 2026, tras el<\/p>\n","protected":false},"author":5,"featured_media":12095,"comment_status":"open","ping_status":"open","sticky":false,"template":"","format":"standard","meta":{"_crdt_document":"","_uag_custom_page_level_css":"","_sitemap_exclude":false,"_sitemap_priority":"","_sitemap_frequency":"","_joinchat":[],"footnotes":""},"categories":[207,14,427],"tags":[152],"class_list":["post-12094","post","type-post","status-publish","format-standard","has-post-thumbnail","hentry","category-economia","category-nacional","category-politica-2","tag-chile"],"featured_image_urls":{"full":["https:\/\/www.koncevisiontv.cl\/web\/wp-content\/uploads\/2025\/11\/file_20251107124328.jpg",849,477,false],"thumbnail":["https:\/\/www.koncevisiontv.cl\/web\/wp-content\/uploads\/2025\/11\/file_20251107124328-150x150.jpg",150,150,true],"medium":["https:\/\/www.koncevisiontv.cl\/web\/wp-content\/uploads\/2025\/11\/file_20251107124328-300x169.jpg",300,169,true],"medium_large":["https:\/\/www.koncevisiontv.cl\/web\/wp-content\/uploads\/2025\/11\/file_20251107124328-768x431.jpg",640,359,true],"large":["https:\/\/www.koncevisiontv.cl\/web\/wp-content\/uploads\/2025\/11\/file_20251107124328.jpg",640,360,false],"1536x1536":["https:\/\/www.koncevisiontv.cl\/web\/wp-content\/uploads\/2025\/11\/file_20251107124328.jpg",849,477,false],"2048x2048":["https:\/\/www.koncevisiontv.cl\/web\/wp-content\/uploads\/2025\/11\/file_20251107124328.jpg",849,477,false],"darknews-featured":["https:\/\/www.koncevisiontv.cl\/web\/wp-content\/uploads\/2025\/11\/file_20251107124328.jpg",849,477,false],"darknews-large":["https:\/\/www.koncevisiontv.cl\/web\/wp-content\/uploads\/2025\/11\/file_20251107124328-825x477.jpg",825,477,true],"darknews-medium":["https:\/\/www.koncevisiontv.cl\/web\/wp-content\/uploads\/2025\/11\/file_20251107124328-590x410.jpg",590,410,true]},"author_info":{"info":["Web-Master"]},"category_info":"<a href=\"https:\/\/www.koncevisiontv.cl\/web\/category\/economia\/\" rel=\"category tag\">Econom\u00eda<\/a> <a href=\"https:\/\/www.koncevisiontv.cl\/web\/category\/nacional\/\" rel=\"category tag\">Nacional<\/a> <a href=\"https:\/\/www.koncevisiontv.cl\/web\/category\/politica-2\/\" rel=\"category tag\">Pol\u00edtica<\/a>","tag_info":"Pol\u00edtica","comment_count":"0","uagb_featured_image_src":{"full":["https:\/\/www.koncevisiontv.cl\/web\/wp-content\/uploads\/2025\/11\/file_20251107124328.jpg",849,477,false],"thumbnail":["https:\/\/www.koncevisiontv.cl\/web\/wp-content\/uploads\/2025\/11\/file_20251107124328-150x150.jpg",150,150,true],"medium":["https:\/\/www.koncevisiontv.cl\/web\/wp-content\/uploads\/2025\/11\/file_20251107124328-300x169.jpg",300,169,true],"medium_large":["https:\/\/www.koncevisiontv.cl\/web\/wp-content\/uploads\/2025\/11\/file_20251107124328-768x431.jpg",640,359,true],"large":["https:\/\/www.koncevisiontv.cl\/web\/wp-content\/uploads\/2025\/11\/file_20251107124328.jpg",640,360,false],"1536x1536":["https:\/\/www.koncevisiontv.cl\/web\/wp-content\/uploads\/2025\/11\/file_20251107124328.jpg",849,477,false],"2048x2048":["https:\/\/www.koncevisiontv.cl\/web\/wp-content\/uploads\/2025\/11\/file_20251107124328.jpg",849,477,false],"darknews-featured":["https:\/\/www.koncevisiontv.cl\/web\/wp-content\/uploads\/2025\/11\/file_20251107124328.jpg",849,477,false],"darknews-large":["https:\/\/www.koncevisiontv.cl\/web\/wp-content\/uploads\/2025\/11\/file_20251107124328-825x477.jpg",825,477,true],"darknews-medium":["https:\/\/www.koncevisiontv.cl\/web\/wp-content\/uploads\/2025\/11\/file_20251107124328-590x410.jpg",590,410,true]},"uagb_author_info":{"display_name":"Web-Master","author_link":"https:\/\/www.koncevisiontv.cl\/web\/author\/koncevision\/"},"uagb_comment_info":0,"uagb_excerpt":"El exministro de Hacienda, Mario Marcel, se sum\u00f3 a la discusi\u00f3n en torno al Presupuesto 2026, tras el","_links":{"self":[{"href":"https:\/\/www.koncevisiontv.cl\/web\/wp-json\/wp\/v2\/posts\/12094","targetHints":{"allow":["GET"]}}],"collection":[{"href":"https:\/\/www.koncevisiontv.cl\/web\/wp-json\/wp\/v2\/posts"}],"about":[{"href":"https:\/\/www.koncevisiontv.cl\/web\/wp-json\/wp\/v2\/types\/post"}],"author":[{"embeddable":true,"href":"https:\/\/www.koncevisiontv.cl\/web\/wp-json\/wp\/v2\/users\/5"}],"replies":[{"embeddable":true,"href":"https:\/\/www.koncevisiontv.cl\/web\/wp-json\/wp\/v2\/comments?post=12094"}],"version-history":[{"count":1,"href":"https:\/\/www.koncevisiontv.cl\/web\/wp-json\/wp\/v2\/posts\/12094\/revisions"}],"predecessor-version":[{"id":12096,"href":"https:\/\/www.koncevisiontv.cl\/web\/wp-json\/wp\/v2\/posts\/12094\/revisions\/12096"}],"wp:featuredmedia":[{"embeddable":true,"href":"https:\/\/www.koncevisiontv.cl\/web\/wp-json\/wp\/v2\/media\/12095"}],"wp:attachment":[{"href":"https:\/\/www.koncevisiontv.cl\/web\/wp-json\/wp\/v2\/media?parent=12094"}],"wp:term":[{"taxonomy":"category","embeddable":true,"href":"https:\/\/www.koncevisiontv.cl\/web\/wp-json\/wp\/v2\/categories?post=12094"},{"taxonomy":"post_tag","embeddable":true,"href":"https:\/\/www.koncevisiontv.cl\/web\/wp-json\/wp\/v2\/tags?post=12094"}],"curies":[{"name":"wp","href":"https:\/\/api.w.org\/{rel}","templated":true}]}}