{"id":12097,"date":"2025-11-07T13:25:05","date_gmt":"2025-11-07T16:25:05","guid":{"rendered":"https:\/\/www.koncevisiontv.cl\/web\/?p=12097"},"modified":"2025-11-07T13:25:10","modified_gmt":"2025-11-07T16:25:10","slug":"marco-enriquez-ominami-cuestiona-a-jose-antonio-kast-manipula-el-miedo-con-capsula-blindada-y-discurso-alarmista","status":"publish","type":"post","link":"https:\/\/www.koncevisiontv.cl\/web\/marco-enriquez-ominami-cuestiona-a-jose-antonio-kast-manipula-el-miedo-con-capsula-blindada-y-discurso-alarmista\/","title":{"rendered":"Marco Enr\u00edquez-Ominami cuestiona a Jos\u00e9 Antonio Kast: &#8220;Manipula el miedo&#8221; con &#8220;c\u00e1psula&#8221; blindada y discurso alarmista"},"content":{"rendered":"\n<p class=\"wp-block-paragraph\">El candidato presidencial independiente, Marco Enr\u00edquez-Ominami (ME-O), critic\u00f3 duramente la estrategia de campa\u00f1a de su contendor, Jos\u00e9 Antonio Kast (REP), a quien acus\u00f3 de utilizar el miedo de la ciudadan\u00eda para obtener r\u00e9ditos electorales. El emplazamiento surgi\u00f3 tras el acto de cierre de campa\u00f1a de Kast en Vi\u00f1a del Mar, donde el abanderado se present\u00f3 protegido por una estructura con tres paredes de vidrio blindado.<\/p>\n\n\n\n<p class=\"wp-block-paragraph\">ME-O sostuvo que la candidatura de Kast se basa en la <strong>&#8220;manipulaci\u00f3n del miedo&#8221;<\/strong>, citando como ejemplos la escenograf\u00eda de los vidrios, el uso de chalecos antibalas, las propuestas de minas antipersonales y la menci\u00f3n a indultos para condenados por violaciones a los Derechos Humanos.<\/p>\n\n\n\n<blockquote class=\"wp-block-quote is-layout-flow wp-block-quote-is-layout-flow\">\n<p class=\"wp-block-paragraph\">&#8220;Una elecci\u00f3n siempre es un dilema entre el miedo y la esperanza. Nosotros creemos en la esperanza, en las soluciones&#8221;, afirm\u00f3 Enr\u00edquez-Ominami.<\/p>\n<\/blockquote>\n\n\n\n<p class=\"wp-block-paragraph\">El aspirante presidencial extendi\u00f3 su cr\u00edtica a las dem\u00e1s candidaturas de derecha, a quienes acus\u00f3 de tener <strong>&#8220;programas econ\u00f3micos mentirosos&#8221;<\/strong> sin respaldo financiero, lo que les obliga a desviar el debate hacia temas controversiales y falsos. ME-O cuestion\u00f3 que los candidatos de derecha utilicen un discurso de &#8220;mano dura&#8221; sin haber realizado servicio militar ni presentar propuestas financieras s\u00f3lidas.<\/p>\n\n\n\n<p class=\"wp-block-paragraph\">Finalmente, Enr\u00edquez-Ominami compar\u00f3 las t\u00e1cticas de Kast con las del expresidente estadounidense Donald Trump, calific\u00e1ndolos de <strong>&#8220;p\u00e9simos alumnos de Trump&#8221;<\/strong>. Asegur\u00f3 que su propia candidatura es la \u00fanica capaz de confrontar las &#8220;provocaciones odiosas&#8221; y desatadas de la derecha, como las relacionadas con Punta Peuco.<\/p>\n","protected":false},"excerpt":{"rendered":"<p>El candidato presidencial independiente, Marco Enr\u00edquez-Ominami (ME-O), critic\u00f3 duramente la estrategia de campa\u00f1a de su contendor, Jos\u00e9 Antonio<\/p>\n","protected":false},"author":5,"featured_media":12098,"comment_status":"open","ping_status":"open","sticky":false,"template":"","format":"standard","meta":{"_crdt_document":"","_uag_custom_page_level_css":"","_sitemap_exclude":false,"_sitemap_priority":"","_sitemap_frequency":"","_joinchat":[],"footnotes":""},"categories":[447,14,427,440],"tags":[152],"class_list":["post-12097","post","type-post","status-publish","format-standard","has-post-thumbnail","hentry","category-elecciones2025","category-nacional","category-politica-2","category-presidenciales-2025","tag-chile"],"featured_image_urls":{"full":["https:\/\/www.koncevisiontv.cl\/web\/wp-content\/uploads\/2025\/11\/me-o-critica-uso-de-capsula-de-vidrio-blindado-de-kast-es-una-candidatura-que-promueve-el-miedo.png",1200,633,false],"thumbnail":["https:\/\/www.koncevisiontv.cl\/web\/wp-content\/uploads\/2025\/11\/me-o-critica-uso-de-capsula-de-vidrio-blindado-de-kast-es-una-candidatura-que-promueve-el-miedo-150x150.png",150,150,true],"medium":["https:\/\/www.koncevisiontv.cl\/web\/wp-content\/uploads\/2025\/11\/me-o-critica-uso-de-capsula-de-vidrio-blindado-de-kast-es-una-candidatura-que-promueve-el-miedo-300x158.png",300,158,true],"medium_large":["https:\/\/www.koncevisiontv.cl\/web\/wp-content\/uploads\/2025\/11\/me-o-critica-uso-de-capsula-de-vidrio-blindado-de-kast-es-una-candidatura-que-promueve-el-miedo-768x405.png",640,338,true],"large":["https:\/\/www.koncevisiontv.cl\/web\/wp-content\/uploads\/2025\/11\/me-o-critica-uso-de-capsula-de-vidrio-blindado-de-kast-es-una-candidatura-que-promueve-el-miedo-1024x540.png",640,338,true],"1536x1536":["https:\/\/www.koncevisiontv.cl\/web\/wp-content\/uploads\/2025\/11\/me-o-critica-uso-de-capsula-de-vidrio-blindado-de-kast-es-una-candidatura-que-promueve-el-miedo.png",1200,633,false],"2048x2048":["https:\/\/www.koncevisiontv.cl\/web\/wp-content\/uploads\/2025\/11\/me-o-critica-uso-de-capsula-de-vidrio-blindado-de-kast-es-una-candidatura-que-promueve-el-miedo.png",1200,633,false],"darknews-featured":["https:\/\/www.koncevisiontv.cl\/web\/wp-content\/uploads\/2025\/11\/me-o-critica-uso-de-capsula-de-vidrio-blindado-de-kast-es-una-candidatura-que-promueve-el-miedo-1024x540.png",1024,540,true],"darknews-large":["https:\/\/www.koncevisiontv.cl\/web\/wp-content\/uploads\/2025\/11\/me-o-critica-uso-de-capsula-de-vidrio-blindado-de-kast-es-una-candidatura-que-promueve-el-miedo-825x575.png",825,575,true],"darknews-medium":["https:\/\/www.koncevisiontv.cl\/web\/wp-content\/uploads\/2025\/11\/me-o-critica-uso-de-capsula-de-vidrio-blindado-de-kast-es-una-candidatura-que-promueve-el-miedo-590x410.png",590,410,true]},"author_info":{"info":["Web-Master"]},"category_info":"<a href=\"https:\/\/www.koncevisiontv.cl\/web\/category\/elecciones2025\/\" rel=\"category tag\">Elecciones2025<\/a> <a href=\"https:\/\/www.koncevisiontv.cl\/web\/category\/nacional\/\" rel=\"category tag\">Nacional<\/a> <a href=\"https:\/\/www.koncevisiontv.cl\/web\/category\/politica-2\/\" rel=\"category tag\">Pol\u00edtica<\/a> <a href=\"https:\/\/www.koncevisiontv.cl\/web\/category\/presidenciales-2025\/\" rel=\"category tag\">Presidenciales 2025<\/a>","tag_info":"Presidenciales 2025","comment_count":"0","uagb_featured_image_src":{"full":["https:\/\/www.koncevisiontv.cl\/web\/wp-content\/uploads\/2025\/11\/me-o-critica-uso-de-capsula-de-vidrio-blindado-de-kast-es-una-candidatura-que-promueve-el-miedo.png",1200,633,false],"thumbnail":["https:\/\/www.koncevisiontv.cl\/web\/wp-content\/uploads\/2025\/11\/me-o-critica-uso-de-capsula-de-vidrio-blindado-de-kast-es-una-candidatura-que-promueve-el-miedo-150x150.png",150,150,true],"medium":["https:\/\/www.koncevisiontv.cl\/web\/wp-content\/uploads\/2025\/11\/me-o-critica-uso-de-capsula-de-vidrio-blindado-de-kast-es-una-candidatura-que-promueve-el-miedo-300x158.png",300,158,true],"medium_large":["https:\/\/www.koncevisiontv.cl\/web\/wp-content\/uploads\/2025\/11\/me-o-critica-uso-de-capsula-de-vidrio-blindado-de-kast-es-una-candidatura-que-promueve-el-miedo-768x405.png",640,338,true],"large":["https:\/\/www.koncevisiontv.cl\/web\/wp-content\/uploads\/2025\/11\/me-o-critica-uso-de-capsula-de-vidrio-blindado-de-kast-es-una-candidatura-que-promueve-el-miedo-1024x540.png",640,338,true],"1536x1536":["https:\/\/www.koncevisiontv.cl\/web\/wp-content\/uploads\/2025\/11\/me-o-critica-uso-de-capsula-de-vidrio-blindado-de-kast-es-una-candidatura-que-promueve-el-miedo.png",1200,633,false],"2048x2048":["https:\/\/www.koncevisiontv.cl\/web\/wp-content\/uploads\/2025\/11\/me-o-critica-uso-de-capsula-de-vidrio-blindado-de-kast-es-una-candidatura-que-promueve-el-miedo.png",1200,633,false],"darknews-featured":["https:\/\/www.koncevisiontv.cl\/web\/wp-content\/uploads\/2025\/11\/me-o-critica-uso-de-capsula-de-vidrio-blindado-de-kast-es-una-candidatura-que-promueve-el-miedo-1024x540.png",1024,540,true],"darknews-large":["https:\/\/www.koncevisiontv.cl\/web\/wp-content\/uploads\/2025\/11\/me-o-critica-uso-de-capsula-de-vidrio-blindado-de-kast-es-una-candidatura-que-promueve-el-miedo-825x575.png",825,575,true],"darknews-medium":["https:\/\/www.koncevisiontv.cl\/web\/wp-content\/uploads\/2025\/11\/me-o-critica-uso-de-capsula-de-vidrio-blindado-de-kast-es-una-candidatura-que-promueve-el-miedo-590x410.png",590,410,true]},"uagb_author_info":{"display_name":"Web-Master","author_link":"https:\/\/www.koncevisiontv.cl\/web\/author\/koncevision\/"},"uagb_comment_info":0,"uagb_excerpt":"El candidato presidencial independiente, Marco Enr\u00edquez-Ominami (ME-O), critic\u00f3 duramente la estrategia de campa\u00f1a de su contendor, Jos\u00e9 Antonio","_links":{"self":[{"href":"https:\/\/www.koncevisiontv.cl\/web\/wp-json\/wp\/v2\/posts\/12097","targetHints":{"allow":["GET"]}}],"collection":[{"href":"https:\/\/www.koncevisiontv.cl\/web\/wp-json\/wp\/v2\/posts"}],"about":[{"href":"https:\/\/www.koncevisiontv.cl\/web\/wp-json\/wp\/v2\/types\/post"}],"author":[{"embeddable":true,"href":"https:\/\/www.koncevisiontv.cl\/web\/wp-json\/wp\/v2\/users\/5"}],"replies":[{"embeddable":true,"href":"https:\/\/www.koncevisiontv.cl\/web\/wp-json\/wp\/v2\/comments?post=12097"}],"version-history":[{"count":1,"href":"https:\/\/www.koncevisiontv.cl\/web\/wp-json\/wp\/v2\/posts\/12097\/revisions"}],"predecessor-version":[{"id":12099,"href":"https:\/\/www.koncevisiontv.cl\/web\/wp-json\/wp\/v2\/posts\/12097\/revisions\/12099"}],"wp:featuredmedia":[{"embeddable":true,"href":"https:\/\/www.koncevisiontv.cl\/web\/wp-json\/wp\/v2\/media\/12098"}],"wp:attachment":[{"href":"https:\/\/www.koncevisiontv.cl\/web\/wp-json\/wp\/v2\/media?parent=12097"}],"wp:term":[{"taxonomy":"category","embeddable":true,"href":"https:\/\/www.koncevisiontv.cl\/web\/wp-json\/wp\/v2\/categories?post=12097"},{"taxonomy":"post_tag","embeddable":true,"href":"https:\/\/www.koncevisiontv.cl\/web\/wp-json\/wp\/v2\/tags?post=12097"}],"curies":[{"name":"wp","href":"https:\/\/api.w.org\/{rel}","templated":true}]}}