{"id":12110,"date":"2025-11-07T15:20:47","date_gmt":"2025-11-07T18:20:47","guid":{"rendered":"https:\/\/www.koncevisiontv.cl\/web\/?p=12110"},"modified":"2025-11-07T15:20:55","modified_gmt":"2025-11-07T18:20:55","slug":"homicidio-en-puerto-montt-hombre-fallece-tras-der-apunalado-por-grupo-de-desconocidos-en-la-via-publica","status":"publish","type":"post","link":"https:\/\/www.koncevisiontv.cl\/web\/homicidio-en-puerto-montt-hombre-fallece-tras-der-apunalado-por-grupo-de-desconocidos-en-la-via-publica\/","title":{"rendered":"Homicidio en Puerto Montt: Hombre fallece tras der apu\u00f1alado por grupo de desconocidos en la v\u00eda p\u00fablica"},"content":{"rendered":"\n<p class=\"wp-block-paragraph\">Un violento suceso se registr\u00f3 en Puerto Montt, Regi\u00f3n de Los Lagos, donde un hombre perdi\u00f3 la vida tras ser atacado con un arma blanca en plena calle. El incidente tuvo lugar en la calle Santa Mar\u00eda, justo despu\u00e9s del paso sobre nivel de la Avenida Salvador Allende.<\/p>\n\n\n\n<p class=\"wp-block-paragraph\">Seg\u00fan la informaci\u00f3n recabada, la v\u00edctima fue interceptada por un <strong>grupo indeterminado de individuos<\/strong> quienes procedieron a agredirlo con un cuchillo o similar. Tras el ataque, el hombre se desplom\u00f3 en el lugar.<\/p>\n\n\n\n<p class=\"wp-block-paragraph\">Equipos del Servicio de Atenci\u00f3n M\u00e9dica de Urgencia (SAMU) se trasladaron r\u00e1pidamente al sitio del suceso para prestar auxilio al herido, pero a pesar de los esfuerzos de reanimaci\u00f3n, el personal m\u00e9dico no pudo revertir la gravedad de las lesiones, confirmando su fallecimiento.<\/p>\n\n\n\n<p class=\"wp-block-paragraph\">Las diligencias investigativas para esclarecer las circunstancias del ataque, identificar a los agresores y dar con su paradero han quedado a cargo de las unidades especializadas de Carabineros: el <strong>OS9 (Secci\u00f3n de Investigaci\u00f3n de Organizaciones Criminales)<\/strong> y el <strong>Labocar (Laboratorio de Criminal\u00edstica)<\/strong>.<\/p>\n","protected":false},"excerpt":{"rendered":"<p>Un violento suceso se registr\u00f3 en Puerto Montt, Regi\u00f3n de Los Lagos, donde un hombre perdi\u00f3 la vida<\/p>\n","protected":false},"author":5,"featured_media":12111,"comment_status":"open","ping_status":"open","sticky":false,"template":"","format":"standard","meta":{"_crdt_document":"","_uag_custom_page_level_css":"","_sitemap_exclude":false,"_sitemap_priority":"","_sitemap_frequency":"","_joinchat":[],"footnotes":""},"categories":[504,209,14,512],"tags":[464],"class_list":["post-12110","post","type-post","status-publish","format-standard","has-post-thumbnail","hentry","category-crimen","category-homicidio","category-nacional","category-puerto-montt","tag-region-de-los-lagos"],"featured_image_urls":{"full":["https:\/\/www.koncevisiontv.cl\/web\/wp-content\/uploads\/2025\/11\/WhatsApp-Image-2025-11-07-at-13.26.27.jpeg",1200,633,false],"thumbnail":["https:\/\/www.koncevisiontv.cl\/web\/wp-content\/uploads\/2025\/11\/WhatsApp-Image-2025-11-07-at-13.26.27-150x150.jpeg",150,150,true],"medium":["https:\/\/www.koncevisiontv.cl\/web\/wp-content\/uploads\/2025\/11\/WhatsApp-Image-2025-11-07-at-13.26.27-300x158.jpeg",300,158,true],"medium_large":["https:\/\/www.koncevisiontv.cl\/web\/wp-content\/uploads\/2025\/11\/WhatsApp-Image-2025-11-07-at-13.26.27-768x405.jpeg",640,338,true],"large":["https:\/\/www.koncevisiontv.cl\/web\/wp-content\/uploads\/2025\/11\/WhatsApp-Image-2025-11-07-at-13.26.27-1024x540.jpeg",640,338,true],"1536x1536":["https:\/\/www.koncevisiontv.cl\/web\/wp-content\/uploads\/2025\/11\/WhatsApp-Image-2025-11-07-at-13.26.27.jpeg",1200,633,false],"2048x2048":["https:\/\/www.koncevisiontv.cl\/web\/wp-content\/uploads\/2025\/11\/WhatsApp-Image-2025-11-07-at-13.26.27.jpeg",1200,633,false],"darknews-featured":["https:\/\/www.koncevisiontv.cl\/web\/wp-content\/uploads\/2025\/11\/WhatsApp-Image-2025-11-07-at-13.26.27-1024x540.jpeg",1024,540,true],"darknews-large":["https:\/\/www.koncevisiontv.cl\/web\/wp-content\/uploads\/2025\/11\/WhatsApp-Image-2025-11-07-at-13.26.27-825x575.jpeg",825,575,true],"darknews-medium":["https:\/\/www.koncevisiontv.cl\/web\/wp-content\/uploads\/2025\/11\/WhatsApp-Image-2025-11-07-at-13.26.27-590x410.jpeg",590,410,true]},"author_info":{"info":["Web-Master"]},"category_info":"<a href=\"https:\/\/www.koncevisiontv.cl\/web\/category\/crimen\/\" rel=\"category tag\">Crimen<\/a> <a href=\"https:\/\/www.koncevisiontv.cl\/web\/category\/homicidio\/\" rel=\"category tag\">Homicidio<\/a> <a href=\"https:\/\/www.koncevisiontv.cl\/web\/category\/nacional\/\" rel=\"category tag\">Nacional<\/a> <a href=\"https:\/\/www.koncevisiontv.cl\/web\/category\/puerto-montt\/\" rel=\"category tag\">Puerto Montt<\/a>","tag_info":"Puerto Montt","comment_count":"0","uagb_featured_image_src":{"full":["https:\/\/www.koncevisiontv.cl\/web\/wp-content\/uploads\/2025\/11\/WhatsApp-Image-2025-11-07-at-13.26.27.jpeg",1200,633,false],"thumbnail":["https:\/\/www.koncevisiontv.cl\/web\/wp-content\/uploads\/2025\/11\/WhatsApp-Image-2025-11-07-at-13.26.27-150x150.jpeg",150,150,true],"medium":["https:\/\/www.koncevisiontv.cl\/web\/wp-content\/uploads\/2025\/11\/WhatsApp-Image-2025-11-07-at-13.26.27-300x158.jpeg",300,158,true],"medium_large":["https:\/\/www.koncevisiontv.cl\/web\/wp-content\/uploads\/2025\/11\/WhatsApp-Image-2025-11-07-at-13.26.27-768x405.jpeg",640,338,true],"large":["https:\/\/www.koncevisiontv.cl\/web\/wp-content\/uploads\/2025\/11\/WhatsApp-Image-2025-11-07-at-13.26.27-1024x540.jpeg",640,338,true],"1536x1536":["https:\/\/www.koncevisiontv.cl\/web\/wp-content\/uploads\/2025\/11\/WhatsApp-Image-2025-11-07-at-13.26.27.jpeg",1200,633,false],"2048x2048":["https:\/\/www.koncevisiontv.cl\/web\/wp-content\/uploads\/2025\/11\/WhatsApp-Image-2025-11-07-at-13.26.27.jpeg",1200,633,false],"darknews-featured":["https:\/\/www.koncevisiontv.cl\/web\/wp-content\/uploads\/2025\/11\/WhatsApp-Image-2025-11-07-at-13.26.27-1024x540.jpeg",1024,540,true],"darknews-large":["https:\/\/www.koncevisiontv.cl\/web\/wp-content\/uploads\/2025\/11\/WhatsApp-Image-2025-11-07-at-13.26.27-825x575.jpeg",825,575,true],"darknews-medium":["https:\/\/www.koncevisiontv.cl\/web\/wp-content\/uploads\/2025\/11\/WhatsApp-Image-2025-11-07-at-13.26.27-590x410.jpeg",590,410,true]},"uagb_author_info":{"display_name":"Web-Master","author_link":"https:\/\/www.koncevisiontv.cl\/web\/author\/koncevision\/"},"uagb_comment_info":0,"uagb_excerpt":"Un violento suceso se registr\u00f3 en Puerto Montt, Regi\u00f3n de Los Lagos, donde un hombre perdi\u00f3 la vida","_links":{"self":[{"href":"https:\/\/www.koncevisiontv.cl\/web\/wp-json\/wp\/v2\/posts\/12110","targetHints":{"allow":["GET"]}}],"collection":[{"href":"https:\/\/www.koncevisiontv.cl\/web\/wp-json\/wp\/v2\/posts"}],"about":[{"href":"https:\/\/www.koncevisiontv.cl\/web\/wp-json\/wp\/v2\/types\/post"}],"author":[{"embeddable":true,"href":"https:\/\/www.koncevisiontv.cl\/web\/wp-json\/wp\/v2\/users\/5"}],"replies":[{"embeddable":true,"href":"https:\/\/www.koncevisiontv.cl\/web\/wp-json\/wp\/v2\/comments?post=12110"}],"version-history":[{"count":1,"href":"https:\/\/www.koncevisiontv.cl\/web\/wp-json\/wp\/v2\/posts\/12110\/revisions"}],"predecessor-version":[{"id":12112,"href":"https:\/\/www.koncevisiontv.cl\/web\/wp-json\/wp\/v2\/posts\/12110\/revisions\/12112"}],"wp:featuredmedia":[{"embeddable":true,"href":"https:\/\/www.koncevisiontv.cl\/web\/wp-json\/wp\/v2\/media\/12111"}],"wp:attachment":[{"href":"https:\/\/www.koncevisiontv.cl\/web\/wp-json\/wp\/v2\/media?parent=12110"}],"wp:term":[{"taxonomy":"category","embeddable":true,"href":"https:\/\/www.koncevisiontv.cl\/web\/wp-json\/wp\/v2\/categories?post=12110"},{"taxonomy":"post_tag","embeddable":true,"href":"https:\/\/www.koncevisiontv.cl\/web\/wp-json\/wp\/v2\/tags?post=12110"}],"curies":[{"name":"wp","href":"https:\/\/api.w.org\/{rel}","templated":true}]}}