{"id":12119,"date":"2025-11-10T13:18:32","date_gmt":"2025-11-10T16:18:32","guid":{"rendered":"https:\/\/www.koncevisiontv.cl\/web\/?p=12119"},"modified":"2025-11-10T13:42:28","modified_gmt":"2025-11-10T16:42:28","slug":"escandalo-en-santiago-1-experto-sostiene-que-asado-y-whisky-de-internos-revelan-contrabando-y-corrupcion","status":"publish","type":"post","link":"https:\/\/www.koncevisiontv.cl\/web\/escandalo-en-santiago-1-experto-sostiene-que-asado-y-whisky-de-internos-revelan-contrabando-y-corrupcion\/","title":{"rendered":"Asado con whisky y bebidas en Santiago 1 Gendarmer\u00eda abre investigaci\u00f3n tras video que muestra \u201cfiesta\u201d de internos dentro de la c\u00e1rcel"},"content":{"rendered":"\n<p class=\"wp-block-paragraph\">Gendarmer\u00eda de Chile inici\u00f3 una investigaci\u00f3n interna y present\u00f3 una denuncia ante el Ministerio P\u00fablico, tras la masiva difusi\u00f3n de videos que mostraban a reclusos del Centro de Detenci\u00f3n Preventiva (CDP) Santiago 1 celebrando una &#8220;fiesta&#8221; con elementos estrictamente prohibidos, como <strong>bebidas alcoh\u00f3licas, barbacoa y tel\u00e9fonos m\u00f3viles<\/strong>.<\/p>\n\n\n\n<p class=\"wp-block-paragraph\">Las im\u00e1genes, grabadas y compartidas por los propios internos en redes sociales, exhiben a un grupo de hombres en el m\u00f3dulo n\u00b035 disfrutando de botellas de whisky, latas de cerveza y alimentos, lo que constituye una <strong>grave violaci\u00f3n a la disciplina y seguridad interna<\/strong> del recinto.<\/p>\n\n\n\n<p class=\"wp-block-paragraph\"><strong>Operativo y Decomiso Masivo:<\/strong><\/p>\n\n\n\n<p class=\"wp-block-paragraph\">Tras identificar el m\u00f3dulo gracias al sistema de bloqueo de se\u00f1al telef\u00f3nica, funcionarios de Gendarmer\u00eda ingresaron y sorprendieron a <strong>23 reclusos en plena celebraci\u00f3n<\/strong>. Durante el procedimiento, se realiz\u00f3 un importante decomiso:<\/p>\n\n\n\n<p class=\"wp-block-paragraph\">24 celulares<\/p>\n\n\n\n<p class=\"wp-block-paragraph\">Botellas de alcohol y bebidas<\/p>\n\n\n\n<p class=\"wp-block-paragraph\">Dinero en efectivo<\/p>\n\n\n\n<p class=\"wp-block-paragraph\">Alimentos diversos<\/p>\n\n\n\n<p class=\"wp-block-paragraph\">La instituci\u00f3n inform\u00f3 que los objetos fueron confiscados y que los internos involucrados fueron inmediatamente <strong>trasladados a r\u00e9gimen de aislamiento<\/strong>, medida que se mantendr\u00e1 mientras avanza la investigaci\u00f3n administrativa.<\/p>\n\n\n\n<p class=\"wp-block-paragraph\">La Direcci\u00f3n Regional Metropolitana de Gendarmer\u00eda remiti\u00f3 todos los antecedentes al Ministerio P\u00fablico para que se determine si existen <strong>posibles responsabilidades penales u oficiales<\/strong> (funcionarios involucrados) en la facilitaci\u00f3n del ingreso de los elementos de contrabando.<\/p>\n","protected":false},"excerpt":{"rendered":"<p>Gendarmer\u00eda de Chile inici\u00f3 una investigaci\u00f3n interna y present\u00f3 una denuncia ante el Ministerio P\u00fablico, tras la masiva<\/p>\n","protected":false},"author":5,"featured_media":12120,"comment_status":"open","ping_status":"open","sticky":false,"template":"","format":"standard","meta":{"_crdt_document":"","_uag_custom_page_level_css":"","_sitemap_exclude":false,"_sitemap_priority":"","_sitemap_frequency":"","_joinchat":[],"footnotes":""},"categories":[511,210,14,456],"tags":[404],"class_list":["post-12119","post","type-post","status-publish","format-standard","has-post-thumbnail","hentry","category-carceles","category-corrupcion","category-nacional","category-santiago","tag-regionmetropolitana"],"featured_image_urls":{"full":["https:\/\/www.koncevisiontv.cl\/web\/wp-content\/uploads\/2025\/11\/WhatsApp-Image-2025-11-10-at-12.30.33.jpeg",844,475,false],"thumbnail":["https:\/\/www.koncevisiontv.cl\/web\/wp-content\/uploads\/2025\/11\/WhatsApp-Image-2025-11-10-at-12.30.33-150x150.jpeg",150,150,true],"medium":["https:\/\/www.koncevisiontv.cl\/web\/wp-content\/uploads\/2025\/11\/WhatsApp-Image-2025-11-10-at-12.30.33-300x169.jpeg",300,169,true],"medium_large":["https:\/\/www.koncevisiontv.cl\/web\/wp-content\/uploads\/2025\/11\/WhatsApp-Image-2025-11-10-at-12.30.33-768x432.jpeg",640,360,true],"large":["https:\/\/www.koncevisiontv.cl\/web\/wp-content\/uploads\/2025\/11\/WhatsApp-Image-2025-11-10-at-12.30.33.jpeg",640,360,false],"1536x1536":["https:\/\/www.koncevisiontv.cl\/web\/wp-content\/uploads\/2025\/11\/WhatsApp-Image-2025-11-10-at-12.30.33.jpeg",844,475,false],"2048x2048":["https:\/\/www.koncevisiontv.cl\/web\/wp-content\/uploads\/2025\/11\/WhatsApp-Image-2025-11-10-at-12.30.33.jpeg",844,475,false],"darknews-featured":["https:\/\/www.koncevisiontv.cl\/web\/wp-content\/uploads\/2025\/11\/WhatsApp-Image-2025-11-10-at-12.30.33.jpeg",844,475,false],"darknews-large":["https:\/\/www.koncevisiontv.cl\/web\/wp-content\/uploads\/2025\/11\/WhatsApp-Image-2025-11-10-at-12.30.33-825x475.jpeg",825,475,true],"darknews-medium":["https:\/\/www.koncevisiontv.cl\/web\/wp-content\/uploads\/2025\/11\/WhatsApp-Image-2025-11-10-at-12.30.33-590x410.jpeg",590,410,true]},"author_info":{"info":["Web-Master"]},"category_info":"<a href=\"https:\/\/www.koncevisiontv.cl\/web\/category\/carceles\/\" rel=\"category tag\">C\u00e1rceles<\/a> <a href=\"https:\/\/www.koncevisiontv.cl\/web\/category\/corrupcion\/\" rel=\"category tag\">Corrupcion<\/a> <a href=\"https:\/\/www.koncevisiontv.cl\/web\/category\/nacional\/\" rel=\"category tag\">Nacional<\/a> <a href=\"https:\/\/www.koncevisiontv.cl\/web\/category\/santiago\/\" rel=\"category tag\">Santiago<\/a>","tag_info":"Santiago","comment_count":"0","uagb_featured_image_src":{"full":["https:\/\/www.koncevisiontv.cl\/web\/wp-content\/uploads\/2025\/11\/WhatsApp-Image-2025-11-10-at-12.30.33.jpeg",844,475,false],"thumbnail":["https:\/\/www.koncevisiontv.cl\/web\/wp-content\/uploads\/2025\/11\/WhatsApp-Image-2025-11-10-at-12.30.33-150x150.jpeg",150,150,true],"medium":["https:\/\/www.koncevisiontv.cl\/web\/wp-content\/uploads\/2025\/11\/WhatsApp-Image-2025-11-10-at-12.30.33-300x169.jpeg",300,169,true],"medium_large":["https:\/\/www.koncevisiontv.cl\/web\/wp-content\/uploads\/2025\/11\/WhatsApp-Image-2025-11-10-at-12.30.33-768x432.jpeg",640,360,true],"large":["https:\/\/www.koncevisiontv.cl\/web\/wp-content\/uploads\/2025\/11\/WhatsApp-Image-2025-11-10-at-12.30.33.jpeg",640,360,false],"1536x1536":["https:\/\/www.koncevisiontv.cl\/web\/wp-content\/uploads\/2025\/11\/WhatsApp-Image-2025-11-10-at-12.30.33.jpeg",844,475,false],"2048x2048":["https:\/\/www.koncevisiontv.cl\/web\/wp-content\/uploads\/2025\/11\/WhatsApp-Image-2025-11-10-at-12.30.33.jpeg",844,475,false],"darknews-featured":["https:\/\/www.koncevisiontv.cl\/web\/wp-content\/uploads\/2025\/11\/WhatsApp-Image-2025-11-10-at-12.30.33.jpeg",844,475,false],"darknews-large":["https:\/\/www.koncevisiontv.cl\/web\/wp-content\/uploads\/2025\/11\/WhatsApp-Image-2025-11-10-at-12.30.33-825x475.jpeg",825,475,true],"darknews-medium":["https:\/\/www.koncevisiontv.cl\/web\/wp-content\/uploads\/2025\/11\/WhatsApp-Image-2025-11-10-at-12.30.33-590x410.jpeg",590,410,true]},"uagb_author_info":{"display_name":"Web-Master","author_link":"https:\/\/www.koncevisiontv.cl\/web\/author\/koncevision\/"},"uagb_comment_info":0,"uagb_excerpt":"Gendarmer\u00eda de Chile inici\u00f3 una investigaci\u00f3n interna y present\u00f3 una denuncia ante el Ministerio P\u00fablico, tras la masiva","_links":{"self":[{"href":"https:\/\/www.koncevisiontv.cl\/web\/wp-json\/wp\/v2\/posts\/12119","targetHints":{"allow":["GET"]}}],"collection":[{"href":"https:\/\/www.koncevisiontv.cl\/web\/wp-json\/wp\/v2\/posts"}],"about":[{"href":"https:\/\/www.koncevisiontv.cl\/web\/wp-json\/wp\/v2\/types\/post"}],"author":[{"embeddable":true,"href":"https:\/\/www.koncevisiontv.cl\/web\/wp-json\/wp\/v2\/users\/5"}],"replies":[{"embeddable":true,"href":"https:\/\/www.koncevisiontv.cl\/web\/wp-json\/wp\/v2\/comments?post=12119"}],"version-history":[{"count":6,"href":"https:\/\/www.koncevisiontv.cl\/web\/wp-json\/wp\/v2\/posts\/12119\/revisions"}],"predecessor-version":[{"id":12127,"href":"https:\/\/www.koncevisiontv.cl\/web\/wp-json\/wp\/v2\/posts\/12119\/revisions\/12127"}],"wp:featuredmedia":[{"embeddable":true,"href":"https:\/\/www.koncevisiontv.cl\/web\/wp-json\/wp\/v2\/media\/12120"}],"wp:attachment":[{"href":"https:\/\/www.koncevisiontv.cl\/web\/wp-json\/wp\/v2\/media?parent=12119"}],"wp:term":[{"taxonomy":"category","embeddable":true,"href":"https:\/\/www.koncevisiontv.cl\/web\/wp-json\/wp\/v2\/categories?post=12119"},{"taxonomy":"post_tag","embeddable":true,"href":"https:\/\/www.koncevisiontv.cl\/web\/wp-json\/wp\/v2\/tags?post=12119"}],"curies":[{"name":"wp","href":"https:\/\/api.w.org\/{rel}","templated":true}]}}