{"id":12142,"date":"2025-11-10T15:45:43","date_gmt":"2025-11-10T18:45:43","guid":{"rendered":"https:\/\/www.koncevisiontv.cl\/web\/?p=12142"},"modified":"2025-11-10T15:47:18","modified_gmt":"2025-11-10T18:47:18","slug":"detenido-por-femicidio-acusan-a-hombre-de-matar-a-su-pareja-y-abandonar-el-cuerpo-a-un-costado-de-la-ruta-freire-villarrica","status":"publish","type":"post","link":"https:\/\/www.koncevisiontv.cl\/web\/detenido-por-femicidio-acusan-a-hombre-de-matar-a-su-pareja-y-abandonar-el-cuerpo-a-un-costado-de-la-ruta-freire-villarrica\/","title":{"rendered":"Detenido por femicidio: Acusan a hombre de matar a su pareja y abandonar el cuerpo a un costado de la ruta Freire-Villarrica"},"content":{"rendered":"\n<p class=\"wp-block-paragraph\"><em>Si eres v\u00edctima o testigo de violencia contra la mujer, denuncia al\u00a0<strong>149 de Carabineros<\/strong>, recibe orientaci\u00f3n llamando al\u00a0<strong>n\u00famero corto 1455 del Sernameg<\/strong>.<\/em><\/p>\n\n\n\n<hr class=\"wp-block-separator has-alpha-channel-opacity\"\/>\n\n\n\n<p class=\"wp-block-paragraph\">Un hombre ha sido detenido por el delito de <strong>femicidio<\/strong> tras ser acusado de asesinar a su pareja, una mujer de 60 a\u00f1os, cuyo cuerpo fue descubierto a un costado de la carretera que conecta Freire y Villarrica, en la Regi\u00f3n de La Araucan\u00eda. El hallazgo se produjo espec\u00edficamente en el sector conocido como Suecia.<\/p>\n\n\n\n<p class=\"wp-block-paragraph\">El comisario Daniel Penroz de la Brigada de Homicidios (BH) de la PDI de Temuco confirm\u00f3 que el examen externo del cad\u00e1ver revel\u00f3 la presencia de <strong>lesiones atribuibles a la intervenci\u00f3n de terceras personas<\/strong>.<\/p>\n\n\n\n<p class=\"wp-block-paragraph\">Seg\u00fan los antecedentes preliminares recopilados por la PDI, la v\u00edctima se dirig\u00eda a su domicilio en Lautaro junto a su pareja cuando se habr\u00eda desatado una discusi\u00f3n al interior del veh\u00edculo. En ese contexto, el sujeto supuestamente <strong>la agredi\u00f3 utilizando un arma blanca<\/strong> y posteriormente dej\u00f3 su cuerpo abandonado en un sitio eriazo de la ruta.<\/p>\n\n\n\n<p class=\"wp-block-paragraph\">El presunto autor del crimen fue capturado durante la tarde del domingo y se encuentra a la espera de ser formalizado por el delito de femicidio. La Polic\u00eda de Investigaciones contin\u00faa con las diligencias para esclarecer completamente la din\u00e1mica del asesinato.<\/p>\n\n\n\n<p class=\"wp-block-paragraph\">&nbsp;Este art\u00edculo describe un proceso judicial en curso<\/p>\n\n\n\n<p class=\"wp-block-paragraph\"><em>Existe la posibilidad de que los cargos sean desestimados al finalizar la investigaci\u00f3n, por lo cual\u00a0<strong>NO se debe considerar al o los imputados como culpables<\/strong>\u00a0hasta que la Justicia dicte sentencia en su contra.<br>(Art\u00edculo 04 del C\u00f3digo Procesal Penal)<\/em><\/p>\n\n\n\n<p class=\"wp-block-paragraph\"><\/p>\n","protected":false},"excerpt":{"rendered":"<p>Si eres v\u00edctima o testigo de violencia contra la mujer, denuncia al\u00a0149 de Carabineros, recibe orientaci\u00f3n llamando al\u00a0n\u00famero<\/p>\n","protected":false},"author":5,"featured_media":12143,"comment_status":"open","ping_status":"open","sticky":false,"template":"","format":"standard","meta":{"_crdt_document":"","_uag_custom_page_level_css":"","_sitemap_exclude":false,"_sitemap_priority":"","_sitemap_frequency":"","_joinchat":[],"footnotes":""},"categories":[223,14,485,481],"tags":[451],"class_list":["post-12142","post","type-post","status-publish","format-standard","has-post-thumbnail","hentry","category-femicidio","category-nacional","category-violencia","category-violencia-de-genero","tag-regiondelaaraucania"],"featured_image_urls":{"full":["https:\/\/www.koncevisiontv.cl\/web\/wp-content\/uploads\/2025\/11\/femicidio-ruta-freire-villarrica.webp",1200,633,false],"thumbnail":["https:\/\/www.koncevisiontv.cl\/web\/wp-content\/uploads\/2025\/11\/femicidio-ruta-freire-villarrica-150x150.webp",150,150,true],"medium":["https:\/\/www.koncevisiontv.cl\/web\/wp-content\/uploads\/2025\/11\/femicidio-ruta-freire-villarrica-300x158.webp",300,158,true],"medium_large":["https:\/\/www.koncevisiontv.cl\/web\/wp-content\/uploads\/2025\/11\/femicidio-ruta-freire-villarrica-768x405.webp",640,338,true],"large":["https:\/\/www.koncevisiontv.cl\/web\/wp-content\/uploads\/2025\/11\/femicidio-ruta-freire-villarrica-1024x540.webp",640,338,true],"1536x1536":["https:\/\/www.koncevisiontv.cl\/web\/wp-content\/uploads\/2025\/11\/femicidio-ruta-freire-villarrica.webp",1200,633,false],"2048x2048":["https:\/\/www.koncevisiontv.cl\/web\/wp-content\/uploads\/2025\/11\/femicidio-ruta-freire-villarrica.webp",1200,633,false],"darknews-featured":["https:\/\/www.koncevisiontv.cl\/web\/wp-content\/uploads\/2025\/11\/femicidio-ruta-freire-villarrica-1024x540.webp",1024,540,true],"darknews-large":["https:\/\/www.koncevisiontv.cl\/web\/wp-content\/uploads\/2025\/11\/femicidio-ruta-freire-villarrica-825x575.webp",825,575,true],"darknews-medium":["https:\/\/www.koncevisiontv.cl\/web\/wp-content\/uploads\/2025\/11\/femicidio-ruta-freire-villarrica-590x410.webp",590,410,true]},"author_info":{"info":["Web-Master"]},"category_info":"<a href=\"https:\/\/www.koncevisiontv.cl\/web\/category\/femicidio\/\" rel=\"category tag\">Femicidio<\/a> <a href=\"https:\/\/www.koncevisiontv.cl\/web\/category\/nacional\/\" rel=\"category tag\">Nacional<\/a> <a href=\"https:\/\/www.koncevisiontv.cl\/web\/category\/violencia\/\" rel=\"category tag\">Violencia<\/a> <a href=\"https:\/\/www.koncevisiontv.cl\/web\/category\/violencia-de-genero\/\" rel=\"category tag\">Violencia de g\u00e9nero<\/a>","tag_info":"Violencia de g\u00e9nero","comment_count":"0","uagb_featured_image_src":{"full":["https:\/\/www.koncevisiontv.cl\/web\/wp-content\/uploads\/2025\/11\/femicidio-ruta-freire-villarrica.webp",1200,633,false],"thumbnail":["https:\/\/www.koncevisiontv.cl\/web\/wp-content\/uploads\/2025\/11\/femicidio-ruta-freire-villarrica-150x150.webp",150,150,true],"medium":["https:\/\/www.koncevisiontv.cl\/web\/wp-content\/uploads\/2025\/11\/femicidio-ruta-freire-villarrica-300x158.webp",300,158,true],"medium_large":["https:\/\/www.koncevisiontv.cl\/web\/wp-content\/uploads\/2025\/11\/femicidio-ruta-freire-villarrica-768x405.webp",640,338,true],"large":["https:\/\/www.koncevisiontv.cl\/web\/wp-content\/uploads\/2025\/11\/femicidio-ruta-freire-villarrica-1024x540.webp",640,338,true],"1536x1536":["https:\/\/www.koncevisiontv.cl\/web\/wp-content\/uploads\/2025\/11\/femicidio-ruta-freire-villarrica.webp",1200,633,false],"2048x2048":["https:\/\/www.koncevisiontv.cl\/web\/wp-content\/uploads\/2025\/11\/femicidio-ruta-freire-villarrica.webp",1200,633,false],"darknews-featured":["https:\/\/www.koncevisiontv.cl\/web\/wp-content\/uploads\/2025\/11\/femicidio-ruta-freire-villarrica-1024x540.webp",1024,540,true],"darknews-large":["https:\/\/www.koncevisiontv.cl\/web\/wp-content\/uploads\/2025\/11\/femicidio-ruta-freire-villarrica-825x575.webp",825,575,true],"darknews-medium":["https:\/\/www.koncevisiontv.cl\/web\/wp-content\/uploads\/2025\/11\/femicidio-ruta-freire-villarrica-590x410.webp",590,410,true]},"uagb_author_info":{"display_name":"Web-Master","author_link":"https:\/\/www.koncevisiontv.cl\/web\/author\/koncevision\/"},"uagb_comment_info":0,"uagb_excerpt":"Si eres v\u00edctima o testigo de violencia contra la mujer, denuncia al\u00a0149 de Carabineros, recibe orientaci\u00f3n llamando al\u00a0n\u00famero","_links":{"self":[{"href":"https:\/\/www.koncevisiontv.cl\/web\/wp-json\/wp\/v2\/posts\/12142","targetHints":{"allow":["GET"]}}],"collection":[{"href":"https:\/\/www.koncevisiontv.cl\/web\/wp-json\/wp\/v2\/posts"}],"about":[{"href":"https:\/\/www.koncevisiontv.cl\/web\/wp-json\/wp\/v2\/types\/post"}],"author":[{"embeddable":true,"href":"https:\/\/www.koncevisiontv.cl\/web\/wp-json\/wp\/v2\/users\/5"}],"replies":[{"embeddable":true,"href":"https:\/\/www.koncevisiontv.cl\/web\/wp-json\/wp\/v2\/comments?post=12142"}],"version-history":[{"count":2,"href":"https:\/\/www.koncevisiontv.cl\/web\/wp-json\/wp\/v2\/posts\/12142\/revisions"}],"predecessor-version":[{"id":12145,"href":"https:\/\/www.koncevisiontv.cl\/web\/wp-json\/wp\/v2\/posts\/12142\/revisions\/12145"}],"wp:featuredmedia":[{"embeddable":true,"href":"https:\/\/www.koncevisiontv.cl\/web\/wp-json\/wp\/v2\/media\/12143"}],"wp:attachment":[{"href":"https:\/\/www.koncevisiontv.cl\/web\/wp-json\/wp\/v2\/media?parent=12142"}],"wp:term":[{"taxonomy":"category","embeddable":true,"href":"https:\/\/www.koncevisiontv.cl\/web\/wp-json\/wp\/v2\/categories?post=12142"},{"taxonomy":"post_tag","embeddable":true,"href":"https:\/\/www.koncevisiontv.cl\/web\/wp-json\/wp\/v2\/tags?post=12142"}],"curies":[{"name":"wp","href":"https:\/\/api.w.org\/{rel}","templated":true}]}}