{"id":12149,"date":"2025-11-10T16:24:39","date_gmt":"2025-11-10T19:24:39","guid":{"rendered":"https:\/\/www.koncevisiontv.cl\/web\/?p=12149"},"modified":"2025-11-10T16:24:42","modified_gmt":"2025-11-10T19:24:42","slug":"alza-en-el-costo-de-la-visa-waiver-chilenos-deberan-pagar-casi-el-doble-por-el-permiso-esta-para-ingresar-a-estados-unidos","status":"publish","type":"post","link":"https:\/\/www.koncevisiontv.cl\/web\/alza-en-el-costo-de-la-visa-waiver-chilenos-deberan-pagar-casi-el-doble-por-el-permiso-esta-para-ingresar-a-estados-unidos\/","title":{"rendered":"Alza en el costo de la Visa Waiver: Chilenos deber\u00e1n pagar casi el doble por el permiso ESTA para ingresar a Estados Unidos"},"content":{"rendered":"\n<p class=\"wp-block-paragraph\">El costo del permiso electr\u00f3nico de viaje ESTA (Sistema Electr\u00f3nico para la Autorizaci\u00f3n de Viaje), requisito fundamental del programa Visa Waiver, experimentar\u00e1 un incremento significativo a partir del martes 30 de septiembre. El valor actual de 21 d\u00f3lares se elevar\u00e1 a <strong>40 d\u00f3lares<\/strong> (equivalente a cerca de $38.000 pesos chilenos).<\/p>\n\n\n\n<p class=\"wp-block-paragraph\">El permiso ESTA permite a ciudadanos de 42 naciones \u2014siendo Chile el \u00fanico pa\u00eds latinoamericano incluido\u2014 viajar a Estados Unidos por turismo o negocios por un periodo m\u00e1ximo de 90 d\u00edas sin necesidad de obtener una visa tradicional.<\/p>\n\n\n\n<p class=\"wp-block-paragraph\"><strong><em>Motivos de la Subida y Contexto Pol\u00edtico:<\/em><\/strong><\/p>\n\n\n\n<p class=\"wp-block-paragraph\">El incremento tarifario fue incluido en un paquete de recortes fiscales impulsado por la administraci\u00f3n de Donald Trump y aprobado por el Congreso estadounidense en julio pasado.<\/p>\n\n\n\n<p class=\"wp-block-paragraph\">De acuerdo con el Departamento de Seguridad Nacional (DHS), el alza busca asegurar la financiaci\u00f3n de tres componentes: una tarifa destinada a la <strong>promoci\u00f3n tur\u00edstica<\/strong>, un cargo para las <strong>operaciones<\/strong> del sistema y un aporte al <strong>Departamento del Tesoro<\/strong>. Esta modificaci\u00f3n se enmarca en una serie de medidas impulsadas por la Casa Blanca con el objetivo de endurecer las pol\u00edticas migratorias.<\/p>\n\n\n\n<p class=\"wp-block-paragraph\"><strong><em>Otros Ajustes en Tr\u00e1mites Migratorios:<\/em><\/strong><\/p>\n\n\n\n<p class=\"wp-block-paragraph\">El Gobierno estadounidense anunci\u00f3, adem\u00e1s, otros aumentos en tr\u00e1mites de visado:<\/p>\n\n\n\n<p class=\"wp-block-paragraph\">La visa para <strong>trabajadores especializados H-1B<\/strong> aumentar\u00e1 dram\u00e1ticamente de 215 d\u00f3lares a 100.000 d\u00f3lares.<\/p>\n\n\n\n<p class=\"wp-block-paragraph\">Se aplicar\u00e1 un nuevo cargo de <strong>250 d\u00f3lares<\/strong> a la mayor\u00eda de las visas de no inmigrante (turismo, estudio, etc.), efectivo a partir de octubre.<\/p>\n\n\n\n<ol class=\"wp-block-list\"><\/ol>\n\n\n\n<p class=\"wp-block-paragraph\">El tr\u00e1mite del ESTA es obligatorio para todos los ciudadanos chilenos que deseen viajar a Estados Unidos bajo el Programa de Exenci\u00f3n de Visado y debe realizarse en la p\u00e1gina oficial del ESTA.<\/p>\n\n\n\n<p class=\"wp-block-paragraph\"><\/p>\n","protected":false},"excerpt":{"rendered":"<p>El costo del permiso electr\u00f3nico de viaje ESTA (Sistema Electr\u00f3nico para la Autorizaci\u00f3n de Viaje), requisito fundamental del<\/p>\n","protected":false},"author":5,"featured_media":12150,"comment_status":"open","ping_status":"open","sticky":false,"template":"","format":"standard","meta":{"_crdt_document":"","_uag_custom_page_level_css":"","_sitemap_exclude":false,"_sitemap_priority":"","_sitemap_frequency":"","_joinchat":[],"footnotes":""},"categories":[498,161,14],"tags":[152,454],"class_list":["post-12149","post","type-post","status-publish","format-standard","has-post-thumbnail","hentry","category-inmigracion","category-internacional","category-nacional","tag-chile","tag-internacional"],"featured_image_urls":{"full":["https:\/\/www.koncevisiontv.cl\/web\/wp-content\/uploads\/2025\/11\/Visa-Waiber-subira-de-precio-este-martes-cuanto-deberan-pagar-los-chilenos-para-ingresar-a-EE.jpg",700,389,false],"thumbnail":["https:\/\/www.koncevisiontv.cl\/web\/wp-content\/uploads\/2025\/11\/Visa-Waiber-subira-de-precio-este-martes-cuanto-deberan-pagar-los-chilenos-para-ingresar-a-EE-150x150.jpg",150,150,true],"medium":["https:\/\/www.koncevisiontv.cl\/web\/wp-content\/uploads\/2025\/11\/Visa-Waiber-subira-de-precio-este-martes-cuanto-deberan-pagar-los-chilenos-para-ingresar-a-EE-300x167.jpg",300,167,true],"medium_large":["https:\/\/www.koncevisiontv.cl\/web\/wp-content\/uploads\/2025\/11\/Visa-Waiber-subira-de-precio-este-martes-cuanto-deberan-pagar-los-chilenos-para-ingresar-a-EE.jpg",640,356,false],"large":["https:\/\/www.koncevisiontv.cl\/web\/wp-content\/uploads\/2025\/11\/Visa-Waiber-subira-de-precio-este-martes-cuanto-deberan-pagar-los-chilenos-para-ingresar-a-EE.jpg",640,356,false],"1536x1536":["https:\/\/www.koncevisiontv.cl\/web\/wp-content\/uploads\/2025\/11\/Visa-Waiber-subira-de-precio-este-martes-cuanto-deberan-pagar-los-chilenos-para-ingresar-a-EE.jpg",700,389,false],"2048x2048":["https:\/\/www.koncevisiontv.cl\/web\/wp-content\/uploads\/2025\/11\/Visa-Waiber-subira-de-precio-este-martes-cuanto-deberan-pagar-los-chilenos-para-ingresar-a-EE.jpg",700,389,false],"darknews-featured":["https:\/\/www.koncevisiontv.cl\/web\/wp-content\/uploads\/2025\/11\/Visa-Waiber-subira-de-precio-este-martes-cuanto-deberan-pagar-los-chilenos-para-ingresar-a-EE.jpg",700,389,false],"darknews-large":["https:\/\/www.koncevisiontv.cl\/web\/wp-content\/uploads\/2025\/11\/Visa-Waiber-subira-de-precio-este-martes-cuanto-deberan-pagar-los-chilenos-para-ingresar-a-EE.jpg",700,389,false],"darknews-medium":["https:\/\/www.koncevisiontv.cl\/web\/wp-content\/uploads\/2025\/11\/Visa-Waiber-subira-de-precio-este-martes-cuanto-deberan-pagar-los-chilenos-para-ingresar-a-EE-590x389.jpg",590,389,true]},"author_info":{"info":["Web-Master"]},"category_info":"<a href=\"https:\/\/www.koncevisiontv.cl\/web\/category\/inmigracion\/\" rel=\"category tag\">Inmigraci\u00f3n<\/a> <a href=\"https:\/\/www.koncevisiontv.cl\/web\/category\/internacional\/\" rel=\"category tag\">Internacional<\/a> <a href=\"https:\/\/www.koncevisiontv.cl\/web\/category\/nacional\/\" rel=\"category tag\">Nacional<\/a>","tag_info":"Nacional","comment_count":"0","uagb_featured_image_src":{"full":["https:\/\/www.koncevisiontv.cl\/web\/wp-content\/uploads\/2025\/11\/Visa-Waiber-subira-de-precio-este-martes-cuanto-deberan-pagar-los-chilenos-para-ingresar-a-EE.jpg",700,389,false],"thumbnail":["https:\/\/www.koncevisiontv.cl\/web\/wp-content\/uploads\/2025\/11\/Visa-Waiber-subira-de-precio-este-martes-cuanto-deberan-pagar-los-chilenos-para-ingresar-a-EE-150x150.jpg",150,150,true],"medium":["https:\/\/www.koncevisiontv.cl\/web\/wp-content\/uploads\/2025\/11\/Visa-Waiber-subira-de-precio-este-martes-cuanto-deberan-pagar-los-chilenos-para-ingresar-a-EE-300x167.jpg",300,167,true],"medium_large":["https:\/\/www.koncevisiontv.cl\/web\/wp-content\/uploads\/2025\/11\/Visa-Waiber-subira-de-precio-este-martes-cuanto-deberan-pagar-los-chilenos-para-ingresar-a-EE.jpg",640,356,false],"large":["https:\/\/www.koncevisiontv.cl\/web\/wp-content\/uploads\/2025\/11\/Visa-Waiber-subira-de-precio-este-martes-cuanto-deberan-pagar-los-chilenos-para-ingresar-a-EE.jpg",640,356,false],"1536x1536":["https:\/\/www.koncevisiontv.cl\/web\/wp-content\/uploads\/2025\/11\/Visa-Waiber-subira-de-precio-este-martes-cuanto-deberan-pagar-los-chilenos-para-ingresar-a-EE.jpg",700,389,false],"2048x2048":["https:\/\/www.koncevisiontv.cl\/web\/wp-content\/uploads\/2025\/11\/Visa-Waiber-subira-de-precio-este-martes-cuanto-deberan-pagar-los-chilenos-para-ingresar-a-EE.jpg",700,389,false],"darknews-featured":["https:\/\/www.koncevisiontv.cl\/web\/wp-content\/uploads\/2025\/11\/Visa-Waiber-subira-de-precio-este-martes-cuanto-deberan-pagar-los-chilenos-para-ingresar-a-EE.jpg",700,389,false],"darknews-large":["https:\/\/www.koncevisiontv.cl\/web\/wp-content\/uploads\/2025\/11\/Visa-Waiber-subira-de-precio-este-martes-cuanto-deberan-pagar-los-chilenos-para-ingresar-a-EE.jpg",700,389,false],"darknews-medium":["https:\/\/www.koncevisiontv.cl\/web\/wp-content\/uploads\/2025\/11\/Visa-Waiber-subira-de-precio-este-martes-cuanto-deberan-pagar-los-chilenos-para-ingresar-a-EE-590x389.jpg",590,389,true]},"uagb_author_info":{"display_name":"Web-Master","author_link":"https:\/\/www.koncevisiontv.cl\/web\/author\/koncevision\/"},"uagb_comment_info":0,"uagb_excerpt":"El costo del permiso electr\u00f3nico de viaje ESTA (Sistema Electr\u00f3nico para la Autorizaci\u00f3n de Viaje), requisito fundamental del","_links":{"self":[{"href":"https:\/\/www.koncevisiontv.cl\/web\/wp-json\/wp\/v2\/posts\/12149","targetHints":{"allow":["GET"]}}],"collection":[{"href":"https:\/\/www.koncevisiontv.cl\/web\/wp-json\/wp\/v2\/posts"}],"about":[{"href":"https:\/\/www.koncevisiontv.cl\/web\/wp-json\/wp\/v2\/types\/post"}],"author":[{"embeddable":true,"href":"https:\/\/www.koncevisiontv.cl\/web\/wp-json\/wp\/v2\/users\/5"}],"replies":[{"embeddable":true,"href":"https:\/\/www.koncevisiontv.cl\/web\/wp-json\/wp\/v2\/comments?post=12149"}],"version-history":[{"count":1,"href":"https:\/\/www.koncevisiontv.cl\/web\/wp-json\/wp\/v2\/posts\/12149\/revisions"}],"predecessor-version":[{"id":12151,"href":"https:\/\/www.koncevisiontv.cl\/web\/wp-json\/wp\/v2\/posts\/12149\/revisions\/12151"}],"wp:featuredmedia":[{"embeddable":true,"href":"https:\/\/www.koncevisiontv.cl\/web\/wp-json\/wp\/v2\/media\/12150"}],"wp:attachment":[{"href":"https:\/\/www.koncevisiontv.cl\/web\/wp-json\/wp\/v2\/media?parent=12149"}],"wp:term":[{"taxonomy":"category","embeddable":true,"href":"https:\/\/www.koncevisiontv.cl\/web\/wp-json\/wp\/v2\/categories?post=12149"},{"taxonomy":"post_tag","embeddable":true,"href":"https:\/\/www.koncevisiontv.cl\/web\/wp-json\/wp\/v2\/tags?post=12149"}],"curies":[{"name":"wp","href":"https:\/\/api.w.org\/{rel}","templated":true}]}}