{"id":12155,"date":"2025-11-10T16:59:10","date_gmt":"2025-11-10T19:59:10","guid":{"rendered":"https:\/\/www.koncevisiontv.cl\/web\/?p=12155"},"modified":"2025-11-10T16:59:13","modified_gmt":"2025-11-10T19:59:13","slug":"impacto-en-villa-olimpica-sujeto-asesina-a-su-tia-en-su-domicilio-y-vecinos-dan-alarma-tras-oir-gritos-de-auxilio","status":"publish","type":"post","link":"https:\/\/www.koncevisiontv.cl\/web\/impacto-en-villa-olimpica-sujeto-asesina-a-su-tia-en-su-domicilio-y-vecinos-dan-alarma-tras-oir-gritos-de-auxilio\/","title":{"rendered":"Impacto en Villa Ol\u00edmpica: Sujeto asesina a su t\u00eda en su domicilio y vecinos dan alarma tras o\u00edr gritos de auxilio"},"content":{"rendered":"\n<p class=\"wp-block-paragraph\">Un violento homicidio conmovi\u00f3 a los residentes de la tradicional Villa Ol\u00edmpica en \u00d1u\u00f1oa durante la madrugada de este domingo, luego de que un hombre de 31 a\u00f1os quitara la vida a su t\u00eda, de 64, en el interior de la residencia que ambos compart\u00edan.<\/p>\n\n\n\n<p class=\"wp-block-paragraph\">El tr\u00e1gico suceso ocurri\u00f3 alrededor de las 4:30 de la ma\u00f1ana. Los vecinos del sector alertaron de inmediato a Carabineros tras escuchar los desesperados gritos de auxilio que proven\u00edan del inmueble.<\/p>\n\n\n\n<p class=\"wp-block-paragraph\">El teniente coronel Pedro Olgu\u00edn detall\u00f3 que la polic\u00eda debi\u00f3 ingresar a la fuerza a la vivienda, donde encontraron al agresor, un hombre adulto, <strong>ensangrentado y junto al cuerpo de la v\u00edctima<\/strong> tendido en el suelo.<\/p>\n\n\n\n<p class=\"wp-block-paragraph\">Seg\u00fan los antecedentes preliminares, el crimen se habr\u00eda desencadenado tras una intensa discusi\u00f3n familiar. El comisario Vicente Torres de la Brigada de Homicidios (BH) Metropolitana indic\u00f3 que el sobrino atac\u00f3 a la mujer con golpes y la asfixi\u00f3, caus\u00e1ndole graves lesiones en el cr\u00e1neo y la zona cervical que le provocaron la muerte.<\/p>\n\n\n\n<p class=\"wp-block-paragraph\">El detenido, quien resid\u00eda en el lugar, presenta antecedentes psiqui\u00e1tricos y un historial de violencia. Por orden del Ministerio P\u00fablico, el individuo fue entregado a la PDI y qued\u00f3 a la espera de su control de detenci\u00f3n y formalizaci\u00f3n. La tragedia ha generado conmoci\u00f3n en el vecindario, que fue testigo auditivo de la agresi\u00f3n.<\/p>\n","protected":false},"excerpt":{"rendered":"<p>Un violento homicidio conmovi\u00f3 a los residentes de la tradicional Villa Ol\u00edmpica en \u00d1u\u00f1oa durante la madrugada de<\/p>\n","protected":false},"author":5,"featured_media":12156,"comment_status":"open","ping_status":"open","sticky":false,"template":"","format":"standard","meta":{"_crdt_document":"","_uag_custom_page_level_css":"","_sitemap_exclude":false,"_sitemap_priority":"","_sitemap_frequency":"","_joinchat":[],"footnotes":""},"categories":[482,209,205,14,479],"tags":[404],"class_list":["post-12155","post","type-post","status-publish","format-standard","has-post-thumbnail","hentry","category-agresion","category-homicidio","category-impacto","category-nacional","category-nunoa","tag-regionmetropolitana"],"featured_image_urls":{"full":["https:\/\/www.koncevisiontv.cl\/web\/wp-content\/uploads\/2025\/11\/V6WCUHDH2JEPJBY426TAGCA4WQ.jpg",1023,575,false],"thumbnail":["https:\/\/www.koncevisiontv.cl\/web\/wp-content\/uploads\/2025\/11\/V6WCUHDH2JEPJBY426TAGCA4WQ-150x150.jpg",150,150,true],"medium":["https:\/\/www.koncevisiontv.cl\/web\/wp-content\/uploads\/2025\/11\/V6WCUHDH2JEPJBY426TAGCA4WQ-300x169.jpg",300,169,true],"medium_large":["https:\/\/www.koncevisiontv.cl\/web\/wp-content\/uploads\/2025\/11\/V6WCUHDH2JEPJBY426TAGCA4WQ-768x432.jpg",640,360,true],"large":["https:\/\/www.koncevisiontv.cl\/web\/wp-content\/uploads\/2025\/11\/V6WCUHDH2JEPJBY426TAGCA4WQ.jpg",640,360,false],"1536x1536":["https:\/\/www.koncevisiontv.cl\/web\/wp-content\/uploads\/2025\/11\/V6WCUHDH2JEPJBY426TAGCA4WQ.jpg",1023,575,false],"2048x2048":["https:\/\/www.koncevisiontv.cl\/web\/wp-content\/uploads\/2025\/11\/V6WCUHDH2JEPJBY426TAGCA4WQ.jpg",1023,575,false],"darknews-featured":["https:\/\/www.koncevisiontv.cl\/web\/wp-content\/uploads\/2025\/11\/V6WCUHDH2JEPJBY426TAGCA4WQ.jpg",1023,575,false],"darknews-large":["https:\/\/www.koncevisiontv.cl\/web\/wp-content\/uploads\/2025\/11\/V6WCUHDH2JEPJBY426TAGCA4WQ-825x575.jpg",825,575,true],"darknews-medium":["https:\/\/www.koncevisiontv.cl\/web\/wp-content\/uploads\/2025\/11\/V6WCUHDH2JEPJBY426TAGCA4WQ-590x410.jpg",590,410,true]},"author_info":{"info":["Web-Master"]},"category_info":"<a href=\"https:\/\/www.koncevisiontv.cl\/web\/category\/agresion\/\" rel=\"category tag\">Agresi\u00f3n<\/a> <a href=\"https:\/\/www.koncevisiontv.cl\/web\/category\/homicidio\/\" rel=\"category tag\">Homicidio<\/a> <a href=\"https:\/\/www.koncevisiontv.cl\/web\/category\/impacto\/\" rel=\"category tag\">Impacto<\/a> <a href=\"https:\/\/www.koncevisiontv.cl\/web\/category\/nacional\/\" rel=\"category tag\">Nacional<\/a> <a href=\"https:\/\/www.koncevisiontv.cl\/web\/category\/nunoa\/\" rel=\"category tag\">\u00d1u\u00f1oa<\/a>","tag_info":"\u00d1u\u00f1oa","comment_count":"0","uagb_featured_image_src":{"full":["https:\/\/www.koncevisiontv.cl\/web\/wp-content\/uploads\/2025\/11\/V6WCUHDH2JEPJBY426TAGCA4WQ.jpg",1023,575,false],"thumbnail":["https:\/\/www.koncevisiontv.cl\/web\/wp-content\/uploads\/2025\/11\/V6WCUHDH2JEPJBY426TAGCA4WQ-150x150.jpg",150,150,true],"medium":["https:\/\/www.koncevisiontv.cl\/web\/wp-content\/uploads\/2025\/11\/V6WCUHDH2JEPJBY426TAGCA4WQ-300x169.jpg",300,169,true],"medium_large":["https:\/\/www.koncevisiontv.cl\/web\/wp-content\/uploads\/2025\/11\/V6WCUHDH2JEPJBY426TAGCA4WQ-768x432.jpg",640,360,true],"large":["https:\/\/www.koncevisiontv.cl\/web\/wp-content\/uploads\/2025\/11\/V6WCUHDH2JEPJBY426TAGCA4WQ.jpg",640,360,false],"1536x1536":["https:\/\/www.koncevisiontv.cl\/web\/wp-content\/uploads\/2025\/11\/V6WCUHDH2JEPJBY426TAGCA4WQ.jpg",1023,575,false],"2048x2048":["https:\/\/www.koncevisiontv.cl\/web\/wp-content\/uploads\/2025\/11\/V6WCUHDH2JEPJBY426TAGCA4WQ.jpg",1023,575,false],"darknews-featured":["https:\/\/www.koncevisiontv.cl\/web\/wp-content\/uploads\/2025\/11\/V6WCUHDH2JEPJBY426TAGCA4WQ.jpg",1023,575,false],"darknews-large":["https:\/\/www.koncevisiontv.cl\/web\/wp-content\/uploads\/2025\/11\/V6WCUHDH2JEPJBY426TAGCA4WQ-825x575.jpg",825,575,true],"darknews-medium":["https:\/\/www.koncevisiontv.cl\/web\/wp-content\/uploads\/2025\/11\/V6WCUHDH2JEPJBY426TAGCA4WQ-590x410.jpg",590,410,true]},"uagb_author_info":{"display_name":"Web-Master","author_link":"https:\/\/www.koncevisiontv.cl\/web\/author\/koncevision\/"},"uagb_comment_info":0,"uagb_excerpt":"Un violento homicidio conmovi\u00f3 a los residentes de la tradicional Villa Ol\u00edmpica en \u00d1u\u00f1oa durante la madrugada de","_links":{"self":[{"href":"https:\/\/www.koncevisiontv.cl\/web\/wp-json\/wp\/v2\/posts\/12155","targetHints":{"allow":["GET"]}}],"collection":[{"href":"https:\/\/www.koncevisiontv.cl\/web\/wp-json\/wp\/v2\/posts"}],"about":[{"href":"https:\/\/www.koncevisiontv.cl\/web\/wp-json\/wp\/v2\/types\/post"}],"author":[{"embeddable":true,"href":"https:\/\/www.koncevisiontv.cl\/web\/wp-json\/wp\/v2\/users\/5"}],"replies":[{"embeddable":true,"href":"https:\/\/www.koncevisiontv.cl\/web\/wp-json\/wp\/v2\/comments?post=12155"}],"version-history":[{"count":1,"href":"https:\/\/www.koncevisiontv.cl\/web\/wp-json\/wp\/v2\/posts\/12155\/revisions"}],"predecessor-version":[{"id":12157,"href":"https:\/\/www.koncevisiontv.cl\/web\/wp-json\/wp\/v2\/posts\/12155\/revisions\/12157"}],"wp:featuredmedia":[{"embeddable":true,"href":"https:\/\/www.koncevisiontv.cl\/web\/wp-json\/wp\/v2\/media\/12156"}],"wp:attachment":[{"href":"https:\/\/www.koncevisiontv.cl\/web\/wp-json\/wp\/v2\/media?parent=12155"}],"wp:term":[{"taxonomy":"category","embeddable":true,"href":"https:\/\/www.koncevisiontv.cl\/web\/wp-json\/wp\/v2\/categories?post=12155"},{"taxonomy":"post_tag","embeddable":true,"href":"https:\/\/www.koncevisiontv.cl\/web\/wp-json\/wp\/v2\/tags?post=12155"}],"curies":[{"name":"wp","href":"https:\/\/api.w.org\/{rel}","templated":true}]}}