{"id":12197,"date":"2025-11-12T11:35:47","date_gmt":"2025-11-12T14:35:47","guid":{"rendered":"https:\/\/www.koncevisiontv.cl\/web\/?p=12197"},"modified":"2025-11-12T11:35:50","modified_gmt":"2025-11-12T14:35:50","slug":"impacto-en-el-centro-civico-municipalidad-de-santiago-ordena-paralizar-obras-de-remodelacion-del-palacio-de-la-moneda","status":"publish","type":"post","link":"https:\/\/www.koncevisiontv.cl\/web\/impacto-en-el-centro-civico-municipalidad-de-santiago-ordena-paralizar-obras-de-remodelacion-del-palacio-de-la-moneda\/","title":{"rendered":"Impacto en el Centro C\u00edvico: Municipalidad de Santiago ordena paralizar obras de remodelaci\u00f3n del Palacio de La Moneda"},"content":{"rendered":"\n<p class=\"wp-block-paragraph\">La Direcci\u00f3n de Obras Municipales (DOM) de la Municipalidad de Santiago emiti\u00f3 una resoluci\u00f3n que exige la <strong>paralizaci\u00f3n inmediata<\/strong> de los trabajos de remodelaci\u00f3n que se estaban ejecutando en el Palacio de La Moneda. La decisi\u00f3n se tom\u00f3 luego de que la DOM constatara que las obras, financiadas con <strong>$4.629 millones<\/strong>, carec\u00edan de la autorizaci\u00f3n municipal necesaria.<\/p>\n\n\n\n<p class=\"wp-block-paragraph\">El alcalde Mario Desbordes explic\u00f3 que el municipio no fue informado sobre el inicio de las labores, las cuales requieren la aprobaci\u00f3n de la Direcci\u00f3n de Obras, incluso si ya cuentan con un pronunciamiento favorable del Consejo de Monumentos Nacionales. Desbordes se\u00f1al\u00f3 que la documentaci\u00f3n necesaria fue ingresada apenas el d\u00eda anterior a la orden de paralizaci\u00f3n y se encontraba, adem\u00e1s, <strong>incompleta<\/strong>.<\/p>\n\n\n\n<blockquote class=\"wp-block-quote is-layout-flow wp-block-quote-is-layout-flow\">\n<p class=\"wp-block-paragraph\"><strong>\u201cEl predicamento es bien simple, todos tienen que cumplir la ley. El m\u00e1s humilde&#8230; y tambi\u00e9n el Palacio de Gobierno. Nadie est\u00e1 por sobre la ley\u201d<\/strong>, enfatiz\u00f3 el jefe comunal.<\/p>\n<\/blockquote>\n\n\n\n<p class=\"wp-block-paragraph\">La resoluci\u00f3n de la DOM se fundamenta en la Ley General de Urbanismo y Construcciones, especificando que se estaban realizando trabajos en la fachada del palacio \u2014que ostenta la categor\u00eda de Monumento Hist\u00f3rico\u2014, incluyendo la instalaci\u00f3n de andamios en bienes nacionales de uso p\u00fablico, sin los permisos respectivos.<\/p>\n\n\n\n<p class=\"wp-block-paragraph\">Las obras solo podr\u00e1n reiniciarse una vez que se regularice la situaci\u00f3n y la DOM entregue la acreditaci\u00f3n correspondiente. De no acatarse la medida, el municipio advirti\u00f3 que iniciar\u00e1 un proceso de fiscalizaci\u00f3n y sanci\u00f3n, conforme a la normativa vigente.<\/p>\n","protected":false},"excerpt":{"rendered":"<p>La Direcci\u00f3n de Obras Municipales (DOM) de la Municipalidad de Santiago emiti\u00f3 una resoluci\u00f3n que exige la paralizaci\u00f3n<\/p>\n","protected":false},"author":5,"featured_media":12198,"comment_status":"open","ping_status":"open","sticky":false,"template":"","format":"standard","meta":{"_crdt_document":"","_uag_custom_page_level_css":"","_sitemap_exclude":false,"_sitemap_priority":"","_sitemap_frequency":"","_joinchat":[],"footnotes":""},"categories":[14,510,427,456],"tags":[404],"class_list":["post-12197","post","type-post","status-publish","format-standard","has-post-thumbnail","hentry","category-nacional","category-obras-publicas","category-politica-2","category-santiago","tag-regionmetropolitana"],"featured_image_urls":{"full":["https:\/\/www.koncevisiontv.cl\/web\/wp-content\/uploads\/2025\/11\/remodelacion-la-moneda-santiago.webp",1200,633,false],"thumbnail":["https:\/\/www.koncevisiontv.cl\/web\/wp-content\/uploads\/2025\/11\/remodelacion-la-moneda-santiago-150x150.webp",150,150,true],"medium":["https:\/\/www.koncevisiontv.cl\/web\/wp-content\/uploads\/2025\/11\/remodelacion-la-moneda-santiago-300x158.webp",300,158,true],"medium_large":["https:\/\/www.koncevisiontv.cl\/web\/wp-content\/uploads\/2025\/11\/remodelacion-la-moneda-santiago-768x405.webp",640,338,true],"large":["https:\/\/www.koncevisiontv.cl\/web\/wp-content\/uploads\/2025\/11\/remodelacion-la-moneda-santiago-1024x540.webp",640,338,true],"1536x1536":["https:\/\/www.koncevisiontv.cl\/web\/wp-content\/uploads\/2025\/11\/remodelacion-la-moneda-santiago.webp",1200,633,false],"2048x2048":["https:\/\/www.koncevisiontv.cl\/web\/wp-content\/uploads\/2025\/11\/remodelacion-la-moneda-santiago.webp",1200,633,false],"darknews-featured":["https:\/\/www.koncevisiontv.cl\/web\/wp-content\/uploads\/2025\/11\/remodelacion-la-moneda-santiago-1024x540.webp",1024,540,true],"darknews-large":["https:\/\/www.koncevisiontv.cl\/web\/wp-content\/uploads\/2025\/11\/remodelacion-la-moneda-santiago-825x575.webp",825,575,true],"darknews-medium":["https:\/\/www.koncevisiontv.cl\/web\/wp-content\/uploads\/2025\/11\/remodelacion-la-moneda-santiago-590x410.webp",590,410,true]},"author_info":{"info":["Web-Master"]},"category_info":"<a href=\"https:\/\/www.koncevisiontv.cl\/web\/category\/nacional\/\" rel=\"category tag\">Nacional<\/a> <a href=\"https:\/\/www.koncevisiontv.cl\/web\/category\/obras-publicas\/\" rel=\"category tag\">Obras P\u00fablicas<\/a> <a href=\"https:\/\/www.koncevisiontv.cl\/web\/category\/politica-2\/\" rel=\"category tag\">Pol\u00edtica<\/a> <a href=\"https:\/\/www.koncevisiontv.cl\/web\/category\/santiago\/\" rel=\"category tag\">Santiago<\/a>","tag_info":"Santiago","comment_count":"0","uagb_featured_image_src":{"full":["https:\/\/www.koncevisiontv.cl\/web\/wp-content\/uploads\/2025\/11\/remodelacion-la-moneda-santiago.webp",1200,633,false],"thumbnail":["https:\/\/www.koncevisiontv.cl\/web\/wp-content\/uploads\/2025\/11\/remodelacion-la-moneda-santiago-150x150.webp",150,150,true],"medium":["https:\/\/www.koncevisiontv.cl\/web\/wp-content\/uploads\/2025\/11\/remodelacion-la-moneda-santiago-300x158.webp",300,158,true],"medium_large":["https:\/\/www.koncevisiontv.cl\/web\/wp-content\/uploads\/2025\/11\/remodelacion-la-moneda-santiago-768x405.webp",640,338,true],"large":["https:\/\/www.koncevisiontv.cl\/web\/wp-content\/uploads\/2025\/11\/remodelacion-la-moneda-santiago-1024x540.webp",640,338,true],"1536x1536":["https:\/\/www.koncevisiontv.cl\/web\/wp-content\/uploads\/2025\/11\/remodelacion-la-moneda-santiago.webp",1200,633,false],"2048x2048":["https:\/\/www.koncevisiontv.cl\/web\/wp-content\/uploads\/2025\/11\/remodelacion-la-moneda-santiago.webp",1200,633,false],"darknews-featured":["https:\/\/www.koncevisiontv.cl\/web\/wp-content\/uploads\/2025\/11\/remodelacion-la-moneda-santiago-1024x540.webp",1024,540,true],"darknews-large":["https:\/\/www.koncevisiontv.cl\/web\/wp-content\/uploads\/2025\/11\/remodelacion-la-moneda-santiago-825x575.webp",825,575,true],"darknews-medium":["https:\/\/www.koncevisiontv.cl\/web\/wp-content\/uploads\/2025\/11\/remodelacion-la-moneda-santiago-590x410.webp",590,410,true]},"uagb_author_info":{"display_name":"Web-Master","author_link":"https:\/\/www.koncevisiontv.cl\/web\/author\/koncevision\/"},"uagb_comment_info":0,"uagb_excerpt":"La Direcci\u00f3n de Obras Municipales (DOM) de la Municipalidad de Santiago emiti\u00f3 una resoluci\u00f3n que exige la paralizaci\u00f3n","_links":{"self":[{"href":"https:\/\/www.koncevisiontv.cl\/web\/wp-json\/wp\/v2\/posts\/12197","targetHints":{"allow":["GET"]}}],"collection":[{"href":"https:\/\/www.koncevisiontv.cl\/web\/wp-json\/wp\/v2\/posts"}],"about":[{"href":"https:\/\/www.koncevisiontv.cl\/web\/wp-json\/wp\/v2\/types\/post"}],"author":[{"embeddable":true,"href":"https:\/\/www.koncevisiontv.cl\/web\/wp-json\/wp\/v2\/users\/5"}],"replies":[{"embeddable":true,"href":"https:\/\/www.koncevisiontv.cl\/web\/wp-json\/wp\/v2\/comments?post=12197"}],"version-history":[{"count":1,"href":"https:\/\/www.koncevisiontv.cl\/web\/wp-json\/wp\/v2\/posts\/12197\/revisions"}],"predecessor-version":[{"id":12199,"href":"https:\/\/www.koncevisiontv.cl\/web\/wp-json\/wp\/v2\/posts\/12197\/revisions\/12199"}],"wp:featuredmedia":[{"embeddable":true,"href":"https:\/\/www.koncevisiontv.cl\/web\/wp-json\/wp\/v2\/media\/12198"}],"wp:attachment":[{"href":"https:\/\/www.koncevisiontv.cl\/web\/wp-json\/wp\/v2\/media?parent=12197"}],"wp:term":[{"taxonomy":"category","embeddable":true,"href":"https:\/\/www.koncevisiontv.cl\/web\/wp-json\/wp\/v2\/categories?post=12197"},{"taxonomy":"post_tag","embeddable":true,"href":"https:\/\/www.koncevisiontv.cl\/web\/wp-json\/wp\/v2\/tags?post=12197"}],"curies":[{"name":"wp","href":"https:\/\/api.w.org\/{rel}","templated":true}]}}