{"id":12200,"date":"2025-11-12T13:17:59","date_gmt":"2025-11-12T16:17:59","guid":{"rendered":"https:\/\/www.koncevisiontv.cl\/web\/?p=12200"},"modified":"2025-11-12T13:18:02","modified_gmt":"2025-11-12T16:18:02","slug":"detienen-a-integrante-de-banda-narco-por-violacion-con-homicidio-de-valentina-alarcon-joven-fue-asesinada-al-comprar-drogas","status":"publish","type":"post","link":"https:\/\/www.koncevisiontv.cl\/web\/detienen-a-integrante-de-banda-narco-por-violacion-con-homicidio-de-valentina-alarcon-joven-fue-asesinada-al-comprar-drogas\/","title":{"rendered":"Detienen a integrante de banda narco por violaci\u00f3n con homicidio de Valentina Alarc\u00f3n: Joven fue asesinada al comprar drogas"},"content":{"rendered":"\n<p class=\"wp-block-paragraph\">La Polic\u00eda de Investigaciones (PDI) y la Fiscal\u00eda ECOH informaron la detenci\u00f3n de Robinson Saunders Gonz\u00e1lez, alias <strong>\u201cEl Cebolla\u201d<\/strong>, de 33 a\u00f1os y nacionalidad chilena, como \u00fanico imputado por el asesinato de Valentina Alarc\u00f3n, de 26 a\u00f1os. El cuerpo de la joven, desaparecida por 15 d\u00edas, fue encontrado recientemente en La Pintana.<\/p>\n\n\n\n<p class=\"wp-block-paragraph\">Saunders, quien ser\u00eda miembro de una banda criminal activa en la poblaci\u00f3n <strong>\u201cEl Castillo\u201d<\/strong> de La Pintana, ser\u00e1 formalizado por el delito de <strong>violaci\u00f3n con homicidio<\/strong>, il\u00edcito que arriesga la pena de presidio perpetuo.<\/p>\n\n\n\n<p class=\"wp-block-paragraph\"><strong><em>Cronolog\u00eda del Suceso:<\/em><\/strong><\/p>\n\n\n\n<p class=\"wp-block-paragraph\">Valentina Alarc\u00f3n sali\u00f3 de su hogar en Puente Alto el 25 de octubre, y la \u00faltima ubicaci\u00f3n registrada de su celular fue en el sector de La Pintana. Su cuerpo fue hallado el 10 de noviembre en una propiedad deshabitada utilizada para la venta de drogas.<\/p>\n\n\n\n<p class=\"wp-block-paragraph\">El prefecto inspector Jorge Abate, jefe nacional de Delitos Contra las Personas de la PDI, confirm\u00f3 el motivo de la presencia de la v\u00edctima en el lugar: <strong>hab\u00eda concurrido a comprar droga<\/strong>.<\/p>\n\n\n\n<p class=\"wp-block-paragraph\">El fiscal ECOH, Alex Cortez, se\u00f1al\u00f3 que, aunque el imputado pertenece a una organizaci\u00f3n criminal, la muerte de Valentina parece haber sido un <strong>hecho &#8220;circunstancial&#8221;<\/strong> no directamente relacionado con la estructura de la banda, sino con el peligro inherente al lugar al que se dirigi\u00f3. No se entregaron detalles espec\u00edficos sobre la din\u00e1mica del crimen, pero el hallazgo del cuerpo con signos de intervenci\u00f3n de terceros apunt\u00f3 a la gravedad del il\u00edcito.<\/p>\n\n\n\n<p class=\"wp-block-paragraph\">Se espera que Saunders quede en prisi\u00f3n preventiva tras su formalizaci\u00f3n.<\/p>\n","protected":false},"excerpt":{"rendered":"<p>La Polic\u00eda de Investigaciones (PDI) y la Fiscal\u00eda ECOH informaron la detenci\u00f3n de Robinson Saunders Gonz\u00e1lez, alias \u201cEl<\/p>\n","protected":false},"author":5,"featured_media":0,"comment_status":"open","ping_status":"open","sticky":false,"template":"","format":"standard","meta":{"_crdt_document":"","_uag_custom_page_level_css":"","_sitemap_exclude":false,"_sitemap_priority":"","_sitemap_frequency":"","_joinchat":[],"footnotes":""},"categories":[482,483,223,209,14,513,456],"tags":[404],"class_list":["post-12200","post","type-post","status-publish","format-standard","hentry","category-agresion","category-banda-criminal","category-femicidio","category-homicidio","category-nacional","category-narcotrafico","category-santiago","tag-regionmetropolitana"],"featured_image_urls":{"full":"","thumbnail":"","medium":"","medium_large":"","large":"","1536x1536":"","2048x2048":"","darknews-featured":"","darknews-large":"","darknews-medium":""},"author_info":{"info":["Web-Master"]},"category_info":"<a href=\"https:\/\/www.koncevisiontv.cl\/web\/category\/agresion\/\" rel=\"category tag\">Agresi\u00f3n<\/a> <a href=\"https:\/\/www.koncevisiontv.cl\/web\/category\/banda-criminal\/\" rel=\"category tag\">Banda criminal<\/a> <a href=\"https:\/\/www.koncevisiontv.cl\/web\/category\/femicidio\/\" rel=\"category tag\">Femicidio<\/a> <a href=\"https:\/\/www.koncevisiontv.cl\/web\/category\/homicidio\/\" rel=\"category tag\">Homicidio<\/a> <a href=\"https:\/\/www.koncevisiontv.cl\/web\/category\/nacional\/\" rel=\"category tag\">Nacional<\/a> <a href=\"https:\/\/www.koncevisiontv.cl\/web\/category\/narcotrafico\/\" rel=\"category tag\">Narcotr\u00e1fico<\/a> <a href=\"https:\/\/www.koncevisiontv.cl\/web\/category\/santiago\/\" rel=\"category tag\">Santiago<\/a>","tag_info":"Santiago","comment_count":"0","uagb_featured_image_src":{"full":false,"thumbnail":false,"medium":false,"medium_large":false,"large":false,"1536x1536":false,"2048x2048":false,"darknews-featured":false,"darknews-large":false,"darknews-medium":false},"uagb_author_info":{"display_name":"Web-Master","author_link":"https:\/\/www.koncevisiontv.cl\/web\/author\/koncevision\/"},"uagb_comment_info":0,"uagb_excerpt":"La Polic\u00eda de Investigaciones (PDI) y la Fiscal\u00eda ECOH informaron la detenci\u00f3n de Robinson Saunders Gonz\u00e1lez, alias \u201cEl","_links":{"self":[{"href":"https:\/\/www.koncevisiontv.cl\/web\/wp-json\/wp\/v2\/posts\/12200","targetHints":{"allow":["GET"]}}],"collection":[{"href":"https:\/\/www.koncevisiontv.cl\/web\/wp-json\/wp\/v2\/posts"}],"about":[{"href":"https:\/\/www.koncevisiontv.cl\/web\/wp-json\/wp\/v2\/types\/post"}],"author":[{"embeddable":true,"href":"https:\/\/www.koncevisiontv.cl\/web\/wp-json\/wp\/v2\/users\/5"}],"replies":[{"embeddable":true,"href":"https:\/\/www.koncevisiontv.cl\/web\/wp-json\/wp\/v2\/comments?post=12200"}],"version-history":[{"count":1,"href":"https:\/\/www.koncevisiontv.cl\/web\/wp-json\/wp\/v2\/posts\/12200\/revisions"}],"predecessor-version":[{"id":12201,"href":"https:\/\/www.koncevisiontv.cl\/web\/wp-json\/wp\/v2\/posts\/12200\/revisions\/12201"}],"wp:attachment":[{"href":"https:\/\/www.koncevisiontv.cl\/web\/wp-json\/wp\/v2\/media?parent=12200"}],"wp:term":[{"taxonomy":"category","embeddable":true,"href":"https:\/\/www.koncevisiontv.cl\/web\/wp-json\/wp\/v2\/categories?post=12200"},{"taxonomy":"post_tag","embeddable":true,"href":"https:\/\/www.koncevisiontv.cl\/web\/wp-json\/wp\/v2\/tags?post=12200"}],"curies":[{"name":"wp","href":"https:\/\/api.w.org\/{rel}","templated":true}]}}