{"id":12202,"date":"2025-11-12T14:59:52","date_gmt":"2025-11-12T17:59:52","guid":{"rendered":"https:\/\/www.koncevisiontv.cl\/web\/?p=12202"},"modified":"2025-11-12T14:59:54","modified_gmt":"2025-11-12T17:59:54","slug":"prision-preventiva-para-exdirector-de-la-pdi-hector-espinoza-tras-ser-declarado-culpable-de-tres-delitos-graves","status":"publish","type":"post","link":"https:\/\/www.koncevisiontv.cl\/web\/prision-preventiva-para-exdirector-de-la-pdi-hector-espinoza-tras-ser-declarado-culpable-de-tres-delitos-graves\/","title":{"rendered":"Prisi\u00f3n preventiva para exdirector de la PDI, H\u00e9ctor Espinoza, tras ser declarado culpable de tres delitos graves"},"content":{"rendered":"\n<p class=\"wp-block-paragraph\">El exdirector de la Polic\u00eda de Investigaciones (PDI), H\u00e9ctor Espinoza, qued\u00f3 bajo la medida cautelar de prisi\u00f3n preventiva en el Penal de Capit\u00e1n Yaber, luego de ser declarado culpable de forma un\u00e1nime por los delitos de <strong>malversaci\u00f3n de caudales p\u00fablicos, falsificaci\u00f3n de instrumento p\u00fablico y lavado de activos<\/strong>.<\/p>\n\n\n\n<p class=\"wp-block-paragraph\">La solicitud de prisi\u00f3n preventiva fue presentada por el Ministerio P\u00fablico, que argument\u00f3 el peligro de fuga del ex alto funcionario. La medida cautelar se mantendr\u00e1 vigente a la espera de que se dicte la sentencia definitiva en su contra.<\/p>\n\n\n\n<p class=\"wp-block-paragraph\">El fiscal Miguel \u00c1ngel Orellana, de la Fiscal\u00eda Norte, destac\u00f3 la gravedad del caso, que la instituci\u00f3n siempre consider\u00f3 como de <strong>\u201cm\u00e1xima gravedad\u201d<\/strong>. El persecutor enfatiz\u00f3 que los il\u00edcitos por los que Espinoza fue condenado son considerados &#8220;delitos de crimen&#8221;.<\/p>\n\n\n\n<p class=\"wp-block-paragraph\">En la misma causa, Mar\u00eda Magdalena Neira, c\u00f3nyuge de Espinoza, tambi\u00e9n fue declarada culpable por el delito de <strong>lavado de activos culposo<\/strong>. La decisi\u00f3n de la justicia ratifica la contundencia de la investigaci\u00f3n llevada a cabo por el Ministerio P\u00fablico.<\/p>\n","protected":false},"excerpt":{"rendered":"<p>El exdirector de la Polic\u00eda de Investigaciones (PDI), H\u00e9ctor Espinoza, qued\u00f3 bajo la medida cautelar de prisi\u00f3n preventiva<\/p>\n","protected":false},"author":5,"featured_media":12203,"comment_status":"open","ping_status":"open","sticky":false,"template":"","format":"standard","meta":{"_crdt_document":"","_uag_custom_page_level_css":"","_sitemap_exclude":false,"_sitemap_priority":"","_sitemap_frequency":"","_joinchat":[],"footnotes":""},"categories":[515,14,457,427],"tags":[],"class_list":["post-12202","post","type-post","status-publish","format-standard","has-post-thumbnail","hentry","category-juicio","category-nacional","category-pdi","category-politica-2"],"featured_image_urls":{"full":["https:\/\/www.koncevisiontv.cl\/web\/wp-content\/uploads\/2025\/11\/WhatsApp-Image-2025-11-12-at-14.52.54.jpeg",1200,633,false],"thumbnail":["https:\/\/www.koncevisiontv.cl\/web\/wp-content\/uploads\/2025\/11\/WhatsApp-Image-2025-11-12-at-14.52.54-150x150.jpeg",150,150,true],"medium":["https:\/\/www.koncevisiontv.cl\/web\/wp-content\/uploads\/2025\/11\/WhatsApp-Image-2025-11-12-at-14.52.54-300x158.jpeg",300,158,true],"medium_large":["https:\/\/www.koncevisiontv.cl\/web\/wp-content\/uploads\/2025\/11\/WhatsApp-Image-2025-11-12-at-14.52.54-768x405.jpeg",640,338,true],"large":["https:\/\/www.koncevisiontv.cl\/web\/wp-content\/uploads\/2025\/11\/WhatsApp-Image-2025-11-12-at-14.52.54-1024x540.jpeg",640,338,true],"1536x1536":["https:\/\/www.koncevisiontv.cl\/web\/wp-content\/uploads\/2025\/11\/WhatsApp-Image-2025-11-12-at-14.52.54.jpeg",1200,633,false],"2048x2048":["https:\/\/www.koncevisiontv.cl\/web\/wp-content\/uploads\/2025\/11\/WhatsApp-Image-2025-11-12-at-14.52.54.jpeg",1200,633,false],"darknews-featured":["https:\/\/www.koncevisiontv.cl\/web\/wp-content\/uploads\/2025\/11\/WhatsApp-Image-2025-11-12-at-14.52.54-1024x540.jpeg",1024,540,true],"darknews-large":["https:\/\/www.koncevisiontv.cl\/web\/wp-content\/uploads\/2025\/11\/WhatsApp-Image-2025-11-12-at-14.52.54-825x575.jpeg",825,575,true],"darknews-medium":["https:\/\/www.koncevisiontv.cl\/web\/wp-content\/uploads\/2025\/11\/WhatsApp-Image-2025-11-12-at-14.52.54-590x410.jpeg",590,410,true]},"author_info":{"info":["Web-Master"]},"category_info":"<a href=\"https:\/\/www.koncevisiontv.cl\/web\/category\/juicio\/\" rel=\"category tag\">Juicio<\/a> <a href=\"https:\/\/www.koncevisiontv.cl\/web\/category\/nacional\/\" rel=\"category tag\">Nacional<\/a> <a href=\"https:\/\/www.koncevisiontv.cl\/web\/category\/pdi\/\" rel=\"category tag\">PDI<\/a> <a href=\"https:\/\/www.koncevisiontv.cl\/web\/category\/politica-2\/\" rel=\"category tag\">Pol\u00edtica<\/a>","tag_info":"Pol\u00edtica","comment_count":"0","uagb_featured_image_src":{"full":["https:\/\/www.koncevisiontv.cl\/web\/wp-content\/uploads\/2025\/11\/WhatsApp-Image-2025-11-12-at-14.52.54.jpeg",1200,633,false],"thumbnail":["https:\/\/www.koncevisiontv.cl\/web\/wp-content\/uploads\/2025\/11\/WhatsApp-Image-2025-11-12-at-14.52.54-150x150.jpeg",150,150,true],"medium":["https:\/\/www.koncevisiontv.cl\/web\/wp-content\/uploads\/2025\/11\/WhatsApp-Image-2025-11-12-at-14.52.54-300x158.jpeg",300,158,true],"medium_large":["https:\/\/www.koncevisiontv.cl\/web\/wp-content\/uploads\/2025\/11\/WhatsApp-Image-2025-11-12-at-14.52.54-768x405.jpeg",640,338,true],"large":["https:\/\/www.koncevisiontv.cl\/web\/wp-content\/uploads\/2025\/11\/WhatsApp-Image-2025-11-12-at-14.52.54-1024x540.jpeg",640,338,true],"1536x1536":["https:\/\/www.koncevisiontv.cl\/web\/wp-content\/uploads\/2025\/11\/WhatsApp-Image-2025-11-12-at-14.52.54.jpeg",1200,633,false],"2048x2048":["https:\/\/www.koncevisiontv.cl\/web\/wp-content\/uploads\/2025\/11\/WhatsApp-Image-2025-11-12-at-14.52.54.jpeg",1200,633,false],"darknews-featured":["https:\/\/www.koncevisiontv.cl\/web\/wp-content\/uploads\/2025\/11\/WhatsApp-Image-2025-11-12-at-14.52.54-1024x540.jpeg",1024,540,true],"darknews-large":["https:\/\/www.koncevisiontv.cl\/web\/wp-content\/uploads\/2025\/11\/WhatsApp-Image-2025-11-12-at-14.52.54-825x575.jpeg",825,575,true],"darknews-medium":["https:\/\/www.koncevisiontv.cl\/web\/wp-content\/uploads\/2025\/11\/WhatsApp-Image-2025-11-12-at-14.52.54-590x410.jpeg",590,410,true]},"uagb_author_info":{"display_name":"Web-Master","author_link":"https:\/\/www.koncevisiontv.cl\/web\/author\/koncevision\/"},"uagb_comment_info":0,"uagb_excerpt":"El exdirector de la Polic\u00eda de Investigaciones (PDI), H\u00e9ctor Espinoza, qued\u00f3 bajo la medida cautelar de prisi\u00f3n preventiva","_links":{"self":[{"href":"https:\/\/www.koncevisiontv.cl\/web\/wp-json\/wp\/v2\/posts\/12202","targetHints":{"allow":["GET"]}}],"collection":[{"href":"https:\/\/www.koncevisiontv.cl\/web\/wp-json\/wp\/v2\/posts"}],"about":[{"href":"https:\/\/www.koncevisiontv.cl\/web\/wp-json\/wp\/v2\/types\/post"}],"author":[{"embeddable":true,"href":"https:\/\/www.koncevisiontv.cl\/web\/wp-json\/wp\/v2\/users\/5"}],"replies":[{"embeddable":true,"href":"https:\/\/www.koncevisiontv.cl\/web\/wp-json\/wp\/v2\/comments?post=12202"}],"version-history":[{"count":1,"href":"https:\/\/www.koncevisiontv.cl\/web\/wp-json\/wp\/v2\/posts\/12202\/revisions"}],"predecessor-version":[{"id":12204,"href":"https:\/\/www.koncevisiontv.cl\/web\/wp-json\/wp\/v2\/posts\/12202\/revisions\/12204"}],"wp:featuredmedia":[{"embeddable":true,"href":"https:\/\/www.koncevisiontv.cl\/web\/wp-json\/wp\/v2\/media\/12203"}],"wp:attachment":[{"href":"https:\/\/www.koncevisiontv.cl\/web\/wp-json\/wp\/v2\/media?parent=12202"}],"wp:term":[{"taxonomy":"category","embeddable":true,"href":"https:\/\/www.koncevisiontv.cl\/web\/wp-json\/wp\/v2\/categories?post=12202"},{"taxonomy":"post_tag","embeddable":true,"href":"https:\/\/www.koncevisiontv.cl\/web\/wp-json\/wp\/v2\/tags?post=12202"}],"curies":[{"name":"wp","href":"https:\/\/api.w.org\/{rel}","templated":true}]}}