{"id":12208,"date":"2025-11-12T16:37:05","date_gmt":"2025-11-12T19:37:05","guid":{"rendered":"https:\/\/www.koncevisiontv.cl\/web\/?p=12208"},"modified":"2025-11-12T16:37:07","modified_gmt":"2025-11-12T19:37:07","slug":"escandalo-en-la-araucania-gore-denuncia-ante-fiscalia-que-80-mil-millones-transferidos-a-fundaciones-municipios-y-universidades-no-han-sido-rendidos","status":"publish","type":"post","link":"https:\/\/www.koncevisiontv.cl\/web\/escandalo-en-la-araucania-gore-denuncia-ante-fiscalia-que-80-mil-millones-transferidos-a-fundaciones-municipios-y-universidades-no-han-sido-rendidos\/","title":{"rendered":"Esc\u00e1ndalo en La Araucan\u00eda: GORE denuncia ante fiscal\u00eda que $80 mil millones transferidos a fundaciones, municipios y universidades no han sido rendidos"},"content":{"rendered":"\n<p class=\"wp-block-paragraph\">El Gobierno Regional (GORE) de La Araucan\u00eda ha presentado una grave denuncia ante el Ministerio P\u00fablico, informando que una auditor\u00eda externa detect\u00f3 que cerca de <strong>$80 mil millones de pesos<\/strong> transferidos a fundaciones, municipios y universidades hasta fines de 2024 carecen de la rendici\u00f3n de cuentas correspondiente. El actual gobernador, Ren\u00e9 Saffirio, afirm\u00f3 categ\u00f3ricamente que en la instituci\u00f3n oper\u00f3 el <strong>&#8220;crimen organizado&#8221;<\/strong>.<\/p>\n\n\n\n<p class=\"wp-block-paragraph\">La auditor\u00eda, realizada por la empresa Fortunato y Asociados, se enfoc\u00f3 en el an\u00e1lisis de la ejecuci\u00f3n presupuestaria de los a\u00f1os 2022, 2023 y 2024, per\u00edodo que coincide con la administraci\u00f3n del exgobernador Luciano Rivas. El hallazgo m\u00e1s preocupante es que el GORE no recibi\u00f3 la justificaci\u00f3n de uso de <strong>$79.500 millones<\/strong> de recursos p\u00fablicos traspasados.<\/p>\n\n\n\n<p class=\"wp-block-paragraph\">El gobernador Saffirio lament\u00f3 la situaci\u00f3n, se\u00f1alando que <strong>&#8220;no se sabe qu\u00e9 se hizo, c\u00f3mo se us\u00f3 y si se us\u00f3, en consecuencia, correctamente o no este monto&#8221;<\/strong>. Saffirio apunt\u00f3 al exgobernador Rivas, indicando que este renunci\u00f3 a su obligaci\u00f3n de firmar documentos relevantes, delegando la funci\u00f3n en subalternos, lo que habr\u00eda provisto de &#8220;cierta impunidad respecto de los actos administrativos&#8221;.<\/p>\n\n\n\n<p class=\"wp-block-paragraph\">La cifra no rendida ($80 mil millones) se suma a los $44 mil millones que la Fiscal\u00eda ya investigaba en el marco del Caso Convenios en la regi\u00f3n. El actual GORE espera que esta nueva revelaci\u00f3n impulse una mayor celeridad en las indagaciones. Los antecedentes tambi\u00e9n fueron remitidos a la Contralor\u00eda General de la Rep\u00fablica (CGR), que mantiene <strong>cinco sumarios<\/strong> abiertos contra funcionarios responsables de labores de control.<\/p>\n","protected":false},"excerpt":{"rendered":"<p>El Gobierno Regional (GORE) de La Araucan\u00eda ha presentado una grave denuncia ante el Ministerio P\u00fablico, informando que<\/p>\n","protected":false},"author":5,"featured_media":12209,"comment_status":"open","ping_status":"open","sticky":false,"template":"","format":"standard","meta":{"_crdt_document":"","_uag_custom_page_level_css":"","_sitemap_exclude":false,"_sitemap_priority":"","_sitemap_frequency":"","_joinchat":[],"footnotes":""},"categories":[207,216,14],"tags":[451],"class_list":["post-12208","post","type-post","status-publish","format-standard","has-post-thumbnail","hentry","category-economia","category-fondos-publicos","category-nacional","tag-regiondelaaraucania"],"featured_image_urls":{"full":["https:\/\/www.koncevisiontv.cl\/web\/wp-content\/uploads\/2025\/11\/gore-la-araucania.webp",1200,633,false],"thumbnail":["https:\/\/www.koncevisiontv.cl\/web\/wp-content\/uploads\/2025\/11\/gore-la-araucania-150x150.webp",150,150,true],"medium":["https:\/\/www.koncevisiontv.cl\/web\/wp-content\/uploads\/2025\/11\/gore-la-araucania-300x158.webp",300,158,true],"medium_large":["https:\/\/www.koncevisiontv.cl\/web\/wp-content\/uploads\/2025\/11\/gore-la-araucania-768x405.webp",640,338,true],"large":["https:\/\/www.koncevisiontv.cl\/web\/wp-content\/uploads\/2025\/11\/gore-la-araucania-1024x540.webp",640,338,true],"1536x1536":["https:\/\/www.koncevisiontv.cl\/web\/wp-content\/uploads\/2025\/11\/gore-la-araucania.webp",1200,633,false],"2048x2048":["https:\/\/www.koncevisiontv.cl\/web\/wp-content\/uploads\/2025\/11\/gore-la-araucania.webp",1200,633,false],"darknews-featured":["https:\/\/www.koncevisiontv.cl\/web\/wp-content\/uploads\/2025\/11\/gore-la-araucania-1024x540.webp",1024,540,true],"darknews-large":["https:\/\/www.koncevisiontv.cl\/web\/wp-content\/uploads\/2025\/11\/gore-la-araucania-825x575.webp",825,575,true],"darknews-medium":["https:\/\/www.koncevisiontv.cl\/web\/wp-content\/uploads\/2025\/11\/gore-la-araucania-590x410.webp",590,410,true]},"author_info":{"info":["Web-Master"]},"category_info":"<a href=\"https:\/\/www.koncevisiontv.cl\/web\/category\/economia\/\" rel=\"category tag\">Econom\u00eda<\/a> <a href=\"https:\/\/www.koncevisiontv.cl\/web\/category\/fondos-publicos\/\" rel=\"category tag\">Fondos P\u00fablicos<\/a> <a href=\"https:\/\/www.koncevisiontv.cl\/web\/category\/nacional\/\" rel=\"category tag\">Nacional<\/a>","tag_info":"Nacional","comment_count":"0","uagb_featured_image_src":{"full":["https:\/\/www.koncevisiontv.cl\/web\/wp-content\/uploads\/2025\/11\/gore-la-araucania.webp",1200,633,false],"thumbnail":["https:\/\/www.koncevisiontv.cl\/web\/wp-content\/uploads\/2025\/11\/gore-la-araucania-150x150.webp",150,150,true],"medium":["https:\/\/www.koncevisiontv.cl\/web\/wp-content\/uploads\/2025\/11\/gore-la-araucania-300x158.webp",300,158,true],"medium_large":["https:\/\/www.koncevisiontv.cl\/web\/wp-content\/uploads\/2025\/11\/gore-la-araucania-768x405.webp",640,338,true],"large":["https:\/\/www.koncevisiontv.cl\/web\/wp-content\/uploads\/2025\/11\/gore-la-araucania-1024x540.webp",640,338,true],"1536x1536":["https:\/\/www.koncevisiontv.cl\/web\/wp-content\/uploads\/2025\/11\/gore-la-araucania.webp",1200,633,false],"2048x2048":["https:\/\/www.koncevisiontv.cl\/web\/wp-content\/uploads\/2025\/11\/gore-la-araucania.webp",1200,633,false],"darknews-featured":["https:\/\/www.koncevisiontv.cl\/web\/wp-content\/uploads\/2025\/11\/gore-la-araucania-1024x540.webp",1024,540,true],"darknews-large":["https:\/\/www.koncevisiontv.cl\/web\/wp-content\/uploads\/2025\/11\/gore-la-araucania-825x575.webp",825,575,true],"darknews-medium":["https:\/\/www.koncevisiontv.cl\/web\/wp-content\/uploads\/2025\/11\/gore-la-araucania-590x410.webp",590,410,true]},"uagb_author_info":{"display_name":"Web-Master","author_link":"https:\/\/www.koncevisiontv.cl\/web\/author\/koncevision\/"},"uagb_comment_info":0,"uagb_excerpt":"El Gobierno Regional (GORE) de La Araucan\u00eda ha presentado una grave denuncia ante el Ministerio P\u00fablico, informando que","_links":{"self":[{"href":"https:\/\/www.koncevisiontv.cl\/web\/wp-json\/wp\/v2\/posts\/12208","targetHints":{"allow":["GET"]}}],"collection":[{"href":"https:\/\/www.koncevisiontv.cl\/web\/wp-json\/wp\/v2\/posts"}],"about":[{"href":"https:\/\/www.koncevisiontv.cl\/web\/wp-json\/wp\/v2\/types\/post"}],"author":[{"embeddable":true,"href":"https:\/\/www.koncevisiontv.cl\/web\/wp-json\/wp\/v2\/users\/5"}],"replies":[{"embeddable":true,"href":"https:\/\/www.koncevisiontv.cl\/web\/wp-json\/wp\/v2\/comments?post=12208"}],"version-history":[{"count":1,"href":"https:\/\/www.koncevisiontv.cl\/web\/wp-json\/wp\/v2\/posts\/12208\/revisions"}],"predecessor-version":[{"id":12210,"href":"https:\/\/www.koncevisiontv.cl\/web\/wp-json\/wp\/v2\/posts\/12208\/revisions\/12210"}],"wp:featuredmedia":[{"embeddable":true,"href":"https:\/\/www.koncevisiontv.cl\/web\/wp-json\/wp\/v2\/media\/12209"}],"wp:attachment":[{"href":"https:\/\/www.koncevisiontv.cl\/web\/wp-json\/wp\/v2\/media?parent=12208"}],"wp:term":[{"taxonomy":"category","embeddable":true,"href":"https:\/\/www.koncevisiontv.cl\/web\/wp-json\/wp\/v2\/categories?post=12208"},{"taxonomy":"post_tag","embeddable":true,"href":"https:\/\/www.koncevisiontv.cl\/web\/wp-json\/wp\/v2\/tags?post=12208"}],"curies":[{"name":"wp","href":"https:\/\/api.w.org\/{rel}","templated":true}]}}