{"id":12247,"date":"2025-11-13T14:50:57","date_gmt":"2025-11-13T17:50:57","guid":{"rendered":"https:\/\/www.koncevisiontv.cl\/web\/?p=12247"},"modified":"2025-11-13T15:05:17","modified_gmt":"2025-11-13T18:05:17","slug":"tragedia-en-arica-ataque-con-arma-blanca-en-corte-de-apelaciones-termina-con-atacante-fallecido-y-un-funcionario-herido","status":"publish","type":"post","link":"https:\/\/www.koncevisiontv.cl\/web\/tragedia-en-arica-ataque-con-arma-blanca-en-corte-de-apelaciones-termina-con-atacante-fallecido-y-un-funcionario-herido\/","title":{"rendered":"Tragedia en Arica: Ataque con arma blanca en Corte de Apelaciones termina con atacante fallecido y un funcionario herido"},"content":{"rendered":"\n<p class=\"wp-block-paragraph\">Un grave incidente ocurri\u00f3 en las dependencias de la Corte de Apelaciones de Arica, dejando como saldo una persona fallecida y otra herida. El suceso se desencaden\u00f3 cuando un individuo ingres\u00f3 al recinto con la intenci\u00f3n de agredir a un administrador.<\/p>\n\n\n\n<p class=\"wp-block-paragraph\">Seg\u00fan informaci\u00f3n preliminar, el atacante, que se habr\u00eda presentado con un cuchillo, fue reducido por personal de Carabineros y Gendarmer\u00eda que se encontraba en el lugar. En circunstancias que est\u00e1n siendo investigadas, <strong>el agresor falleci\u00f3<\/strong> durante el procedimiento. Un registro captado del momento muestra al atacante ingresando armado, seguido de sonidos de disparos.<\/p>\n\n\n\n<p class=\"wp-block-paragraph\">La v\u00edctima de la agresi\u00f3n, identificada como un administrador, result\u00f3 herida y fue trasladada de inmediato a un centro asistencial.<\/p>\n\n\n\n<p class=\"wp-block-paragraph\">Fuentes period\u00edsticas indicaron que el atacante tambi\u00e9n ser\u00eda funcionario del tribunal y habr\u00eda estado lidiando con problemas de salud mental. La Polic\u00eda de Investigaciones (PDI) se encuentra realizando un operativo en el sitio del suceso para esclarecer los detalles de c\u00f3mo ocurrieron los hechos y confirmar las circunstancias exactas de la muerte del agresor.<\/p>\n\n\n\n<figure class=\"wp-block-video\"><video height=\"848\" style=\"aspect-ratio: 480 \/ 848;\" width=\"480\" controls src=\"https:\/\/www.koncevisiontv.cl\/web\/wp-content\/uploads\/2025\/11\/Al-menos-un-muerto-y-un-herido-deja-ataque-armado-en-Corte-de-Ap-02.mp4\"><\/video><\/figure>\n","protected":false},"excerpt":{"rendered":"<p>Un grave incidente ocurri\u00f3 en las dependencias de la Corte de Apelaciones de Arica, dejando como saldo una<\/p>\n","protected":false},"author":5,"featured_media":12248,"comment_status":"open","ping_status":"open","sticky":false,"template":"","format":"standard","meta":{"_crdt_document":"","_uag_custom_page_level_css":"","_sitemap_exclude":false,"_sitemap_priority":"","_sitemap_frequency":"","_joinchat":[],"footnotes":""},"categories":[482,517,209,14],"tags":[516],"class_list":["post-12247","post","type-post","status-publish","format-standard","has-post-thumbnail","hentry","category-agresion","category-arica","category-homicidio","category-nacional","tag-region-de-arica-y-parinacota"],"featured_image_urls":{"full":["https:\/\/www.koncevisiontv.cl\/web\/wp-content\/uploads\/2025\/11\/dhdgdfgd.png",1024,768,false],"thumbnail":["https:\/\/www.koncevisiontv.cl\/web\/wp-content\/uploads\/2025\/11\/dhdgdfgd-150x150.png",150,150,true],"medium":["https:\/\/www.koncevisiontv.cl\/web\/wp-content\/uploads\/2025\/11\/dhdgdfgd-300x225.png",300,225,true],"medium_large":["https:\/\/www.koncevisiontv.cl\/web\/wp-content\/uploads\/2025\/11\/dhdgdfgd-768x576.png",640,480,true],"large":["https:\/\/www.koncevisiontv.cl\/web\/wp-content\/uploads\/2025\/11\/dhdgdfgd.png",640,480,false],"1536x1536":["https:\/\/www.koncevisiontv.cl\/web\/wp-content\/uploads\/2025\/11\/dhdgdfgd.png",1024,768,false],"2048x2048":["https:\/\/www.koncevisiontv.cl\/web\/wp-content\/uploads\/2025\/11\/dhdgdfgd.png",1024,768,false],"darknews-featured":["https:\/\/www.koncevisiontv.cl\/web\/wp-content\/uploads\/2025\/11\/dhdgdfgd.png",1024,768,false],"darknews-large":["https:\/\/www.koncevisiontv.cl\/web\/wp-content\/uploads\/2025\/11\/dhdgdfgd-825x575.png",825,575,true],"darknews-medium":["https:\/\/www.koncevisiontv.cl\/web\/wp-content\/uploads\/2025\/11\/dhdgdfgd-590x410.png",590,410,true]},"author_info":{"info":["Web-Master"]},"category_info":"<a href=\"https:\/\/www.koncevisiontv.cl\/web\/category\/agresion\/\" rel=\"category tag\">Agresi\u00f3n<\/a> <a href=\"https:\/\/www.koncevisiontv.cl\/web\/category\/arica\/\" rel=\"category tag\">Arica<\/a> <a href=\"https:\/\/www.koncevisiontv.cl\/web\/category\/homicidio\/\" rel=\"category tag\">Homicidio<\/a> <a href=\"https:\/\/www.koncevisiontv.cl\/web\/category\/nacional\/\" rel=\"category tag\">Nacional<\/a>","tag_info":"Nacional","comment_count":"0","uagb_featured_image_src":{"full":["https:\/\/www.koncevisiontv.cl\/web\/wp-content\/uploads\/2025\/11\/dhdgdfgd.png",1024,768,false],"thumbnail":["https:\/\/www.koncevisiontv.cl\/web\/wp-content\/uploads\/2025\/11\/dhdgdfgd-150x150.png",150,150,true],"medium":["https:\/\/www.koncevisiontv.cl\/web\/wp-content\/uploads\/2025\/11\/dhdgdfgd-300x225.png",300,225,true],"medium_large":["https:\/\/www.koncevisiontv.cl\/web\/wp-content\/uploads\/2025\/11\/dhdgdfgd-768x576.png",640,480,true],"large":["https:\/\/www.koncevisiontv.cl\/web\/wp-content\/uploads\/2025\/11\/dhdgdfgd.png",640,480,false],"1536x1536":["https:\/\/www.koncevisiontv.cl\/web\/wp-content\/uploads\/2025\/11\/dhdgdfgd.png",1024,768,false],"2048x2048":["https:\/\/www.koncevisiontv.cl\/web\/wp-content\/uploads\/2025\/11\/dhdgdfgd.png",1024,768,false],"darknews-featured":["https:\/\/www.koncevisiontv.cl\/web\/wp-content\/uploads\/2025\/11\/dhdgdfgd.png",1024,768,false],"darknews-large":["https:\/\/www.koncevisiontv.cl\/web\/wp-content\/uploads\/2025\/11\/dhdgdfgd-825x575.png",825,575,true],"darknews-medium":["https:\/\/www.koncevisiontv.cl\/web\/wp-content\/uploads\/2025\/11\/dhdgdfgd-590x410.png",590,410,true]},"uagb_author_info":{"display_name":"Web-Master","author_link":"https:\/\/www.koncevisiontv.cl\/web\/author\/koncevision\/"},"uagb_comment_info":0,"uagb_excerpt":"Un grave incidente ocurri\u00f3 en las dependencias de la Corte de Apelaciones de Arica, dejando como saldo una","_links":{"self":[{"href":"https:\/\/www.koncevisiontv.cl\/web\/wp-json\/wp\/v2\/posts\/12247","targetHints":{"allow":["GET"]}}],"collection":[{"href":"https:\/\/www.koncevisiontv.cl\/web\/wp-json\/wp\/v2\/posts"}],"about":[{"href":"https:\/\/www.koncevisiontv.cl\/web\/wp-json\/wp\/v2\/types\/post"}],"author":[{"embeddable":true,"href":"https:\/\/www.koncevisiontv.cl\/web\/wp-json\/wp\/v2\/users\/5"}],"replies":[{"embeddable":true,"href":"https:\/\/www.koncevisiontv.cl\/web\/wp-json\/wp\/v2\/comments?post=12247"}],"version-history":[{"count":2,"href":"https:\/\/www.koncevisiontv.cl\/web\/wp-json\/wp\/v2\/posts\/12247\/revisions"}],"predecessor-version":[{"id":12252,"href":"https:\/\/www.koncevisiontv.cl\/web\/wp-json\/wp\/v2\/posts\/12247\/revisions\/12252"}],"wp:featuredmedia":[{"embeddable":true,"href":"https:\/\/www.koncevisiontv.cl\/web\/wp-json\/wp\/v2\/media\/12248"}],"wp:attachment":[{"href":"https:\/\/www.koncevisiontv.cl\/web\/wp-json\/wp\/v2\/media?parent=12247"}],"wp:term":[{"taxonomy":"category","embeddable":true,"href":"https:\/\/www.koncevisiontv.cl\/web\/wp-json\/wp\/v2\/categories?post=12247"},{"taxonomy":"post_tag","embeddable":true,"href":"https:\/\/www.koncevisiontv.cl\/web\/wp-json\/wp\/v2\/tags?post=12247"}],"curies":[{"name":"wp","href":"https:\/\/api.w.org\/{rel}","templated":true}]}}