{"id":12259,"date":"2025-11-13T17:03:58","date_gmt":"2025-11-13T20:03:58","guid":{"rendered":"https:\/\/www.koncevisiontv.cl\/web\/?p=12259"},"modified":"2025-11-13T17:11:22","modified_gmt":"2025-11-13T20:11:22","slug":"conecta-coronel-reunio-a-mas-de-400-emprendedores-del-sur-del-biobio-en-jornada-de-vinculacion-empresarial","status":"publish","type":"post","link":"https:\/\/www.koncevisiontv.cl\/web\/conecta-coronel-reunio-a-mas-de-400-emprendedores-del-sur-del-biobio-en-jornada-de-vinculacion-empresarial\/","title":{"rendered":"Conecta Coronel reuni\u00f3 a m\u00e1s de 400 emprendedores del sur del Biob\u00edo en jornada de vinculaci\u00f3n empresarial"},"content":{"rendered":"\n<p class=\"wp-block-paragraph\"><em><u>La cita permiti\u00f3 establecer lazos entre distintos actores productivos, promover la asociatividad y proyectar un trabajo conjunto orientado al crecimiento de las pymes locales.<\/u><\/em><\/p>\n\n\n\n<p class=\"wp-block-paragraph\">En el centro de eventos Corma de Coronel se desarroll\u00f3 el primer Encuentro Empresarial Multisectorial al Sur del Biob\u00edo, denominado&nbsp;<em>Conecta Coronel<\/em>, que convoc\u00f3 a m\u00e1s de 400 emprendedores de Coronel, San Pedro, Lota y la provincia de Arauco. La jornada tuvo como objetivo promover la colaboraci\u00f3n entre grandes, medianas y peque\u00f1as empresas, generando instancias de conexi\u00f3n real y nuevas oportunidades de negocio.<\/p>\n\n\n\n<p class=\"wp-block-paragraph\">El encuentro \u2014organizado por Sercotec, la Municipalidad de Coronel, Colb\u00fan, ASEM Biob\u00edo y el Comit\u00e9 de Desarrollo Productivo Regional\u2014 cont\u00f3 con la presencia del alcalde Boris Chamorro; los diputados Marl\u00e9n P\u00e9rez y Sergio Bobadilla; los seremis de Medio Ambiente, Pablo Pinto, y de Econom\u00eda, Fomento y Turismo, Javier Sep\u00falveda; la directora ejecutiva de Corfo Biob\u00edo, Roberta Lama; el presidente de ASEM Biob\u00edo, Humberto Miguel; y el director regional de Sercotec, Mauricio Torres Ferrada, entre otras autoridades e invitados.<\/p>\n\n\n\n<p class=\"wp-block-paragraph\">Para Torres, la actividad marc\u00f3 un hito en la zona sur del Biob\u00edo. \u201cEsta es la primera actividad que realizamos en Coronel, o al sur del Biob\u00edo, con empresarios y la red de proveedores de la gran empresa\u201d, explic\u00f3. Agreg\u00f3 que m\u00e1s de veinte compa\u00f1\u00edas \u2014entre ellas Camanchaca, Puertos de Coronel, Colb\u00fan, Oxiquim y Empresas Arauco\u2014 \u201cse comprometieron a participar y abrir espacios de di\u00e1logo que permitan a los peque\u00f1os negocios convertirse en agregadores de valor para la gran industria\u201d.<\/p>\n\n\n\n<p class=\"wp-block-paragraph\">El director regional de Sercotec destac\u00f3 adem\u00e1s la alianza con Colb\u00fan y el rol articulador del encuentro: \u201cHemos ido construyendo una relaci\u00f3n con el Centro de Emprendimiento de Coronel que ha permitido beneficiar a emprendedores de la zona. Por ejemplo, en el fondo&nbsp;<em>Crece Sostenible<\/em>, varios de ellos se adjudicaron recursos gracias a esa articulaci\u00f3n. Por eso decimos que Colb\u00fan se ha transformado en un socio estrat\u00e9gico en Coronel, Lota y la provincia del Biob\u00edo\u201d.<\/p>\n\n\n\n<p class=\"wp-block-paragraph\">Por su parte, el subgerente regional de BancoEstado Tecnoempresas, Jaime Ram\u00edrez, valor\u00f3 la masiva convocatoria y el esp\u00edritu colaborativo de la jornada. \u201cHoy estamos ante una actividad de lujo, y es un orgullo participar en esta primera versi\u00f3n. Coronel necesita estos espacios donde las micro, peque\u00f1as y grandes empresas, junto a instituciones p\u00fablicas y privadas, podamos trabajar colaborativamente para hacer crecer los negocios\u201d, coment\u00f3.<\/p>\n\n\n\n<p class=\"wp-block-paragraph\">Ram\u00edrez a\u00f1adi\u00f3 que lo m\u00e1s destacable fue la conexi\u00f3n espont\u00e1nea entre los asistentes: \u201cLa vinculaci\u00f3n se dio de manera natural, todos se conectaron f\u00e1cilmente y comenzaron a generar negocios. En la medida que podamos conectar los emprendimientos y trabajar juntos, se crean oportunidades reales de crecimiento. Si a las empresas les va bien, le va bien a la comuna\u201d.<\/p>\n\n\n\n<p class=\"wp-block-paragraph\">En tanto, el especialista senior en Asuntos P\u00fablicos de Colb\u00fan, Gonzalo Gonz\u00e1lez, subray\u00f3 el car\u00e1cter integrador de la jornada: \u201cConecta Coronel logr\u00f3 reunir grandes empresas junto a emprendedores y pymes. Fue una jornada muy enriquecedora, en la que hemos podido conectar a todo el ecosistema del sur del Biob\u00edo, con un gran despliegue de Sercotec, la Agencia de Desarrollo, la Municipalidad y nuestro Centro de Emprendimiento\u201d, se\u00f1al\u00f3.<\/p>\n\n\n\n<p class=\"wp-block-paragraph\">Gonz\u00e1lez destac\u00f3 adem\u00e1s el entusiasmo de los participantes: \u201cEstamos muy contentos porque nuestros emprendedores se volcaron a ser parte de este encuentro, que sin duda no ser\u00e1 el \u00faltimo. Es el inicio de un gran avance para el fortalecimiento del ecosistema emprendedor del Biob\u00edo y de la comunidad de Coronel\u201d.<\/p>\n\n\n\n<p class=\"wp-block-paragraph\"><strong><br><\/strong><em><strong>Emprendedores refuerzan v\u00ednculos<\/strong>\u2028\u2028<\/em><\/p>\n\n\n\n<p class=\"wp-block-paragraph\">La emprendedora Loreto Navarrete, fundadora de Marina Alimentos, valor\u00f3 el esp\u00edritu colaborativo y la oportunidad de ampliar redes: \u201cEs una iniciativa donde podemos vincularnos y conocer este ecosistema que tanto nos apasiona. Agradezco la oportunidad de dar a conocer nuestros productos y tambi\u00e9n de conectar con otras mujeres emprendedoras, porque adem\u00e1s soy mentora y me interesa invitarlas a participar de este mundo que ofrece tantas oportunidades\u201d.<\/p>\n\n\n\n<p class=\"wp-block-paragraph\">En tanto, el presidente de ASEM Biob\u00edo, Humberto Miguel, destac\u00f3 los resultados de la jornada. \u201cHa superado todas las expectativas. Tuvimos m\u00e1s de 400 emprendedores presentes y m\u00e1s de 20 grandes empresas participando. El objetivo de vincular a los emprendedores con compa\u00f1\u00edas de mayor tama\u00f1o se logr\u00f3 plenamente\u201d, afirm\u00f3. A\u00f1adi\u00f3 que las ponencias de la jornada \u201cfueron un aporte real al fortalecimiento del sector, y ojal\u00e1 que instancias como esta se repitan no solo en Coronel, sino tambi\u00e9n en otras comunas de la regi\u00f3n del Biob\u00edo\u201d.<\/p>\n\n\n\n<p class=\"wp-block-paragraph\">El encuentro cont\u00f3 adem\u00e1s con exposiciones inspiradoras, entre ellas la del empresario Reinaldo Lippi, fundador de la reconocida marca outdoor, quien comparti\u00f3 su experiencia y aprendizajes en el mundo del emprendimiento.<\/p>\n\n\n\n<p class=\"wp-block-paragraph\">La actividad culmin\u00f3 con un segundo d\u00eda de conferencias en el Teatro de Lota, evento que cont\u00f3 con la presencia del alcalde de la comuna, Jaime V\u00e1squez, y del director del CFT Lota Arauco de la Universidad de Concepci\u00f3n, Patricio P\u00e9rez Vergara, quienes destacaron la relevancia de extender este tipo de iniciativas a toda la cuenca del carb\u00f3n.<\/p>\n\n\n\n<figure class=\"wp-block-image size-large\"><img loading=\"lazy\" decoding=\"async\" width=\"1024\" height=\"768\" src=\"https:\/\/www.koncevisiontv.cl\/web\/wp-content\/uploads\/2025\/11\/IMG_0500-1024x768.jpeg\" alt=\"\" class=\"wp-image-12263\" title=\"\" srcset=\"https:\/\/www.koncevisiontv.cl\/web\/wp-content\/uploads\/2025\/11\/IMG_0500-1024x768.jpeg 1024w, https:\/\/www.koncevisiontv.cl\/web\/wp-content\/uploads\/2025\/11\/IMG_0500-300x225.jpeg 300w, https:\/\/www.koncevisiontv.cl\/web\/wp-content\/uploads\/2025\/11\/IMG_0500-768x576.jpeg 768w, https:\/\/www.koncevisiontv.cl\/web\/wp-content\/uploads\/2025\/11\/IMG_0500-1536x1152.jpeg 1536w, https:\/\/www.koncevisiontv.cl\/web\/wp-content\/uploads\/2025\/11\/IMG_0500.jpeg 2048w\" sizes=\"auto, (max-width: 1024px) 100vw, 1024px\" \/><\/figure>\n\n\n\n<figure class=\"wp-block-image size-large\"><img loading=\"lazy\" decoding=\"async\" width=\"1024\" height=\"768\" src=\"https:\/\/www.koncevisiontv.cl\/web\/wp-content\/uploads\/2025\/11\/IMG_0457-1024x768.jpeg\" alt=\"\" class=\"wp-image-12260\" title=\"\" srcset=\"https:\/\/www.koncevisiontv.cl\/web\/wp-content\/uploads\/2025\/11\/IMG_0457-1024x768.jpeg 1024w, https:\/\/www.koncevisiontv.cl\/web\/wp-content\/uploads\/2025\/11\/IMG_0457-300x225.jpeg 300w, https:\/\/www.koncevisiontv.cl\/web\/wp-content\/uploads\/2025\/11\/IMG_0457-768x576.jpeg 768w, https:\/\/www.koncevisiontv.cl\/web\/wp-content\/uploads\/2025\/11\/IMG_0457-1536x1152.jpeg 1536w, https:\/\/www.koncevisiontv.cl\/web\/wp-content\/uploads\/2025\/11\/IMG_0457.jpeg 2048w\" sizes=\"auto, (max-width: 1024px) 100vw, 1024px\" \/><\/figure>\n\n\n\n<figure class=\"wp-block-image size-large\"><img loading=\"lazy\" decoding=\"async\" width=\"1024\" height=\"768\" src=\"https:\/\/www.koncevisiontv.cl\/web\/wp-content\/uploads\/2025\/11\/IMG_0479-1024x768.jpeg\" alt=\"\" class=\"wp-image-12265\" title=\"\" srcset=\"https:\/\/www.koncevisiontv.cl\/web\/wp-content\/uploads\/2025\/11\/IMG_0479-1024x768.jpeg 1024w, https:\/\/www.koncevisiontv.cl\/web\/wp-content\/uploads\/2025\/11\/IMG_0479-300x225.jpeg 300w, https:\/\/www.koncevisiontv.cl\/web\/wp-content\/uploads\/2025\/11\/IMG_0479-768x576.jpeg 768w, https:\/\/www.koncevisiontv.cl\/web\/wp-content\/uploads\/2025\/11\/IMG_0479-1536x1152.jpeg 1536w, https:\/\/www.koncevisiontv.cl\/web\/wp-content\/uploads\/2025\/11\/IMG_0479.jpeg 2048w\" sizes=\"auto, (max-width: 1024px) 100vw, 1024px\" \/><\/figure>\n\n\n\n<figure class=\"wp-block-image size-large\"><img loading=\"lazy\" decoding=\"async\" width=\"1024\" height=\"768\" src=\"https:\/\/www.koncevisiontv.cl\/web\/wp-content\/uploads\/2025\/11\/IMG_0523-1024x768.jpeg\" alt=\"\" class=\"wp-image-12266\" title=\"\" srcset=\"https:\/\/www.koncevisiontv.cl\/web\/wp-content\/uploads\/2025\/11\/IMG_0523-1024x768.jpeg 1024w, https:\/\/www.koncevisiontv.cl\/web\/wp-content\/uploads\/2025\/11\/IMG_0523-300x225.jpeg 300w, https:\/\/www.koncevisiontv.cl\/web\/wp-content\/uploads\/2025\/11\/IMG_0523-768x576.jpeg 768w, https:\/\/www.koncevisiontv.cl\/web\/wp-content\/uploads\/2025\/11\/IMG_0523-1536x1152.jpeg 1536w, https:\/\/www.koncevisiontv.cl\/web\/wp-content\/uploads\/2025\/11\/IMG_0523.jpeg 2048w\" sizes=\"auto, (max-width: 1024px) 100vw, 1024px\" \/><\/figure>\n\n\n\n<figure class=\"wp-block-image size-large\"><img loading=\"lazy\" decoding=\"async\" width=\"1024\" height=\"768\" src=\"https:\/\/www.koncevisiontv.cl\/web\/wp-content\/uploads\/2025\/11\/IMG_0461-1024x768.jpeg\" alt=\"\" class=\"wp-image-12267\" title=\"\" srcset=\"https:\/\/www.koncevisiontv.cl\/web\/wp-content\/uploads\/2025\/11\/IMG_0461-1024x768.jpeg 1024w, https:\/\/www.koncevisiontv.cl\/web\/wp-content\/uploads\/2025\/11\/IMG_0461-300x225.jpeg 300w, https:\/\/www.koncevisiontv.cl\/web\/wp-content\/uploads\/2025\/11\/IMG_0461-768x576.jpeg 768w, https:\/\/www.koncevisiontv.cl\/web\/wp-content\/uploads\/2025\/11\/IMG_0461-1536x1152.jpeg 1536w, https:\/\/www.koncevisiontv.cl\/web\/wp-content\/uploads\/2025\/11\/IMG_0461.jpeg 2048w\" sizes=\"auto, (max-width: 1024px) 100vw, 1024px\" \/><\/figure>\n\n\n\n<figure class=\"wp-block-image size-large\"><img loading=\"lazy\" decoding=\"async\" width=\"1024\" height=\"768\" src=\"https:\/\/www.koncevisiontv.cl\/web\/wp-content\/uploads\/2025\/11\/IMG_0469-1024x768.jpeg\" alt=\"\" class=\"wp-image-12268\" title=\"\" srcset=\"https:\/\/www.koncevisiontv.cl\/web\/wp-content\/uploads\/2025\/11\/IMG_0469-1024x768.jpeg 1024w, https:\/\/www.koncevisiontv.cl\/web\/wp-content\/uploads\/2025\/11\/IMG_0469-300x225.jpeg 300w, https:\/\/www.koncevisiontv.cl\/web\/wp-content\/uploads\/2025\/11\/IMG_0469-768x576.jpeg 768w, https:\/\/www.koncevisiontv.cl\/web\/wp-content\/uploads\/2025\/11\/IMG_0469-1536x1152.jpeg 1536w, https:\/\/www.koncevisiontv.cl\/web\/wp-content\/uploads\/2025\/11\/IMG_0469.jpeg 2048w\" sizes=\"auto, (max-width: 1024px) 100vw, 1024px\" \/><\/figure>\n","protected":false},"excerpt":{"rendered":"<p>La cita permiti\u00f3 establecer lazos entre distintos actores productivos, promover la asociatividad y proyectar un trabajo conjunto orientado<\/p>\n","protected":false},"author":5,"featured_media":12261,"comment_status":"open","ping_status":"open","sticky":false,"template":"","format":"standard","meta":{"_crdt_document":"","_uag_custom_page_level_css":"","_sitemap_exclude":false,"_sitemap_priority":"","_sitemap_frequency":"","_joinchat":[],"footnotes":""},"categories":[518,219,207,211,14,519,471,473],"tags":[63],"class_list":["post-12259","post","type-post","status-publish","format-standard","has-post-thumbnail","hentry","category-arauco","category-coronel","category-economia","category-lota","category-nacional","category-programas","category-regional","category-san-pedro-de-la-paz","tag-regiondelbiobio"],"featured_image_urls":{"full":["https:\/\/www.koncevisiontv.cl\/web\/wp-content\/uploads\/2025\/11\/IMG_0510.jpeg",2048,1536,false],"thumbnail":["https:\/\/www.koncevisiontv.cl\/web\/wp-content\/uploads\/2025\/11\/IMG_0510-150x150.jpeg",150,150,true],"medium":["https:\/\/www.koncevisiontv.cl\/web\/wp-content\/uploads\/2025\/11\/IMG_0510-300x225.jpeg",300,225,true],"medium_large":["https:\/\/www.koncevisiontv.cl\/web\/wp-content\/uploads\/2025\/11\/IMG_0510-768x576.jpeg",640,480,true],"large":["https:\/\/www.koncevisiontv.cl\/web\/wp-content\/uploads\/2025\/11\/IMG_0510-1024x768.jpeg",640,480,true],"1536x1536":["https:\/\/www.koncevisiontv.cl\/web\/wp-content\/uploads\/2025\/11\/IMG_0510-1536x1152.jpeg",1536,1152,true],"2048x2048":["https:\/\/www.koncevisiontv.cl\/web\/wp-content\/uploads\/2025\/11\/IMG_0510.jpeg",2048,1536,false],"darknews-featured":["https:\/\/www.koncevisiontv.cl\/web\/wp-content\/uploads\/2025\/11\/IMG_0510-1024x768.jpeg",1024,768,true],"darknews-large":["https:\/\/www.koncevisiontv.cl\/web\/wp-content\/uploads\/2025\/11\/IMG_0510-825x575.jpeg",825,575,true],"darknews-medium":["https:\/\/www.koncevisiontv.cl\/web\/wp-content\/uploads\/2025\/11\/IMG_0510-590x410.jpeg",590,410,true]},"author_info":{"info":["Web-Master"]},"category_info":"<a href=\"https:\/\/www.koncevisiontv.cl\/web\/category\/arauco\/\" rel=\"category tag\">Arauco<\/a> <a href=\"https:\/\/www.koncevisiontv.cl\/web\/category\/coronel\/\" rel=\"category tag\">Coronel<\/a> <a href=\"https:\/\/www.koncevisiontv.cl\/web\/category\/economia\/\" rel=\"category tag\">Econom\u00eda<\/a> <a href=\"https:\/\/www.koncevisiontv.cl\/web\/category\/lota\/\" rel=\"category tag\">Lota<\/a> <a href=\"https:\/\/www.koncevisiontv.cl\/web\/category\/nacional\/\" rel=\"category tag\">Nacional<\/a> <a href=\"https:\/\/www.koncevisiontv.cl\/web\/category\/programas\/\" rel=\"category tag\">Programas<\/a> <a href=\"https:\/\/www.koncevisiontv.cl\/web\/category\/regional\/\" rel=\"category tag\">Regional<\/a> <a href=\"https:\/\/www.koncevisiontv.cl\/web\/category\/san-pedro-de-la-paz\/\" rel=\"category tag\">San Pedro de la Paz<\/a>","tag_info":"San Pedro de la Paz","comment_count":"0","uagb_featured_image_src":{"full":["https:\/\/www.koncevisiontv.cl\/web\/wp-content\/uploads\/2025\/11\/IMG_0510.jpeg",2048,1536,false],"thumbnail":["https:\/\/www.koncevisiontv.cl\/web\/wp-content\/uploads\/2025\/11\/IMG_0510-150x150.jpeg",150,150,true],"medium":["https:\/\/www.koncevisiontv.cl\/web\/wp-content\/uploads\/2025\/11\/IMG_0510-300x225.jpeg",300,225,true],"medium_large":["https:\/\/www.koncevisiontv.cl\/web\/wp-content\/uploads\/2025\/11\/IMG_0510-768x576.jpeg",640,480,true],"large":["https:\/\/www.koncevisiontv.cl\/web\/wp-content\/uploads\/2025\/11\/IMG_0510-1024x768.jpeg",640,480,true],"1536x1536":["https:\/\/www.koncevisiontv.cl\/web\/wp-content\/uploads\/2025\/11\/IMG_0510-1536x1152.jpeg",1536,1152,true],"2048x2048":["https:\/\/www.koncevisiontv.cl\/web\/wp-content\/uploads\/2025\/11\/IMG_0510.jpeg",2048,1536,false],"darknews-featured":["https:\/\/www.koncevisiontv.cl\/web\/wp-content\/uploads\/2025\/11\/IMG_0510-1024x768.jpeg",1024,768,true],"darknews-large":["https:\/\/www.koncevisiontv.cl\/web\/wp-content\/uploads\/2025\/11\/IMG_0510-825x575.jpeg",825,575,true],"darknews-medium":["https:\/\/www.koncevisiontv.cl\/web\/wp-content\/uploads\/2025\/11\/IMG_0510-590x410.jpeg",590,410,true]},"uagb_author_info":{"display_name":"Web-Master","author_link":"https:\/\/www.koncevisiontv.cl\/web\/author\/koncevision\/"},"uagb_comment_info":0,"uagb_excerpt":"La cita permiti\u00f3 establecer lazos entre distintos actores productivos, promover la asociatividad y proyectar un trabajo conjunto orientado","_links":{"self":[{"href":"https:\/\/www.koncevisiontv.cl\/web\/wp-json\/wp\/v2\/posts\/12259","targetHints":{"allow":["GET"]}}],"collection":[{"href":"https:\/\/www.koncevisiontv.cl\/web\/wp-json\/wp\/v2\/posts"}],"about":[{"href":"https:\/\/www.koncevisiontv.cl\/web\/wp-json\/wp\/v2\/types\/post"}],"author":[{"embeddable":true,"href":"https:\/\/www.koncevisiontv.cl\/web\/wp-json\/wp\/v2\/users\/5"}],"replies":[{"embeddable":true,"href":"https:\/\/www.koncevisiontv.cl\/web\/wp-json\/wp\/v2\/comments?post=12259"}],"version-history":[{"count":2,"href":"https:\/\/www.koncevisiontv.cl\/web\/wp-json\/wp\/v2\/posts\/12259\/revisions"}],"predecessor-version":[{"id":12269,"href":"https:\/\/www.koncevisiontv.cl\/web\/wp-json\/wp\/v2\/posts\/12259\/revisions\/12269"}],"wp:featuredmedia":[{"embeddable":true,"href":"https:\/\/www.koncevisiontv.cl\/web\/wp-json\/wp\/v2\/media\/12261"}],"wp:attachment":[{"href":"https:\/\/www.koncevisiontv.cl\/web\/wp-json\/wp\/v2\/media?parent=12259"}],"wp:term":[{"taxonomy":"category","embeddable":true,"href":"https:\/\/www.koncevisiontv.cl\/web\/wp-json\/wp\/v2\/categories?post=12259"},{"taxonomy":"post_tag","embeddable":true,"href":"https:\/\/www.koncevisiontv.cl\/web\/wp-json\/wp\/v2\/tags?post=12259"}],"curies":[{"name":"wp","href":"https:\/\/api.w.org\/{rel}","templated":true}]}}