{"id":12271,"date":"2025-11-14T12:16:00","date_gmt":"2025-11-14T15:16:00","guid":{"rendered":"https:\/\/www.koncevisiontv.cl\/web\/?p=12271"},"modified":"2025-11-14T12:16:07","modified_gmt":"2025-11-14T15:16:07","slug":"bomba-molotov-cae-en-la-sala-de-profesores-del-instituto-nacional-direccion-suspende-clases-y-denuncia-puesta-en-riesgo-de-docentes","status":"publish","type":"post","link":"https:\/\/www.koncevisiontv.cl\/web\/bomba-molotov-cae-en-la-sala-de-profesores-del-instituto-nacional-direccion-suspende-clases-y-denuncia-puesta-en-riesgo-de-docentes\/","title":{"rendered":"Bomba molotov cae en la sala de profesores del Instituto Nacional: Direcci\u00f3n suspende clases y denuncia puesta en riesgo de docentes"},"content":{"rendered":"\n<p class=\"wp-block-paragraph\">La Direcci\u00f3n del Instituto Nacional inform\u00f3 que nuevos y graves incidentes se registraron este viernes, obligando a suspender las actividades acad\u00e9micas matinales. La situaci\u00f3n de alarma se dispar\u00f3 luego de que una <strong>bomba molotov<\/strong> lanzada durante las manifestaciones impactara directamente en la <strong>sala de profesores<\/strong> del establecimiento.<\/p>\n\n\n\n<p class=\"wp-block-paragraph\">Mediante un comunicado, el liceo detall\u00f3 que los des\u00f3rdenes fueron protagonizados por encapuchados que lanzaron artefactos incendiarios tanto en el frontis como al interior del recinto.<\/p>\n\n\n\n<blockquote class=\"wp-block-quote is-layout-flow wp-block-quote-is-layout-flow\">\n<p class=\"wp-block-paragraph\"><strong>&#8220;Uno de los elementos lanzados impact\u00f3 en la sala de profesores -ubicada en el segundo piso- poniendo en riesgo la integridad de nuestros docentes&#8221;<\/strong>, denunci\u00f3 la direcci\u00f3n del Instituto.<\/p>\n<\/blockquote>\n\n\n\n<p class=\"wp-block-paragraph\">Ante el peligro, se tom\u00f3 la decisi\u00f3n de <strong>suspender preventivamente la Jornada Ma\u00f1ana<\/strong> y gestionar el retiro anticipado de los estudiantes. Las actividades, sin embargo, fueron programadas para reanudarse a las 12:00 horas, dando inicio normal a la jornada de la tarde.<\/p>\n\n\n\n<p class=\"wp-block-paragraph\">La direcci\u00f3n lament\u00f3 la reiteraci\u00f3n de los hechos de violencia que perturban el desarrollo regular de las clases y realiz\u00f3 un llamado a las familias a dialogar con sus hijos sobre la importancia del respeto y la convivencia para resguardar un clima adecuado de aprendizaje.<\/p>\n","protected":false},"excerpt":{"rendered":"<p>La Direcci\u00f3n del Instituto Nacional inform\u00f3 que nuevos y graves incidentes se registraron este viernes, obligando a suspender<\/p>\n","protected":false},"author":5,"featured_media":12272,"comment_status":"open","ping_status":"open","sticky":false,"template":"","format":"standard","meta":{"_crdt_document":"","_uag_custom_page_level_css":"","_sitemap_exclude":false,"_sitemap_priority":"","_sitemap_frequency":"","_joinchat":[],"footnotes":""},"categories":[482,504,14,456,485],"tags":[404],"class_list":["post-12271","post","type-post","status-publish","format-standard","has-post-thumbnail","hentry","category-agresion","category-crimen","category-nacional","category-santiago","category-violencia","tag-regionmetropolitana"],"featured_image_urls":{"full":["https:\/\/www.koncevisiontv.cl\/web\/wp-content\/uploads\/2025\/11\/m-olotob.png",1024,768,false],"thumbnail":["https:\/\/www.koncevisiontv.cl\/web\/wp-content\/uploads\/2025\/11\/m-olotob-150x150.png",150,150,true],"medium":["https:\/\/www.koncevisiontv.cl\/web\/wp-content\/uploads\/2025\/11\/m-olotob-300x225.png",300,225,true],"medium_large":["https:\/\/www.koncevisiontv.cl\/web\/wp-content\/uploads\/2025\/11\/m-olotob-768x576.png",640,480,true],"large":["https:\/\/www.koncevisiontv.cl\/web\/wp-content\/uploads\/2025\/11\/m-olotob.png",640,480,false],"1536x1536":["https:\/\/www.koncevisiontv.cl\/web\/wp-content\/uploads\/2025\/11\/m-olotob.png",1024,768,false],"2048x2048":["https:\/\/www.koncevisiontv.cl\/web\/wp-content\/uploads\/2025\/11\/m-olotob.png",1024,768,false],"darknews-featured":["https:\/\/www.koncevisiontv.cl\/web\/wp-content\/uploads\/2025\/11\/m-olotob.png",1024,768,false],"darknews-large":["https:\/\/www.koncevisiontv.cl\/web\/wp-content\/uploads\/2025\/11\/m-olotob-825x575.png",825,575,true],"darknews-medium":["https:\/\/www.koncevisiontv.cl\/web\/wp-content\/uploads\/2025\/11\/m-olotob-590x410.png",590,410,true]},"author_info":{"info":["Web-Master"]},"category_info":"<a href=\"https:\/\/www.koncevisiontv.cl\/web\/category\/agresion\/\" rel=\"category tag\">Agresi\u00f3n<\/a> <a href=\"https:\/\/www.koncevisiontv.cl\/web\/category\/crimen\/\" rel=\"category tag\">Crimen<\/a> <a href=\"https:\/\/www.koncevisiontv.cl\/web\/category\/nacional\/\" rel=\"category tag\">Nacional<\/a> <a href=\"https:\/\/www.koncevisiontv.cl\/web\/category\/santiago\/\" rel=\"category tag\">Santiago<\/a> <a href=\"https:\/\/www.koncevisiontv.cl\/web\/category\/violencia\/\" rel=\"category tag\">Violencia<\/a>","tag_info":"Violencia","comment_count":"0","uagb_featured_image_src":{"full":["https:\/\/www.koncevisiontv.cl\/web\/wp-content\/uploads\/2025\/11\/m-olotob.png",1024,768,false],"thumbnail":["https:\/\/www.koncevisiontv.cl\/web\/wp-content\/uploads\/2025\/11\/m-olotob-150x150.png",150,150,true],"medium":["https:\/\/www.koncevisiontv.cl\/web\/wp-content\/uploads\/2025\/11\/m-olotob-300x225.png",300,225,true],"medium_large":["https:\/\/www.koncevisiontv.cl\/web\/wp-content\/uploads\/2025\/11\/m-olotob-768x576.png",640,480,true],"large":["https:\/\/www.koncevisiontv.cl\/web\/wp-content\/uploads\/2025\/11\/m-olotob.png",640,480,false],"1536x1536":["https:\/\/www.koncevisiontv.cl\/web\/wp-content\/uploads\/2025\/11\/m-olotob.png",1024,768,false],"2048x2048":["https:\/\/www.koncevisiontv.cl\/web\/wp-content\/uploads\/2025\/11\/m-olotob.png",1024,768,false],"darknews-featured":["https:\/\/www.koncevisiontv.cl\/web\/wp-content\/uploads\/2025\/11\/m-olotob.png",1024,768,false],"darknews-large":["https:\/\/www.koncevisiontv.cl\/web\/wp-content\/uploads\/2025\/11\/m-olotob-825x575.png",825,575,true],"darknews-medium":["https:\/\/www.koncevisiontv.cl\/web\/wp-content\/uploads\/2025\/11\/m-olotob-590x410.png",590,410,true]},"uagb_author_info":{"display_name":"Web-Master","author_link":"https:\/\/www.koncevisiontv.cl\/web\/author\/koncevision\/"},"uagb_comment_info":0,"uagb_excerpt":"La Direcci\u00f3n del Instituto Nacional inform\u00f3 que nuevos y graves incidentes se registraron este viernes, obligando a suspender","_links":{"self":[{"href":"https:\/\/www.koncevisiontv.cl\/web\/wp-json\/wp\/v2\/posts\/12271","targetHints":{"allow":["GET"]}}],"collection":[{"href":"https:\/\/www.koncevisiontv.cl\/web\/wp-json\/wp\/v2\/posts"}],"about":[{"href":"https:\/\/www.koncevisiontv.cl\/web\/wp-json\/wp\/v2\/types\/post"}],"author":[{"embeddable":true,"href":"https:\/\/www.koncevisiontv.cl\/web\/wp-json\/wp\/v2\/users\/5"}],"replies":[{"embeddable":true,"href":"https:\/\/www.koncevisiontv.cl\/web\/wp-json\/wp\/v2\/comments?post=12271"}],"version-history":[{"count":1,"href":"https:\/\/www.koncevisiontv.cl\/web\/wp-json\/wp\/v2\/posts\/12271\/revisions"}],"predecessor-version":[{"id":12273,"href":"https:\/\/www.koncevisiontv.cl\/web\/wp-json\/wp\/v2\/posts\/12271\/revisions\/12273"}],"wp:featuredmedia":[{"embeddable":true,"href":"https:\/\/www.koncevisiontv.cl\/web\/wp-json\/wp\/v2\/media\/12272"}],"wp:attachment":[{"href":"https:\/\/www.koncevisiontv.cl\/web\/wp-json\/wp\/v2\/media?parent=12271"}],"wp:term":[{"taxonomy":"category","embeddable":true,"href":"https:\/\/www.koncevisiontv.cl\/web\/wp-json\/wp\/v2\/categories?post=12271"},{"taxonomy":"post_tag","embeddable":true,"href":"https:\/\/www.koncevisiontv.cl\/web\/wp-json\/wp\/v2\/tags?post=12271"}],"curies":[{"name":"wp","href":"https:\/\/api.w.org\/{rel}","templated":true}]}}