{"id":12277,"date":"2025-11-14T12:52:28","date_gmt":"2025-11-14T15:52:28","guid":{"rendered":"https:\/\/www.koncevisiontv.cl\/web\/?p=12277"},"modified":"2025-11-14T12:58:47","modified_gmt":"2025-11-14T15:58:47","slug":"elecciones-presidenciales-biotren-y-corto-laja-seran-gratuitos-en-el-bio-bio-con-extension-horaria-de-la-locomocion-colectiva","status":"publish","type":"post","link":"https:\/\/www.koncevisiontv.cl\/web\/elecciones-presidenciales-biotren-y-corto-laja-seran-gratuitos-en-el-bio-bio-con-extension-horaria-de-la-locomocion-colectiva\/","title":{"rendered":"Elecciones presidenciales: Biotren y Corto Laja ser\u00e1n gratuitos en el B\u00edo B\u00edo con extensi\u00f3n horaria de la locomoci\u00f3n colectiva"},"content":{"rendered":"\n<p class=\"wp-block-paragraph\">Con el fin de garantizar el derecho a sufragio, el Gobierno confirm\u00f3 que los servicios de Biotren y Corto Laja operar\u00e1n de forma <strong>gratuita<\/strong> este domingo de elecciones en el Gran Concepci\u00f3n, Regi\u00f3n del B\u00edo B\u00edo. Esta medida forma parte de un plan que incluye 151 servicios de transporte sin costo, destinados a facilitar el traslado de los ciudadanos, especialmente en las zonas rurales.<\/p>\n\n\n\n<p class=\"wp-block-paragraph\">El seremi de Transporte y Telecomunicaciones del B\u00edo B\u00edo, Patricio Fierro, explic\u00f3 que la iniciativa busca agilizar el proceso de traslado a los locales de votaci\u00f3n, proyectando que cerca de <strong>415 mil personas<\/strong> utilicen el transporte p\u00fablico.<\/p>\n\n\n\n<p class=\"wp-block-paragraph\"><strong><em>Horarios Extendidos:<\/em><\/strong><\/p>\n\n\n\n<p class=\"wp-block-paragraph\"><strong>Microbuses:<\/strong> El servicio de locomoci\u00f3n colectiva comenzar\u00e1 su horario extendido a las <strong>05:45 de la ma\u00f1ana<\/strong> y se mantendr\u00e1 funcionando hasta las <strong>22:00 horas<\/strong>.<\/p>\n\n\n\n<p class=\"wp-block-paragraph\"><strong>Biotren y Corto Laja:<\/strong> Los servicios ferroviarios tambi\u00e9n ser\u00e1n gratuitos y comenzar\u00e1n sus recorridos alrededor de las <strong>07:00 horas<\/strong> del domingo.<\/p>\n\n\n\n<p class=\"wp-block-paragraph\">El objetivo principal es permitir que los ciudadanos ejerzan su derecho a voto con la tranquilidad de contar con transporte p\u00fablico gratuito y con un horario extendido para su regreso a casa.<\/p>\n\n\n\n<figure class=\"wp-block-image size-large\"><img loading=\"lazy\" decoding=\"async\" width=\"768\" height=\"1024\" src=\"https:\/\/www.koncevisiontv.cl\/web\/wp-content\/uploads\/2025\/11\/transporte-gratuito-768x1024.webp\" alt=\"\" class=\"wp-image-12280\" title=\"\" srcset=\"https:\/\/www.koncevisiontv.cl\/web\/wp-content\/uploads\/2025\/11\/transporte-gratuito-768x1024.webp 768w, https:\/\/www.koncevisiontv.cl\/web\/wp-content\/uploads\/2025\/11\/transporte-gratuito-225x300.webp 225w, https:\/\/www.koncevisiontv.cl\/web\/wp-content\/uploads\/2025\/11\/transporte-gratuito-1024x1365.webp 1024w, https:\/\/www.koncevisiontv.cl\/web\/wp-content\/uploads\/2025\/11\/transporte-gratuito.webp 1080w\" sizes=\"auto, (max-width: 768px) 100vw, 768px\" \/><\/figure>\n","protected":false},"excerpt":{"rendered":"<p>Con el fin de garantizar el derecho a sufragio, el Gobierno confirm\u00f3 que los servicios de Biotren y<\/p>\n","protected":false},"author":5,"featured_media":12278,"comment_status":"open","ping_status":"open","sticky":false,"template":"","format":"standard","meta":{"_crdt_document":"","_uag_custom_page_level_css":"","_sitemap_exclude":false,"_sitemap_priority":"","_sitemap_frequency":"","_joinchat":[],"footnotes":""},"categories":[445,447,14,440,471],"tags":[63],"class_list":["post-12277","post","type-post","status-publish","format-standard","has-post-thumbnail","hentry","category-biotren","category-elecciones2025","category-nacional","category-presidenciales-2025","category-regional","tag-regiondelbiobio"],"featured_image_urls":{"full":["https:\/\/www.koncevisiontv.cl\/web\/wp-content\/uploads\/2025\/11\/transporte-elecciones-domingo.webp",1200,633,false],"thumbnail":["https:\/\/www.koncevisiontv.cl\/web\/wp-content\/uploads\/2025\/11\/transporte-elecciones-domingo-150x150.webp",150,150,true],"medium":["https:\/\/www.koncevisiontv.cl\/web\/wp-content\/uploads\/2025\/11\/transporte-elecciones-domingo-300x158.webp",300,158,true],"medium_large":["https:\/\/www.koncevisiontv.cl\/web\/wp-content\/uploads\/2025\/11\/transporte-elecciones-domingo-768x405.webp",640,338,true],"large":["https:\/\/www.koncevisiontv.cl\/web\/wp-content\/uploads\/2025\/11\/transporte-elecciones-domingo-1024x540.webp",640,338,true],"1536x1536":["https:\/\/www.koncevisiontv.cl\/web\/wp-content\/uploads\/2025\/11\/transporte-elecciones-domingo.webp",1200,633,false],"2048x2048":["https:\/\/www.koncevisiontv.cl\/web\/wp-content\/uploads\/2025\/11\/transporte-elecciones-domingo.webp",1200,633,false],"darknews-featured":["https:\/\/www.koncevisiontv.cl\/web\/wp-content\/uploads\/2025\/11\/transporte-elecciones-domingo-1024x540.webp",1024,540,true],"darknews-large":["https:\/\/www.koncevisiontv.cl\/web\/wp-content\/uploads\/2025\/11\/transporte-elecciones-domingo-825x575.webp",825,575,true],"darknews-medium":["https:\/\/www.koncevisiontv.cl\/web\/wp-content\/uploads\/2025\/11\/transporte-elecciones-domingo-590x410.webp",590,410,true]},"author_info":{"info":["Web-Master"]},"category_info":"<a href=\"https:\/\/www.koncevisiontv.cl\/web\/category\/biotren\/\" rel=\"category tag\">Biotren<\/a> <a href=\"https:\/\/www.koncevisiontv.cl\/web\/category\/elecciones2025\/\" rel=\"category tag\">Elecciones2025<\/a> <a href=\"https:\/\/www.koncevisiontv.cl\/web\/category\/nacional\/\" rel=\"category tag\">Nacional<\/a> <a href=\"https:\/\/www.koncevisiontv.cl\/web\/category\/presidenciales-2025\/\" rel=\"category tag\">Presidenciales 2025<\/a> <a href=\"https:\/\/www.koncevisiontv.cl\/web\/category\/regional\/\" rel=\"category tag\">Regional<\/a>","tag_info":"Regional","comment_count":"0","uagb_featured_image_src":{"full":["https:\/\/www.koncevisiontv.cl\/web\/wp-content\/uploads\/2025\/11\/transporte-elecciones-domingo.webp",1200,633,false],"thumbnail":["https:\/\/www.koncevisiontv.cl\/web\/wp-content\/uploads\/2025\/11\/transporte-elecciones-domingo-150x150.webp",150,150,true],"medium":["https:\/\/www.koncevisiontv.cl\/web\/wp-content\/uploads\/2025\/11\/transporte-elecciones-domingo-300x158.webp",300,158,true],"medium_large":["https:\/\/www.koncevisiontv.cl\/web\/wp-content\/uploads\/2025\/11\/transporte-elecciones-domingo-768x405.webp",640,338,true],"large":["https:\/\/www.koncevisiontv.cl\/web\/wp-content\/uploads\/2025\/11\/transporte-elecciones-domingo-1024x540.webp",640,338,true],"1536x1536":["https:\/\/www.koncevisiontv.cl\/web\/wp-content\/uploads\/2025\/11\/transporte-elecciones-domingo.webp",1200,633,false],"2048x2048":["https:\/\/www.koncevisiontv.cl\/web\/wp-content\/uploads\/2025\/11\/transporte-elecciones-domingo.webp",1200,633,false],"darknews-featured":["https:\/\/www.koncevisiontv.cl\/web\/wp-content\/uploads\/2025\/11\/transporte-elecciones-domingo-1024x540.webp",1024,540,true],"darknews-large":["https:\/\/www.koncevisiontv.cl\/web\/wp-content\/uploads\/2025\/11\/transporte-elecciones-domingo-825x575.webp",825,575,true],"darknews-medium":["https:\/\/www.koncevisiontv.cl\/web\/wp-content\/uploads\/2025\/11\/transporte-elecciones-domingo-590x410.webp",590,410,true]},"uagb_author_info":{"display_name":"Web-Master","author_link":"https:\/\/www.koncevisiontv.cl\/web\/author\/koncevision\/"},"uagb_comment_info":0,"uagb_excerpt":"Con el fin de garantizar el derecho a sufragio, el Gobierno confirm\u00f3 que los servicios de Biotren y","_links":{"self":[{"href":"https:\/\/www.koncevisiontv.cl\/web\/wp-json\/wp\/v2\/posts\/12277","targetHints":{"allow":["GET"]}}],"collection":[{"href":"https:\/\/www.koncevisiontv.cl\/web\/wp-json\/wp\/v2\/posts"}],"about":[{"href":"https:\/\/www.koncevisiontv.cl\/web\/wp-json\/wp\/v2\/types\/post"}],"author":[{"embeddable":true,"href":"https:\/\/www.koncevisiontv.cl\/web\/wp-json\/wp\/v2\/users\/5"}],"replies":[{"embeddable":true,"href":"https:\/\/www.koncevisiontv.cl\/web\/wp-json\/wp\/v2\/comments?post=12277"}],"version-history":[{"count":2,"href":"https:\/\/www.koncevisiontv.cl\/web\/wp-json\/wp\/v2\/posts\/12277\/revisions"}],"predecessor-version":[{"id":12282,"href":"https:\/\/www.koncevisiontv.cl\/web\/wp-json\/wp\/v2\/posts\/12277\/revisions\/12282"}],"wp:featuredmedia":[{"embeddable":true,"href":"https:\/\/www.koncevisiontv.cl\/web\/wp-json\/wp\/v2\/media\/12278"}],"wp:attachment":[{"href":"https:\/\/www.koncevisiontv.cl\/web\/wp-json\/wp\/v2\/media?parent=12277"}],"wp:term":[{"taxonomy":"category","embeddable":true,"href":"https:\/\/www.koncevisiontv.cl\/web\/wp-json\/wp\/v2\/categories?post=12277"},{"taxonomy":"post_tag","embeddable":true,"href":"https:\/\/www.koncevisiontv.cl\/web\/wp-json\/wp\/v2\/tags?post=12277"}],"curies":[{"name":"wp","href":"https:\/\/api.w.org\/{rel}","templated":true}]}}