{"id":12283,"date":"2025-11-14T13:05:22","date_gmt":"2025-11-14T16:05:22","guid":{"rendered":"https:\/\/www.koncevisiontv.cl\/web\/?p=12283"},"modified":"2025-11-14T13:05:24","modified_gmt":"2025-11-14T16:05:24","slug":"se-reanuda-preparacion-de-juicio-contra-exalcalde-de-renaico-querellante-niega-debilitamiento-del-caso-pese-a-disminucion-de-cargos","status":"publish","type":"post","link":"https:\/\/www.koncevisiontv.cl\/web\/se-reanuda-preparacion-de-juicio-contra-exalcalde-de-renaico-querellante-niega-debilitamiento-del-caso-pese-a-disminucion-de-cargos\/","title":{"rendered":"Se reanuda preparaci\u00f3n de juicio contra exalcalde de Renaico: Querellante niega debilitamiento del caso pese a disminuci\u00f3n de cargos"},"content":{"rendered":"\n<p class=\"wp-block-paragraph\">En el Juzgado de Garant\u00eda de Ca\u00f1ete se reanud\u00f3 la audiencia de preparaci\u00f3n del juicio oral contra el exalcalde de Renaico, Juan Carlos Reinao, quien permanece en prisi\u00f3n preventiva desde hace dos a\u00f1os. El exjefe comunal enfrenta graves acusaciones que abarcan delitos de connotaci\u00f3n sexual, incluyendo <strong>abuso, violaci\u00f3n e inducci\u00f3n al aborto<\/strong> (este \u00faltimo il\u00edcito respecto de una menor de edad al momento del suceso).<\/p>\n\n\n\n<p class=\"wp-block-paragraph\">La audiencia de preparaci\u00f3n hab\u00eda iniciado la semana pasada, pero debi\u00f3 ser ajustada despu\u00e9s de que el juez Cristian Rosenberg solicitara al Ministerio P\u00fablico enmendar la acusaci\u00f3n y <strong>retirar los antecedentes de tres v\u00edctimas<\/strong> cuyos casos hab\u00edan sido declarados prescritos.<\/p>\n\n\n\n<p class=\"wp-block-paragraph\">Pese a esta disminuci\u00f3n en el n\u00famero de cargos, el abogado querellante, Francisco Rodr\u00edguez, descart\u00f3 tajantemente que esta medida reste fuerza o solidez a la causa penal contra Reinao. Rodr\u00edguez fue enf\u00e1tico al desmentir rumores que suger\u00edan que algunas v\u00edctimas se habr\u00edan desistido de sus denuncias.<\/p>\n\n\n\n<p class=\"wp-block-paragraph\">Actualmente, el Ministerio P\u00fablico, los querellantes y la defensa del acusado se encuentran en la etapa de ofrecimiento de pruebas que ser\u00e1n presentadas durante el juicio oral. La causa es una de las m\u00e1s relevantes en la justicia de La Araucan\u00eda.<\/p>\n\n\n\n<p class=\"wp-block-paragraph\"><em><strong>\u00a0Este art\u00edculo describe un proceso judicial en curso<\/strong><\/em><\/p>\n\n\n\n<p class=\"wp-block-paragraph\">Existe la posibilidad de que los cargos sean desestimados al finalizar la investigaci\u00f3n, por lo cual&nbsp;<strong>NO se debe considerar al o los imputados como culpables<\/strong>&nbsp;hasta que la Justicia dicte sentencia en su contra.<br>(Art\u00edculo 04 del C\u00f3digo Procesal Penal)<\/p>\n","protected":false},"excerpt":{"rendered":"<p>En el Juzgado de Garant\u00eda de Ca\u00f1ete se reanud\u00f3 la audiencia de preparaci\u00f3n del juicio oral contra el<\/p>\n","protected":false},"author":5,"featured_media":12284,"comment_status":"open","ping_status":"open","sticky":false,"template":"","format":"standard","meta":{"_crdt_document":"","_uag_custom_page_level_css":"","_sitemap_exclude":false,"_sitemap_priority":"","_sitemap_frequency":"","_joinchat":[],"footnotes":""},"categories":[484,504,14,168],"tags":[451],"class_list":["post-12283","post","type-post","status-publish","format-standard","has-post-thumbnail","hentry","category-abuso-sexual","category-crimen","category-nacional","category-tribunales-de-justicia","tag-regiondelaaraucania"],"featured_image_urls":{"full":["https:\/\/www.koncevisiontv.cl\/web\/wp-content\/uploads\/2025\/11\/exalcalde-renaico.webp",1200,633,false],"thumbnail":["https:\/\/www.koncevisiontv.cl\/web\/wp-content\/uploads\/2025\/11\/exalcalde-renaico-150x150.webp",150,150,true],"medium":["https:\/\/www.koncevisiontv.cl\/web\/wp-content\/uploads\/2025\/11\/exalcalde-renaico-300x158.webp",300,158,true],"medium_large":["https:\/\/www.koncevisiontv.cl\/web\/wp-content\/uploads\/2025\/11\/exalcalde-renaico-768x405.webp",640,338,true],"large":["https:\/\/www.koncevisiontv.cl\/web\/wp-content\/uploads\/2025\/11\/exalcalde-renaico-1024x540.webp",640,338,true],"1536x1536":["https:\/\/www.koncevisiontv.cl\/web\/wp-content\/uploads\/2025\/11\/exalcalde-renaico.webp",1200,633,false],"2048x2048":["https:\/\/www.koncevisiontv.cl\/web\/wp-content\/uploads\/2025\/11\/exalcalde-renaico.webp",1200,633,false],"darknews-featured":["https:\/\/www.koncevisiontv.cl\/web\/wp-content\/uploads\/2025\/11\/exalcalde-renaico-1024x540.webp",1024,540,true],"darknews-large":["https:\/\/www.koncevisiontv.cl\/web\/wp-content\/uploads\/2025\/11\/exalcalde-renaico-825x575.webp",825,575,true],"darknews-medium":["https:\/\/www.koncevisiontv.cl\/web\/wp-content\/uploads\/2025\/11\/exalcalde-renaico-590x410.webp",590,410,true]},"author_info":{"info":["Web-Master"]},"category_info":"<a href=\"https:\/\/www.koncevisiontv.cl\/web\/category\/abuso-sexual\/\" rel=\"category tag\">Abuso Sexual<\/a> <a href=\"https:\/\/www.koncevisiontv.cl\/web\/category\/crimen\/\" rel=\"category tag\">Crimen<\/a> <a href=\"https:\/\/www.koncevisiontv.cl\/web\/category\/nacional\/\" rel=\"category tag\">Nacional<\/a> <a href=\"https:\/\/www.koncevisiontv.cl\/web\/category\/tribunales-de-justicia\/\" rel=\"category tag\">Tribunales de Justicia<\/a>","tag_info":"Tribunales de Justicia","comment_count":"0","uagb_featured_image_src":{"full":["https:\/\/www.koncevisiontv.cl\/web\/wp-content\/uploads\/2025\/11\/exalcalde-renaico.webp",1200,633,false],"thumbnail":["https:\/\/www.koncevisiontv.cl\/web\/wp-content\/uploads\/2025\/11\/exalcalde-renaico-150x150.webp",150,150,true],"medium":["https:\/\/www.koncevisiontv.cl\/web\/wp-content\/uploads\/2025\/11\/exalcalde-renaico-300x158.webp",300,158,true],"medium_large":["https:\/\/www.koncevisiontv.cl\/web\/wp-content\/uploads\/2025\/11\/exalcalde-renaico-768x405.webp",640,338,true],"large":["https:\/\/www.koncevisiontv.cl\/web\/wp-content\/uploads\/2025\/11\/exalcalde-renaico-1024x540.webp",640,338,true],"1536x1536":["https:\/\/www.koncevisiontv.cl\/web\/wp-content\/uploads\/2025\/11\/exalcalde-renaico.webp",1200,633,false],"2048x2048":["https:\/\/www.koncevisiontv.cl\/web\/wp-content\/uploads\/2025\/11\/exalcalde-renaico.webp",1200,633,false],"darknews-featured":["https:\/\/www.koncevisiontv.cl\/web\/wp-content\/uploads\/2025\/11\/exalcalde-renaico-1024x540.webp",1024,540,true],"darknews-large":["https:\/\/www.koncevisiontv.cl\/web\/wp-content\/uploads\/2025\/11\/exalcalde-renaico-825x575.webp",825,575,true],"darknews-medium":["https:\/\/www.koncevisiontv.cl\/web\/wp-content\/uploads\/2025\/11\/exalcalde-renaico-590x410.webp",590,410,true]},"uagb_author_info":{"display_name":"Web-Master","author_link":"https:\/\/www.koncevisiontv.cl\/web\/author\/koncevision\/"},"uagb_comment_info":0,"uagb_excerpt":"En el Juzgado de Garant\u00eda de Ca\u00f1ete se reanud\u00f3 la audiencia de preparaci\u00f3n del juicio oral contra el","_links":{"self":[{"href":"https:\/\/www.koncevisiontv.cl\/web\/wp-json\/wp\/v2\/posts\/12283","targetHints":{"allow":["GET"]}}],"collection":[{"href":"https:\/\/www.koncevisiontv.cl\/web\/wp-json\/wp\/v2\/posts"}],"about":[{"href":"https:\/\/www.koncevisiontv.cl\/web\/wp-json\/wp\/v2\/types\/post"}],"author":[{"embeddable":true,"href":"https:\/\/www.koncevisiontv.cl\/web\/wp-json\/wp\/v2\/users\/5"}],"replies":[{"embeddable":true,"href":"https:\/\/www.koncevisiontv.cl\/web\/wp-json\/wp\/v2\/comments?post=12283"}],"version-history":[{"count":1,"href":"https:\/\/www.koncevisiontv.cl\/web\/wp-json\/wp\/v2\/posts\/12283\/revisions"}],"predecessor-version":[{"id":12285,"href":"https:\/\/www.koncevisiontv.cl\/web\/wp-json\/wp\/v2\/posts\/12283\/revisions\/12285"}],"wp:featuredmedia":[{"embeddable":true,"href":"https:\/\/www.koncevisiontv.cl\/web\/wp-json\/wp\/v2\/media\/12284"}],"wp:attachment":[{"href":"https:\/\/www.koncevisiontv.cl\/web\/wp-json\/wp\/v2\/media?parent=12283"}],"wp:term":[{"taxonomy":"category","embeddable":true,"href":"https:\/\/www.koncevisiontv.cl\/web\/wp-json\/wp\/v2\/categories?post=12283"},{"taxonomy":"post_tag","embeddable":true,"href":"https:\/\/www.koncevisiontv.cl\/web\/wp-json\/wp\/v2\/tags?post=12283"}],"curies":[{"name":"wp","href":"https:\/\/api.w.org\/{rel}","templated":true}]}}