{"id":1229,"date":"2024-08-26T10:50:25","date_gmt":"2024-08-26T14:50:25","guid":{"rendered":"https:\/\/www.koncevisiontv.cl\/web\/?p=1229"},"modified":"2024-08-26T11:57:15","modified_gmt":"2024-08-26T15:57:15","slug":"vecinos-exigen-urgente-remodelacion-de-plaza-espana-en-concepcion","status":"publish","type":"post","link":"https:\/\/www.koncevisiontv.cl\/web\/vecinos-exigen-urgente-remodelacion-de-plaza-espana-en-concepcion\/","title":{"rendered":"Vecinos de Concepci\u00f3n Exigen Remodelaci\u00f3n de Plaza Espa\u00f1a"},"content":{"rendered":"<h2>Remodelaci\u00f3n Plaza Espa\u00f1a Concepci\u00f3n: La Plaza Espa\u00f1a, ubicada en un punto crucial de Concepci\u00f3n, ha sido un espacio ic\u00f3nico durante casi un siglo. Sin embargo, su deterioro y los actos de incivilidad han generado preocupaci\u00f3n entre los residentes. Jos\u00e9 Veloso, presidente del Comit\u00e9 Vecinal Barrio C\u00edvico, y Amalia Cruz, del Comit\u00e9 Vecinal Barros Arana, expresan la necesidad de una remodelaci\u00f3n completa. Los vecinos demandan mejoras en accesibilidad, iluminaci\u00f3n y mobiliario,<strong> argumentando que esto revitalizar\u00eda el \u00e1rea y mejorar\u00eda la calidad de vida.<\/strong><\/h2>\n<p><img loading=\"lazy\" decoding=\"async\" class=\"alignleft size-full wp-image-1230\" src=\"https:\/\/www.koncevisiontv.cl\/web\/wp-content\/uploads\/2024\/08\/plaza_Espana.webp\" alt=\"\" width=\"1610\" height=\"852\" title=\"\" srcset=\"https:\/\/www.koncevisiontv.cl\/web\/wp-content\/uploads\/2024\/08\/plaza_Espana.webp 1610w, https:\/\/www.koncevisiontv.cl\/web\/wp-content\/uploads\/2024\/08\/plaza_Espana-300x159.webp 300w, https:\/\/www.koncevisiontv.cl\/web\/wp-content\/uploads\/2024\/08\/plaza_Espana-1024x542.webp 1024w, https:\/\/www.koncevisiontv.cl\/web\/wp-content\/uploads\/2024\/08\/plaza_Espana-768x406.webp 768w, https:\/\/www.koncevisiontv.cl\/web\/wp-content\/uploads\/2024\/08\/plaza_Espana-1536x813.webp 1536w\" sizes=\"auto, (max-width: 1610px) 100vw, 1610px\" \/><\/p>\n<p>&nbsp;<\/p>\n<p>Veloso se\u00f1al\u00f3 que la plaza necesita convertirse en un espacio que realmente sirva a la comunidad, y no solo en una simple \u00e1rea verde. Actualmente, los peatones se ven obligados a transitar por senderos de tierra, que se convierten en barro con la lluvia, lo que representa un peligro para personas con discapacidad o adultos mayores. Cruz, por su parte, destac\u00f3 que la plaza y sus alrededores forman parte del casco hist\u00f3rico de Concepci\u00f3n, siendo un punto de confluencia de autoridades y personas de otras regiones. Sin embargo, el lugar presenta una falta de aseo y de iluminaci\u00f3n, lo que genera inseguridad, especialmente por la noche.<\/p>\n<p>Adem\u00e1s, se mencionan los problemas con estacionamientos irregulares, lo que incrementa la delincuencia en la zona. Los vecinos no desean una explanada llena de cemento, sino un espacio que incluya \u00e1reas verdes, juegos infantiles y lugares de esparcimiento para la comunidad. Han solicitado en varias ocasiones que se priorice la remodelaci\u00f3n de la plaza, ya que esto podr\u00eda mejorar la convivencia entre los vecinos y atraer inversiones que revitalicen el barrio.<\/p>\n<p>Desde la Municipalidad de Concepci\u00f3n, informaron que la Seremi de Vivienda, junto con el municipio, est\u00e1n trabajando en un proyecto de mejoramiento de la Plaza Espa\u00f1a. Este proyecto incluye la dotaci\u00f3n de senderos accesibles, la instalaci\u00f3n de nuevo mobiliario urbano, y trabajos paisaj\u00edsticos, manteniendo la estructura original de la plaza. La inversi\u00f3n para este proyecto asciende a $688.746.397, financiada por el Minvu, y estar\u00e1 a cargo del Serviu.<\/p>\n<p>El arquitecto y acad\u00e9mico Sergio Baeriswyl, del Departamento de Planificaci\u00f3n y Dise\u00f1o Urbano de la Universidad del B\u00edo-B\u00edo, afirm\u00f3 que la Plaza Espa\u00f1a es uno de los espacios de mayor prioridad para la recuperaci\u00f3n en Concepci\u00f3n. Seg\u00fan Baeriswyl, la plaza contempla un proyecto desde 2014 para construir un estacionamiento subterr\u00e1neo y una gran explanada c\u00edvica regional, lo que resolver\u00eda el problema de los estacionamientos que actualmente ocupan gran parte de la plaza y la destruyen.<\/p>\n<p>La ejecuci\u00f3n de este proyecto transformar\u00eda la plaza en un espacio c\u00edvico de gran relevancia para actividades culturales, recreacionales y de esparcimiento, impactando positivamente en las actividades comerciales, tur\u00edsticas y de servicios del sector. Esto significar\u00eda un cambio radical en la imagen de Concepci\u00f3n.<\/p>\n<p>&nbsp;<\/p>\n","protected":false},"excerpt":{"rendered":"<p>Remodelaci\u00f3n Plaza Espa\u00f1a Concepci\u00f3n: La Plaza Espa\u00f1a, ubicada en un punto crucial de Concepci\u00f3n, ha sido un espacio<\/p>\n","protected":false},"author":5,"featured_media":1230,"comment_status":"open","ping_status":"open","sticky":false,"template":"","format":"video","meta":{"_crdt_document":"","_uag_custom_page_level_css":"","_sitemap_exclude":false,"_sitemap_priority":"","_sitemap_frequency":"","_joinchat":[],"footnotes":""},"categories":[8],"tags":[],"class_list":["post-1229","post","type-post","status-publish","format-video","has-post-thumbnail","hentry","category-sin-censura","post_format-post-format-video"],"featured_image_urls":{"full":["https:\/\/www.koncevisiontv.cl\/web\/wp-content\/uploads\/2024\/08\/plaza_Espana.webp",1610,852,false],"thumbnail":["https:\/\/www.koncevisiontv.cl\/web\/wp-content\/uploads\/2024\/08\/plaza_Espana-150x150.webp",150,150,true],"medium":["https:\/\/www.koncevisiontv.cl\/web\/wp-content\/uploads\/2024\/08\/plaza_Espana-300x159.webp",300,159,true],"medium_large":["https:\/\/www.koncevisiontv.cl\/web\/wp-content\/uploads\/2024\/08\/plaza_Espana-768x406.webp",640,338,true],"large":["https:\/\/www.koncevisiontv.cl\/web\/wp-content\/uploads\/2024\/08\/plaza_Espana-1024x542.webp",640,339,true],"1536x1536":["https:\/\/www.koncevisiontv.cl\/web\/wp-content\/uploads\/2024\/08\/plaza_Espana-1536x813.webp",1536,813,true],"2048x2048":["https:\/\/www.koncevisiontv.cl\/web\/wp-content\/uploads\/2024\/08\/plaza_Espana.webp",1610,852,false],"darknews-featured":["https:\/\/www.koncevisiontv.cl\/web\/wp-content\/uploads\/2024\/08\/plaza_Espana-1024x542.webp",1024,542,true],"darknews-large":["https:\/\/www.koncevisiontv.cl\/web\/wp-content\/uploads\/2024\/08\/plaza_Espana-825x575.webp",825,575,true],"darknews-medium":["https:\/\/www.koncevisiontv.cl\/web\/wp-content\/uploads\/2024\/08\/plaza_Espana-590x410.webp",590,410,true]},"author_info":{"info":["Web-Master"]},"category_info":"<a href=\"https:\/\/www.koncevisiontv.cl\/web\/category\/sin-censura\/\" rel=\"category tag\">Sin Censura<\/a>","tag_info":"Sin Censura","comment_count":"0","uagb_featured_image_src":{"full":["https:\/\/www.koncevisiontv.cl\/web\/wp-content\/uploads\/2024\/08\/plaza_Espana.webp",1610,852,false],"thumbnail":["https:\/\/www.koncevisiontv.cl\/web\/wp-content\/uploads\/2024\/08\/plaza_Espana-150x150.webp",150,150,true],"medium":["https:\/\/www.koncevisiontv.cl\/web\/wp-content\/uploads\/2024\/08\/plaza_Espana-300x159.webp",300,159,true],"medium_large":["https:\/\/www.koncevisiontv.cl\/web\/wp-content\/uploads\/2024\/08\/plaza_Espana-768x406.webp",640,338,true],"large":["https:\/\/www.koncevisiontv.cl\/web\/wp-content\/uploads\/2024\/08\/plaza_Espana-1024x542.webp",640,339,true],"1536x1536":["https:\/\/www.koncevisiontv.cl\/web\/wp-content\/uploads\/2024\/08\/plaza_Espana-1536x813.webp",1536,813,true],"2048x2048":["https:\/\/www.koncevisiontv.cl\/web\/wp-content\/uploads\/2024\/08\/plaza_Espana.webp",1610,852,false],"darknews-featured":["https:\/\/www.koncevisiontv.cl\/web\/wp-content\/uploads\/2024\/08\/plaza_Espana-1024x542.webp",1024,542,true],"darknews-large":["https:\/\/www.koncevisiontv.cl\/web\/wp-content\/uploads\/2024\/08\/plaza_Espana-825x575.webp",825,575,true],"darknews-medium":["https:\/\/www.koncevisiontv.cl\/web\/wp-content\/uploads\/2024\/08\/plaza_Espana-590x410.webp",590,410,true]},"uagb_author_info":{"display_name":"Web-Master","author_link":"https:\/\/www.koncevisiontv.cl\/web\/author\/koncevision\/"},"uagb_comment_info":0,"uagb_excerpt":"Remodelaci\u00f3n Plaza Espa\u00f1a Concepci\u00f3n: La Plaza Espa\u00f1a, ubicada en un punto crucial de Concepci\u00f3n, ha sido un espacio","_links":{"self":[{"href":"https:\/\/www.koncevisiontv.cl\/web\/wp-json\/wp\/v2\/posts\/1229","targetHints":{"allow":["GET"]}}],"collection":[{"href":"https:\/\/www.koncevisiontv.cl\/web\/wp-json\/wp\/v2\/posts"}],"about":[{"href":"https:\/\/www.koncevisiontv.cl\/web\/wp-json\/wp\/v2\/types\/post"}],"author":[{"embeddable":true,"href":"https:\/\/www.koncevisiontv.cl\/web\/wp-json\/wp\/v2\/users\/5"}],"replies":[{"embeddable":true,"href":"https:\/\/www.koncevisiontv.cl\/web\/wp-json\/wp\/v2\/comments?post=1229"}],"version-history":[{"count":1,"href":"https:\/\/www.koncevisiontv.cl\/web\/wp-json\/wp\/v2\/posts\/1229\/revisions"}],"predecessor-version":[{"id":1231,"href":"https:\/\/www.koncevisiontv.cl\/web\/wp-json\/wp\/v2\/posts\/1229\/revisions\/1231"}],"wp:featuredmedia":[{"embeddable":true,"href":"https:\/\/www.koncevisiontv.cl\/web\/wp-json\/wp\/v2\/media\/1230"}],"wp:attachment":[{"href":"https:\/\/www.koncevisiontv.cl\/web\/wp-json\/wp\/v2\/media?parent=1229"}],"wp:term":[{"taxonomy":"category","embeddable":true,"href":"https:\/\/www.koncevisiontv.cl\/web\/wp-json\/wp\/v2\/categories?post=1229"},{"taxonomy":"post_tag","embeddable":true,"href":"https:\/\/www.koncevisiontv.cl\/web\/wp-json\/wp\/v2\/tags?post=1229"}],"curies":[{"name":"wp","href":"https:\/\/api.w.org\/{rel}","templated":true}]}}