{"id":12307,"date":"2025-11-17T12:41:50","date_gmt":"2025-11-17T15:41:50","guid":{"rendered":"https:\/\/www.koncevisiontv.cl\/web\/?p=12307"},"modified":"2025-11-17T12:41:53","modified_gmt":"2025-11-17T15:41:53","slug":"nuevo-atentado-en-la-araucania-camion-es-quemado-en-nueva-imperial-pese-al-reforzamiento-del-despliegue-militar","status":"publish","type":"post","link":"https:\/\/www.koncevisiontv.cl\/web\/nuevo-atentado-en-la-araucania-camion-es-quemado-en-nueva-imperial-pese-al-reforzamiento-del-despliegue-militar\/","title":{"rendered":"Nuevo atentado en La Araucan\u00eda: Cami\u00f3n es quemado en Nueva Imperial pese al reforzamiento del despliegue militar"},"content":{"rendered":"\n<p class=\"wp-block-paragraph\">A pesar del reciente anuncio del ministro de Seguridad P\u00fablica, Luis Cordero, sobre el aumento del despliegue militar en la zona, la Regi\u00f3n de La Araucan\u00eda registr\u00f3 un nuevo atentado incendiario durante la madrugada de este lunes en la comuna de <strong>Nueva Imperial<\/strong>.<\/p>\n\n\n\n<p class=\"wp-block-paragraph\">El ataque tuvo lugar en la Ruta S-16, donde personal de Carabineros que realizaba patrullajes preventivos descubri\u00f3 la cabina de un cami\u00f3n en llamas. El conductor del veh\u00edculo, ubicado por la polic\u00eda, declar\u00f3 que el transporte se encontraba estacionado en el lugar desde el pasado s\u00e1bado.<\/p>\n\n\n\n<p class=\"wp-block-paragraph\">El comisario Ren\u00e9 Valenzuela, de la Brigada de Investigaciones Policiales Especiales y Antisecuestros (BIPE) Temuco, confirm\u00f3 que el siniestro fue provocado por <strong>&#8220;personas desconocidas&#8221;<\/strong> y que, durante el trabajo cient\u00edfico-t\u00e9cnico realizado por la PDI, se encontr\u00f3 un <strong>lienzo reivindicativo<\/strong> asociado a la violencia rural.<\/p>\n\n\n\n<p class=\"wp-block-paragraph\">El incidente ocurre d\u00edas despu\u00e9s de que el ministro Cordero viajara a Temuco para anunciar el reforzamiento de la presencia militar en la regi\u00f3n, medida que buscaba prevenir actos de violencia en el marco de fechas sensibles, como la conmemoraci\u00f3n del aniversario de la muerte de Camilo Catrillanca y el aseguramiento del proceso eleccionario.<\/p>\n","protected":false},"excerpt":{"rendered":"<p>A pesar del reciente anuncio del ministro de Seguridad P\u00fablica, Luis Cordero, sobre el aumento del despliegue militar<\/p>\n","protected":false},"author":5,"featured_media":12308,"comment_status":"open","ping_status":"open","sticky":false,"template":"","format":"standard","meta":{"_crdt_document":"","_uag_custom_page_level_css":"","_sitemap_exclude":false,"_sitemap_priority":"","_sitemap_frequency":"","_joinchat":[],"footnotes":""},"categories":[504,14,485],"tags":[451],"class_list":["post-12307","post","type-post","status-publish","format-standard","has-post-thumbnail","hentry","category-crimen","category-nacional","category-violencia","tag-regiondelaaraucania"],"featured_image_urls":{"full":["https:\/\/www.koncevisiontv.cl\/web\/wp-content\/uploads\/2025\/11\/file_20251117092146.jpg",710,399,false],"thumbnail":["https:\/\/www.koncevisiontv.cl\/web\/wp-content\/uploads\/2025\/11\/file_20251117092146-150x150.jpg",150,150,true],"medium":["https:\/\/www.koncevisiontv.cl\/web\/wp-content\/uploads\/2025\/11\/file_20251117092146-300x169.jpg",300,169,true],"medium_large":["https:\/\/www.koncevisiontv.cl\/web\/wp-content\/uploads\/2025\/11\/file_20251117092146.jpg",640,360,false],"large":["https:\/\/www.koncevisiontv.cl\/web\/wp-content\/uploads\/2025\/11\/file_20251117092146.jpg",640,360,false],"1536x1536":["https:\/\/www.koncevisiontv.cl\/web\/wp-content\/uploads\/2025\/11\/file_20251117092146.jpg",710,399,false],"2048x2048":["https:\/\/www.koncevisiontv.cl\/web\/wp-content\/uploads\/2025\/11\/file_20251117092146.jpg",710,399,false],"darknews-featured":["https:\/\/www.koncevisiontv.cl\/web\/wp-content\/uploads\/2025\/11\/file_20251117092146.jpg",710,399,false],"darknews-large":["https:\/\/www.koncevisiontv.cl\/web\/wp-content\/uploads\/2025\/11\/file_20251117092146.jpg",710,399,false],"darknews-medium":["https:\/\/www.koncevisiontv.cl\/web\/wp-content\/uploads\/2025\/11\/file_20251117092146-590x399.jpg",590,399,true]},"author_info":{"info":["Web-Master"]},"category_info":"<a href=\"https:\/\/www.koncevisiontv.cl\/web\/category\/crimen\/\" rel=\"category tag\">Crimen<\/a> <a href=\"https:\/\/www.koncevisiontv.cl\/web\/category\/nacional\/\" rel=\"category tag\">Nacional<\/a> <a href=\"https:\/\/www.koncevisiontv.cl\/web\/category\/violencia\/\" rel=\"category tag\">Violencia<\/a>","tag_info":"Violencia","comment_count":"0","uagb_featured_image_src":{"full":["https:\/\/www.koncevisiontv.cl\/web\/wp-content\/uploads\/2025\/11\/file_20251117092146.jpg",710,399,false],"thumbnail":["https:\/\/www.koncevisiontv.cl\/web\/wp-content\/uploads\/2025\/11\/file_20251117092146-150x150.jpg",150,150,true],"medium":["https:\/\/www.koncevisiontv.cl\/web\/wp-content\/uploads\/2025\/11\/file_20251117092146-300x169.jpg",300,169,true],"medium_large":["https:\/\/www.koncevisiontv.cl\/web\/wp-content\/uploads\/2025\/11\/file_20251117092146.jpg",640,360,false],"large":["https:\/\/www.koncevisiontv.cl\/web\/wp-content\/uploads\/2025\/11\/file_20251117092146.jpg",640,360,false],"1536x1536":["https:\/\/www.koncevisiontv.cl\/web\/wp-content\/uploads\/2025\/11\/file_20251117092146.jpg",710,399,false],"2048x2048":["https:\/\/www.koncevisiontv.cl\/web\/wp-content\/uploads\/2025\/11\/file_20251117092146.jpg",710,399,false],"darknews-featured":["https:\/\/www.koncevisiontv.cl\/web\/wp-content\/uploads\/2025\/11\/file_20251117092146.jpg",710,399,false],"darknews-large":["https:\/\/www.koncevisiontv.cl\/web\/wp-content\/uploads\/2025\/11\/file_20251117092146.jpg",710,399,false],"darknews-medium":["https:\/\/www.koncevisiontv.cl\/web\/wp-content\/uploads\/2025\/11\/file_20251117092146-590x399.jpg",590,399,true]},"uagb_author_info":{"display_name":"Web-Master","author_link":"https:\/\/www.koncevisiontv.cl\/web\/author\/koncevision\/"},"uagb_comment_info":0,"uagb_excerpt":"A pesar del reciente anuncio del ministro de Seguridad P\u00fablica, Luis Cordero, sobre el aumento del despliegue militar","_links":{"self":[{"href":"https:\/\/www.koncevisiontv.cl\/web\/wp-json\/wp\/v2\/posts\/12307","targetHints":{"allow":["GET"]}}],"collection":[{"href":"https:\/\/www.koncevisiontv.cl\/web\/wp-json\/wp\/v2\/posts"}],"about":[{"href":"https:\/\/www.koncevisiontv.cl\/web\/wp-json\/wp\/v2\/types\/post"}],"author":[{"embeddable":true,"href":"https:\/\/www.koncevisiontv.cl\/web\/wp-json\/wp\/v2\/users\/5"}],"replies":[{"embeddable":true,"href":"https:\/\/www.koncevisiontv.cl\/web\/wp-json\/wp\/v2\/comments?post=12307"}],"version-history":[{"count":1,"href":"https:\/\/www.koncevisiontv.cl\/web\/wp-json\/wp\/v2\/posts\/12307\/revisions"}],"predecessor-version":[{"id":12309,"href":"https:\/\/www.koncevisiontv.cl\/web\/wp-json\/wp\/v2\/posts\/12307\/revisions\/12309"}],"wp:featuredmedia":[{"embeddable":true,"href":"https:\/\/www.koncevisiontv.cl\/web\/wp-json\/wp\/v2\/media\/12308"}],"wp:attachment":[{"href":"https:\/\/www.koncevisiontv.cl\/web\/wp-json\/wp\/v2\/media?parent=12307"}],"wp:term":[{"taxonomy":"category","embeddable":true,"href":"https:\/\/www.koncevisiontv.cl\/web\/wp-json\/wp\/v2\/categories?post=12307"},{"taxonomy":"post_tag","embeddable":true,"href":"https:\/\/www.koncevisiontv.cl\/web\/wp-json\/wp\/v2\/tags?post=12307"}],"curies":[{"name":"wp","href":"https:\/\/api.w.org\/{rel}","templated":true}]}}