{"id":12310,"date":"2025-11-17T14:51:20","date_gmt":"2025-11-17T17:51:20","guid":{"rendered":"https:\/\/www.koncevisiontv.cl\/web\/?p=12310"},"modified":"2025-11-17T14:51:23","modified_gmt":"2025-11-17T17:51:23","slug":"nueva-jornada-de-incidentes-en-el-instituto-nacional-clases-matinales-suspendidas-por-lanzamiento-de-bombas-molotov","status":"publish","type":"post","link":"https:\/\/www.koncevisiontv.cl\/web\/nueva-jornada-de-incidentes-en-el-instituto-nacional-clases-matinales-suspendidas-por-lanzamiento-de-bombas-molotov\/","title":{"rendered":"Nueva jornada de incidentes en el Instituto Nacional: Clases matinales suspendidas por lanzamiento de bombas molotov"},"content":{"rendered":"\n<p class=\"wp-block-paragraph\">El Instituto Nacional registr\u00f3 una nueva jornada de des\u00f3rdenes esta ma\u00f1ana, obligando a las autoridades del establecimiento a suspender preventivamente las actividades acad\u00e9micas. Los incidentes se produjeron cuando <strong>encapuchados lanzaron bombas molotov<\/strong> tanto en el frontis como al interior del recinto.<\/p>\n\n\n\n<p class=\"wp-block-paragraph\">Los disturbios de esta jornada, registrados cerca de las 9:18 horas, obligaron a bloquear la v\u00eda p\u00fablica en las afueras del liceo, generando desv\u00edos de tr\u00e1nsito en el sector c\u00e9ntrico de Santiago. Este evento se suma a los ocurridos el viernes anterior, cuando una bomba molotov impact\u00f3 la sala de profesores.<\/p>\n\n\n\n<p class=\"wp-block-paragraph\">Mediante un comunicado, la direcci\u00f3n del Instituto inform\u00f3 que los des\u00f3rdenes se produjeron durante el recreo e hicieron necesaria la intervenci\u00f3n de Carabineros.<\/p>\n\n\n\n<blockquote class=\"wp-block-quote is-layout-flow wp-block-quote-is-layout-flow\">\n<p class=\"wp-block-paragraph\">&#8220;Por resguardo de nuestros y nuestras estudiantes, se suspendieron preventivamente las actividades de la jornada de la ma\u00f1ana y se coordin\u00f3 el retiro anticipado de los cursos&#8221;, se\u00f1al\u00f3 el recinto educativo.<\/p>\n<\/blockquote>\n\n\n\n<p class=\"wp-block-paragraph\">Se confirm\u00f3 que el servicio de alimentaci\u00f3n Junaeb se mantendr\u00e1 disponible y que las actividades se retomar\u00e1n a las 12:00 horas, con la jornada de la tarde continuando con normalidad. La direcci\u00f3n del liceo lament\u00f3 que los hechos de violencia sigan afectando el funcionamiento regular y llam\u00f3 a las familias a dialogar con los estudiantes sobre la importancia del respeto y el cuidado del entorno escolar.<\/p>\n\n\n\n<p class=\"wp-block-paragraph\"><\/p>\n","protected":false},"excerpt":{"rendered":"<p>El Instituto Nacional registr\u00f3 una nueva jornada de des\u00f3rdenes esta ma\u00f1ana, obligando a las autoridades del establecimiento a<\/p>\n","protected":false},"author":5,"featured_media":12311,"comment_status":"open","ping_status":"open","sticky":false,"template":"","format":"standard","meta":{"_crdt_document":"","_uag_custom_page_level_css":"","_sitemap_exclude":false,"_sitemap_priority":"","_sitemap_frequency":"","_joinchat":[],"footnotes":""},"categories":[482,14,456,485],"tags":[404],"class_list":["post-12310","post","type-post","status-publish","format-standard","has-post-thumbnail","hentry","category-agresion","category-nacional","category-santiago","category-violencia","tag-regionmetropolitana"],"featured_image_urls":{"full":["https:\/\/www.koncevisiontv.cl\/web\/wp-content\/uploads\/2025\/11\/file_20251117131119.jpg",710,399,false],"thumbnail":["https:\/\/www.koncevisiontv.cl\/web\/wp-content\/uploads\/2025\/11\/file_20251117131119-150x150.jpg",150,150,true],"medium":["https:\/\/www.koncevisiontv.cl\/web\/wp-content\/uploads\/2025\/11\/file_20251117131119-300x169.jpg",300,169,true],"medium_large":["https:\/\/www.koncevisiontv.cl\/web\/wp-content\/uploads\/2025\/11\/file_20251117131119.jpg",640,360,false],"large":["https:\/\/www.koncevisiontv.cl\/web\/wp-content\/uploads\/2025\/11\/file_20251117131119.jpg",640,360,false],"1536x1536":["https:\/\/www.koncevisiontv.cl\/web\/wp-content\/uploads\/2025\/11\/file_20251117131119.jpg",710,399,false],"2048x2048":["https:\/\/www.koncevisiontv.cl\/web\/wp-content\/uploads\/2025\/11\/file_20251117131119.jpg",710,399,false],"darknews-featured":["https:\/\/www.koncevisiontv.cl\/web\/wp-content\/uploads\/2025\/11\/file_20251117131119.jpg",710,399,false],"darknews-large":["https:\/\/www.koncevisiontv.cl\/web\/wp-content\/uploads\/2025\/11\/file_20251117131119.jpg",710,399,false],"darknews-medium":["https:\/\/www.koncevisiontv.cl\/web\/wp-content\/uploads\/2025\/11\/file_20251117131119-590x399.jpg",590,399,true]},"author_info":{"info":["Web-Master"]},"category_info":"<a href=\"https:\/\/www.koncevisiontv.cl\/web\/category\/agresion\/\" rel=\"category tag\">Agresi\u00f3n<\/a> <a href=\"https:\/\/www.koncevisiontv.cl\/web\/category\/nacional\/\" rel=\"category tag\">Nacional<\/a> <a href=\"https:\/\/www.koncevisiontv.cl\/web\/category\/santiago\/\" rel=\"category tag\">Santiago<\/a> <a href=\"https:\/\/www.koncevisiontv.cl\/web\/category\/violencia\/\" rel=\"category tag\">Violencia<\/a>","tag_info":"Violencia","comment_count":"0","uagb_featured_image_src":{"full":["https:\/\/www.koncevisiontv.cl\/web\/wp-content\/uploads\/2025\/11\/file_20251117131119.jpg",710,399,false],"thumbnail":["https:\/\/www.koncevisiontv.cl\/web\/wp-content\/uploads\/2025\/11\/file_20251117131119-150x150.jpg",150,150,true],"medium":["https:\/\/www.koncevisiontv.cl\/web\/wp-content\/uploads\/2025\/11\/file_20251117131119-300x169.jpg",300,169,true],"medium_large":["https:\/\/www.koncevisiontv.cl\/web\/wp-content\/uploads\/2025\/11\/file_20251117131119.jpg",640,360,false],"large":["https:\/\/www.koncevisiontv.cl\/web\/wp-content\/uploads\/2025\/11\/file_20251117131119.jpg",640,360,false],"1536x1536":["https:\/\/www.koncevisiontv.cl\/web\/wp-content\/uploads\/2025\/11\/file_20251117131119.jpg",710,399,false],"2048x2048":["https:\/\/www.koncevisiontv.cl\/web\/wp-content\/uploads\/2025\/11\/file_20251117131119.jpg",710,399,false],"darknews-featured":["https:\/\/www.koncevisiontv.cl\/web\/wp-content\/uploads\/2025\/11\/file_20251117131119.jpg",710,399,false],"darknews-large":["https:\/\/www.koncevisiontv.cl\/web\/wp-content\/uploads\/2025\/11\/file_20251117131119.jpg",710,399,false],"darknews-medium":["https:\/\/www.koncevisiontv.cl\/web\/wp-content\/uploads\/2025\/11\/file_20251117131119-590x399.jpg",590,399,true]},"uagb_author_info":{"display_name":"Web-Master","author_link":"https:\/\/www.koncevisiontv.cl\/web\/author\/koncevision\/"},"uagb_comment_info":0,"uagb_excerpt":"El Instituto Nacional registr\u00f3 una nueva jornada de des\u00f3rdenes esta ma\u00f1ana, obligando a las autoridades del establecimiento a","_links":{"self":[{"href":"https:\/\/www.koncevisiontv.cl\/web\/wp-json\/wp\/v2\/posts\/12310","targetHints":{"allow":["GET"]}}],"collection":[{"href":"https:\/\/www.koncevisiontv.cl\/web\/wp-json\/wp\/v2\/posts"}],"about":[{"href":"https:\/\/www.koncevisiontv.cl\/web\/wp-json\/wp\/v2\/types\/post"}],"author":[{"embeddable":true,"href":"https:\/\/www.koncevisiontv.cl\/web\/wp-json\/wp\/v2\/users\/5"}],"replies":[{"embeddable":true,"href":"https:\/\/www.koncevisiontv.cl\/web\/wp-json\/wp\/v2\/comments?post=12310"}],"version-history":[{"count":1,"href":"https:\/\/www.koncevisiontv.cl\/web\/wp-json\/wp\/v2\/posts\/12310\/revisions"}],"predecessor-version":[{"id":12312,"href":"https:\/\/www.koncevisiontv.cl\/web\/wp-json\/wp\/v2\/posts\/12310\/revisions\/12312"}],"wp:featuredmedia":[{"embeddable":true,"href":"https:\/\/www.koncevisiontv.cl\/web\/wp-json\/wp\/v2\/media\/12311"}],"wp:attachment":[{"href":"https:\/\/www.koncevisiontv.cl\/web\/wp-json\/wp\/v2\/media?parent=12310"}],"wp:term":[{"taxonomy":"category","embeddable":true,"href":"https:\/\/www.koncevisiontv.cl\/web\/wp-json\/wp\/v2\/categories?post=12310"},{"taxonomy":"post_tag","embeddable":true,"href":"https:\/\/www.koncevisiontv.cl\/web\/wp-json\/wp\/v2\/tags?post=12310"}],"curies":[{"name":"wp","href":"https:\/\/api.w.org\/{rel}","templated":true}]}}