{"id":12313,"date":"2025-11-17T15:19:57","date_gmt":"2025-11-17T18:19:57","guid":{"rendered":"https:\/\/www.koncevisiontv.cl\/web\/?p=12313"},"modified":"2025-11-17T15:25:18","modified_gmt":"2025-11-17T18:25:18","slug":"detenidos-en-miami-cuatro-chilenos-acusados-de-asaltar-y-robar-joyas-a-un-hombre-en-un-centro-comercial","status":"publish","type":"post","link":"https:\/\/www.koncevisiontv.cl\/web\/detenidos-en-miami-cuatro-chilenos-acusados-de-asaltar-y-robar-joyas-a-un-hombre-en-un-centro-comercial\/","title":{"rendered":"Detenidos en Miami: Cuatro chilenos acusados de asaltar y robar joyas a un hombre en un centro comercial"},"content":{"rendered":"\n<p class=\"wp-block-paragraph\">Una banda compuesta por cuatro ciudadanos chilenos, tres hombres y una mujer, fue arrestada el pasado jueves en Miami, Estados Unidos, tras ser acusada de agredir y robar a una persona en el <strong>Dolphin Mall<\/strong>.<\/p>\n\n\n\n<p class=\"wp-block-paragraph\">Seg\u00fan los reportes, la v\u00edctima fue interceptada cerca de la tienda Burlington dentro del centro comercial. Los asaltantes, identificados como los hermanos Jairo (21) y Jacob (26) Morales, golpearon al sujeto para sustraerle sus joyas y luego lograron escapar del recinto. El escape se concret\u00f3 a bordo de un BMW X6 blanco del a\u00f1o 2025, acompa\u00f1ados por Cherry G\u00f3mez (28) y Basti\u00e1n Rojas (25).<\/p>\n\n\n\n<p class=\"wp-block-paragraph\"><strong><em>Captura y Decomiso Millonario:<\/em><\/strong><\/p>\n\n\n\n<p class=\"wp-block-paragraph\">Tras el atraco, el grupo se dirigi\u00f3 a una casa de empe\u00f1o donde vendieron las joyas robadas por <strong>3.000 d\u00f3lares en efectivo<\/strong>. No obstante, la polic\u00eda logr\u00f3 localizar r\u00e1pidamente el veh\u00edculo y, con la ayuda de la v\u00edctima, identific\u00f3 y arrest\u00f3 a los cuatro delincuentes.<\/p>\n\n\n\n<p class=\"wp-block-paragraph\">En el veh\u00edculo se encontraron joyas y una gran cantidad de efectivo, superior a los <strong>31.600 d\u00f3lares<\/strong>.<\/p>\n\n\n\n<p class=\"wp-block-paragraph\">Los detenidos enfrentan diversos cargos:<\/p>\n\n\n\n<p class=\"wp-block-paragraph\"><strong>Jairo Morales:<\/strong> Robo con violencia y tr\u00e1fico de bienes robados.<\/p>\n\n\n\n<p class=\"wp-block-paragraph\"><strong>Jacob Morales:<\/strong> Robo con violencia.<\/p>\n\n\n\n<p class=\"wp-block-paragraph\"><strong>Basti\u00e1n Rojas:<\/strong> Encubrimiento y tr\u00e1fico de bienes robados.<\/p>\n\n\n\n<p class=\"wp-block-paragraph\"><strong>Cherry G\u00f3mez:<\/strong> Encubrimiento.<\/p>\n\n\n\n<p class=\"wp-block-paragraph\">La detenci\u00f3n de la banda ha generado una nueva controversia sobre la actividad delictual de ciudadanos chilenos en el extranjero.<\/p>\n","protected":false},"excerpt":{"rendered":"<p>Una banda compuesta por cuatro ciudadanos chilenos, tres hombres y una mujer, fue arrestada el pasado jueves en<\/p>\n","protected":false},"author":5,"featured_media":12314,"comment_status":"open","ping_status":"open","sticky":false,"template":"","format":"standard","meta":{"_crdt_document":"","_uag_custom_page_level_css":"","_sitemap_exclude":false,"_sitemap_priority":"","_sitemap_frequency":"","_joinchat":[],"footnotes":""},"categories":[504,161,14],"tags":[454],"class_list":["post-12313","post","type-post","status-publish","format-standard","has-post-thumbnail","hentry","category-crimen","category-internacional","category-nacional","tag-internacional"],"featured_image_urls":{"full":["https:\/\/www.koncevisiontv.cl\/web\/wp-content\/uploads\/2025\/11\/V7IJJB7IG5BRDLMPIQ2HHLEBFM.avif",800,450,false],"thumbnail":["https:\/\/www.koncevisiontv.cl\/web\/wp-content\/uploads\/2025\/11\/V7IJJB7IG5BRDLMPIQ2HHLEBFM-150x150.avif",150,150,true],"medium":["https:\/\/www.koncevisiontv.cl\/web\/wp-content\/uploads\/2025\/11\/V7IJJB7IG5BRDLMPIQ2HHLEBFM-300x169.avif",300,169,true],"medium_large":["https:\/\/www.koncevisiontv.cl\/web\/wp-content\/uploads\/2025\/11\/V7IJJB7IG5BRDLMPIQ2HHLEBFM-768x432.avif",640,360,true],"large":["https:\/\/www.koncevisiontv.cl\/web\/wp-content\/uploads\/2025\/11\/V7IJJB7IG5BRDLMPIQ2HHLEBFM.avif",640,360,false],"1536x1536":["https:\/\/www.koncevisiontv.cl\/web\/wp-content\/uploads\/2025\/11\/V7IJJB7IG5BRDLMPIQ2HHLEBFM.avif",800,450,false],"2048x2048":["https:\/\/www.koncevisiontv.cl\/web\/wp-content\/uploads\/2025\/11\/V7IJJB7IG5BRDLMPIQ2HHLEBFM.avif",800,450,false],"darknews-featured":["https:\/\/www.koncevisiontv.cl\/web\/wp-content\/uploads\/2025\/11\/V7IJJB7IG5BRDLMPIQ2HHLEBFM.avif",800,450,false],"darknews-large":["https:\/\/www.koncevisiontv.cl\/web\/wp-content\/uploads\/2025\/11\/V7IJJB7IG5BRDLMPIQ2HHLEBFM.avif",800,450,false],"darknews-medium":["https:\/\/www.koncevisiontv.cl\/web\/wp-content\/uploads\/2025\/11\/V7IJJB7IG5BRDLMPIQ2HHLEBFM-590x410.avif",590,410,true]},"author_info":{"info":["Web-Master"]},"category_info":"<a href=\"https:\/\/www.koncevisiontv.cl\/web\/category\/crimen\/\" rel=\"category tag\">Crimen<\/a> <a href=\"https:\/\/www.koncevisiontv.cl\/web\/category\/internacional\/\" rel=\"category tag\">Internacional<\/a> <a href=\"https:\/\/www.koncevisiontv.cl\/web\/category\/nacional\/\" rel=\"category tag\">Nacional<\/a>","tag_info":"Nacional","comment_count":"1","uagb_featured_image_src":{"full":["https:\/\/www.koncevisiontv.cl\/web\/wp-content\/uploads\/2025\/11\/V7IJJB7IG5BRDLMPIQ2HHLEBFM.avif",800,450,false],"thumbnail":["https:\/\/www.koncevisiontv.cl\/web\/wp-content\/uploads\/2025\/11\/V7IJJB7IG5BRDLMPIQ2HHLEBFM-150x150.avif",150,150,true],"medium":["https:\/\/www.koncevisiontv.cl\/web\/wp-content\/uploads\/2025\/11\/V7IJJB7IG5BRDLMPIQ2HHLEBFM-300x169.avif",300,169,true],"medium_large":["https:\/\/www.koncevisiontv.cl\/web\/wp-content\/uploads\/2025\/11\/V7IJJB7IG5BRDLMPIQ2HHLEBFM-768x432.avif",640,360,true],"large":["https:\/\/www.koncevisiontv.cl\/web\/wp-content\/uploads\/2025\/11\/V7IJJB7IG5BRDLMPIQ2HHLEBFM.avif",640,360,false],"1536x1536":["https:\/\/www.koncevisiontv.cl\/web\/wp-content\/uploads\/2025\/11\/V7IJJB7IG5BRDLMPIQ2HHLEBFM.avif",800,450,false],"2048x2048":["https:\/\/www.koncevisiontv.cl\/web\/wp-content\/uploads\/2025\/11\/V7IJJB7IG5BRDLMPIQ2HHLEBFM.avif",800,450,false],"darknews-featured":["https:\/\/www.koncevisiontv.cl\/web\/wp-content\/uploads\/2025\/11\/V7IJJB7IG5BRDLMPIQ2HHLEBFM.avif",800,450,false],"darknews-large":["https:\/\/www.koncevisiontv.cl\/web\/wp-content\/uploads\/2025\/11\/V7IJJB7IG5BRDLMPIQ2HHLEBFM.avif",800,450,false],"darknews-medium":["https:\/\/www.koncevisiontv.cl\/web\/wp-content\/uploads\/2025\/11\/V7IJJB7IG5BRDLMPIQ2HHLEBFM-590x410.avif",590,410,true]},"uagb_author_info":{"display_name":"Web-Master","author_link":"https:\/\/www.koncevisiontv.cl\/web\/author\/koncevision\/"},"uagb_comment_info":2,"uagb_excerpt":"Una banda compuesta por cuatro ciudadanos chilenos, tres hombres y una mujer, fue arrestada el pasado jueves en","_links":{"self":[{"href":"https:\/\/www.koncevisiontv.cl\/web\/wp-json\/wp\/v2\/posts\/12313","targetHints":{"allow":["GET"]}}],"collection":[{"href":"https:\/\/www.koncevisiontv.cl\/web\/wp-json\/wp\/v2\/posts"}],"about":[{"href":"https:\/\/www.koncevisiontv.cl\/web\/wp-json\/wp\/v2\/types\/post"}],"author":[{"embeddable":true,"href":"https:\/\/www.koncevisiontv.cl\/web\/wp-json\/wp\/v2\/users\/5"}],"replies":[{"embeddable":true,"href":"https:\/\/www.koncevisiontv.cl\/web\/wp-json\/wp\/v2\/comments?post=12313"}],"version-history":[{"count":2,"href":"https:\/\/www.koncevisiontv.cl\/web\/wp-json\/wp\/v2\/posts\/12313\/revisions"}],"predecessor-version":[{"id":12316,"href":"https:\/\/www.koncevisiontv.cl\/web\/wp-json\/wp\/v2\/posts\/12313\/revisions\/12316"}],"wp:featuredmedia":[{"embeddable":true,"href":"https:\/\/www.koncevisiontv.cl\/web\/wp-json\/wp\/v2\/media\/12314"}],"wp:attachment":[{"href":"https:\/\/www.koncevisiontv.cl\/web\/wp-json\/wp\/v2\/media?parent=12313"}],"wp:term":[{"taxonomy":"category","embeddable":true,"href":"https:\/\/www.koncevisiontv.cl\/web\/wp-json\/wp\/v2\/categories?post=12313"},{"taxonomy":"post_tag","embeddable":true,"href":"https:\/\/www.koncevisiontv.cl\/web\/wp-json\/wp\/v2\/tags?post=12313"}],"curies":[{"name":"wp","href":"https:\/\/api.w.org\/{rel}","templated":true}]}}