{"id":12317,"date":"2025-11-17T15:35:24","date_gmt":"2025-11-17T18:35:24","guid":{"rendered":"https:\/\/www.koncevisiontv.cl\/web\/?p=12317"},"modified":"2025-11-17T15:35:28","modified_gmt":"2025-11-17T18:35:28","slug":"giro-diplomatico-de-trump-presidente-estadounidense-abre-la-puerta-a-conversaciones-con-nicolas-maduro-en-medio-de-masivo-despliegue-naval","status":"publish","type":"post","link":"https:\/\/www.koncevisiontv.cl\/web\/giro-diplomatico-de-trump-presidente-estadounidense-abre-la-puerta-a-conversaciones-con-nicolas-maduro-en-medio-de-masivo-despliegue-naval\/","title":{"rendered":"Giro diplom\u00e1tico de Trump: Presidente estadounidense abre la puerta a conversaciones con Nicol\u00e1s Maduro en medio de masivo despliegue naval"},"content":{"rendered":"\n<p class=\"wp-block-paragraph\">El presidente de Estados Unidos, Donald Trump, sugiri\u00f3 este domingo una potencial v\u00eda diplom\u00e1tica al indicar que <strong>&#8220;podr\u00eda sostener conversaciones&#8221;<\/strong> con el mandatario venezolano, Nicol\u00e1s Maduro. La declaraci\u00f3n se produce en un contexto de creciente presi\u00f3n militar, marcado por la llegada del portaviones m\u00e1s moderno de EE. UU. a aguas cercanas a Venezuela.<\/p>\n\n\n\n<p class=\"wp-block-paragraph\">Trump no ofreci\u00f3 detalles sobre la naturaleza de las conversaciones, limit\u00e1ndose a se\u00f1alar que <strong>&#8220;Venezuela quiere hablar&#8221;<\/strong> y que &#8220;veremos qu\u00e9 pasa&#8221;. Sin embargo, al ser consultado sobre el significado de su afirmaci\u00f3n, el mandatario respondi\u00f3 evadiendo la precisi\u00f3n: &#8220;\u00bfQu\u00e9 significa? T\u00fa dime, no lo s\u00e9. Hablar\u00e9 con cualquiera&#8221;.<\/p>\n\n\n\n<p class=\"wp-block-paragraph\"><strong><em>El Mayor Despliegue Militar en D\u00e9cadas:<\/em><\/strong><\/p>\n\n\n\n<p class=\"wp-block-paragraph\">Paralelamente, la Armada estadounidense confirm\u00f3 la llegada del portaviones nuclear <strong>USS Gerald R. Ford<\/strong> y su grupo de ataque al Caribe, la mayor demostraci\u00f3n de poder\u00edo militar en la regi\u00f3n en generaciones. Este despliegue, llamado &#8220;Operaci\u00f3n Lanza del Sur&#8221;, incluye cerca de una docena de buques y unos 12.000 efectivos.<\/p>\n\n\n\n<p class=\"wp-block-paragraph\">Aunque el gobierno estadounidense insiste en que la misi\u00f3n tiene un foco <strong>antidrogas<\/strong> para combatir el &#8220;narcoterrorismo&#8221;, la operaci\u00f3n es ampliamente interpretada como una t\u00e1ctica de presi\u00f3n directa contra Maduro, quien enfrenta cargos de narcoterrorismo en EE. UU.<\/p>\n\n\n\n<p class=\"wp-block-paragraph\">Altos mandos de la Armada indicaron que las fuerzas est\u00e1n listas para combatir amenazas transnacionales que buscan desestabilizar el hemisferio. Mientras tanto, en Trinidad y Tobago se report\u00f3 el inicio de &#8220;ejercicios de entrenamiento&#8221; con el ej\u00e9rcito estadounidense que se extender\u00e1n durante gran parte de la semana.<\/p>\n\n\n\n<figure class=\"wp-block-embed is-type-rich is-provider-twitter wp-block-embed-twitter\"><div class=\"wp-block-embed__wrapper\">\n<blockquote class=\"twitter-tweet\" data-width=\"550\" data-dnt=\"true\"><p lang=\"en\" dir=\"ltr\">On Nov. 15, at the direction of Secretary of War Pete Hegseth, Joint Task Force Southern Spear conducted a lethal kinetic strike on a vessel operated by a Designated Terrorist Organization. Intelligence confirmed that the vessel was involved in illicit narcotics smuggling,\u2026 <a href=\"https:\/\/t.co\/iM1PhIsroj\">pic.twitter.com\/iM1PhIsroj<\/a><\/p>&mdash; U.S. Southern Command (@Southcom) <a href=\"https:\/\/twitter.com\/Southcom\/status\/1990147866397221102?ref_src=twsrc%5Etfw\" target=\"_blank\" rel=\"noopener\">November 16, 2025<\/a><\/blockquote><script async src=\"https:\/\/platform.twitter.com\/widgets.js\" charset=\"utf-8\"><\/script>\n<\/div><\/figure>\n\n\n\n<figure class=\"wp-block-embed is-type-rich is-provider-twitter wp-block-embed-twitter\"><div class=\"wp-block-embed__wrapper\">\n<blockquote class=\"twitter-tweet\" data-width=\"550\" data-dnt=\"true\"><p lang=\"es\" dir=\"ltr\"><a href=\"https:\/\/twitter.com\/hashtag\/ATENCI%C3%93N?src=hash&amp;ref_src=twsrc%5Etfw\" target=\"_blank\" rel=\"noopener\">#ATENCI\u00d3N<\/a> |  Donald Trump confirm\u00f3 que \u201ces posible\u201d abrir conversaciones con Nicol\u00e1s Maduro y que \u201cellos quieren hablar\u201d. <a href=\"https:\/\/t.co\/tI3Fs2jf3v\">pic.twitter.com\/tI3Fs2jf3v<\/a><\/p>&mdash; Noticias RCN (@NoticiasRCN) <a href=\"https:\/\/twitter.com\/NoticiasRCN\/status\/1990211018228912563?ref_src=twsrc%5Etfw\" target=\"_blank\" rel=\"noopener\">November 17, 2025<\/a><\/blockquote><script async src=\"https:\/\/platform.twitter.com\/widgets.js\" charset=\"utf-8\"><\/script>\n<\/div><\/figure>\n","protected":false},"excerpt":{"rendered":"<p>El presidente de Estados Unidos, Donald Trump, sugiri\u00f3 este domingo una potencial v\u00eda diplom\u00e1tica al indicar que &#8220;podr\u00eda<\/p>\n","protected":false},"author":5,"featured_media":12318,"comment_status":"open","ping_status":"open","sticky":false,"template":"","format":"standard","meta":{"_crdt_document":"","_uag_custom_page_level_css":"","_sitemap_exclude":false,"_sitemap_priority":"","_sitemap_frequency":"","_joinchat":[],"footnotes":""},"categories":[504,14,513,427,463],"tags":[454],"class_list":["post-12317","post","type-post","status-publish","format-standard","has-post-thumbnail","hentry","category-crimen","category-nacional","category-narcotrafico","category-politica-2","category-trafico-de-drogas","tag-internacional"],"featured_image_urls":{"full":["https:\/\/www.koncevisiontv.cl\/web\/wp-content\/uploads\/2025\/11\/6ITDDOBYXZAIRJWPFPMX2RJTE4.avif",1023,575,false],"thumbnail":["https:\/\/www.koncevisiontv.cl\/web\/wp-content\/uploads\/2025\/11\/6ITDDOBYXZAIRJWPFPMX2RJTE4-150x150.avif",150,150,true],"medium":["https:\/\/www.koncevisiontv.cl\/web\/wp-content\/uploads\/2025\/11\/6ITDDOBYXZAIRJWPFPMX2RJTE4-300x169.avif",300,169,true],"medium_large":["https:\/\/www.koncevisiontv.cl\/web\/wp-content\/uploads\/2025\/11\/6ITDDOBYXZAIRJWPFPMX2RJTE4-768x432.avif",640,360,true],"large":["https:\/\/www.koncevisiontv.cl\/web\/wp-content\/uploads\/2025\/11\/6ITDDOBYXZAIRJWPFPMX2RJTE4.avif",640,360,false],"1536x1536":["https:\/\/www.koncevisiontv.cl\/web\/wp-content\/uploads\/2025\/11\/6ITDDOBYXZAIRJWPFPMX2RJTE4.avif",1023,575,false],"2048x2048":["https:\/\/www.koncevisiontv.cl\/web\/wp-content\/uploads\/2025\/11\/6ITDDOBYXZAIRJWPFPMX2RJTE4.avif",1023,575,false],"darknews-featured":["https:\/\/www.koncevisiontv.cl\/web\/wp-content\/uploads\/2025\/11\/6ITDDOBYXZAIRJWPFPMX2RJTE4.avif",1023,575,false],"darknews-large":["https:\/\/www.koncevisiontv.cl\/web\/wp-content\/uploads\/2025\/11\/6ITDDOBYXZAIRJWPFPMX2RJTE4-825x575.avif",825,575,true],"darknews-medium":["https:\/\/www.koncevisiontv.cl\/web\/wp-content\/uploads\/2025\/11\/6ITDDOBYXZAIRJWPFPMX2RJTE4-590x410.avif",590,410,true]},"author_info":{"info":["Web-Master"]},"category_info":"<a href=\"https:\/\/www.koncevisiontv.cl\/web\/category\/crimen\/\" rel=\"category tag\">Crimen<\/a> <a href=\"https:\/\/www.koncevisiontv.cl\/web\/category\/nacional\/\" rel=\"category tag\">Nacional<\/a> <a href=\"https:\/\/www.koncevisiontv.cl\/web\/category\/narcotrafico\/\" rel=\"category tag\">Narcotr\u00e1fico<\/a> <a href=\"https:\/\/www.koncevisiontv.cl\/web\/category\/politica-2\/\" rel=\"category tag\">Pol\u00edtica<\/a> <a href=\"https:\/\/www.koncevisiontv.cl\/web\/category\/trafico-de-drogas\/\" rel=\"category tag\">Tr\u00e1fico de drogas<\/a>","tag_info":"Tr\u00e1fico de drogas","comment_count":"0","uagb_featured_image_src":{"full":["https:\/\/www.koncevisiontv.cl\/web\/wp-content\/uploads\/2025\/11\/6ITDDOBYXZAIRJWPFPMX2RJTE4.avif",1023,575,false],"thumbnail":["https:\/\/www.koncevisiontv.cl\/web\/wp-content\/uploads\/2025\/11\/6ITDDOBYXZAIRJWPFPMX2RJTE4-150x150.avif",150,150,true],"medium":["https:\/\/www.koncevisiontv.cl\/web\/wp-content\/uploads\/2025\/11\/6ITDDOBYXZAIRJWPFPMX2RJTE4-300x169.avif",300,169,true],"medium_large":["https:\/\/www.koncevisiontv.cl\/web\/wp-content\/uploads\/2025\/11\/6ITDDOBYXZAIRJWPFPMX2RJTE4-768x432.avif",640,360,true],"large":["https:\/\/www.koncevisiontv.cl\/web\/wp-content\/uploads\/2025\/11\/6ITDDOBYXZAIRJWPFPMX2RJTE4.avif",640,360,false],"1536x1536":["https:\/\/www.koncevisiontv.cl\/web\/wp-content\/uploads\/2025\/11\/6ITDDOBYXZAIRJWPFPMX2RJTE4.avif",1023,575,false],"2048x2048":["https:\/\/www.koncevisiontv.cl\/web\/wp-content\/uploads\/2025\/11\/6ITDDOBYXZAIRJWPFPMX2RJTE4.avif",1023,575,false],"darknews-featured":["https:\/\/www.koncevisiontv.cl\/web\/wp-content\/uploads\/2025\/11\/6ITDDOBYXZAIRJWPFPMX2RJTE4.avif",1023,575,false],"darknews-large":["https:\/\/www.koncevisiontv.cl\/web\/wp-content\/uploads\/2025\/11\/6ITDDOBYXZAIRJWPFPMX2RJTE4-825x575.avif",825,575,true],"darknews-medium":["https:\/\/www.koncevisiontv.cl\/web\/wp-content\/uploads\/2025\/11\/6ITDDOBYXZAIRJWPFPMX2RJTE4-590x410.avif",590,410,true]},"uagb_author_info":{"display_name":"Web-Master","author_link":"https:\/\/www.koncevisiontv.cl\/web\/author\/koncevision\/"},"uagb_comment_info":0,"uagb_excerpt":"El presidente de Estados Unidos, Donald Trump, sugiri\u00f3 este domingo una potencial v\u00eda diplom\u00e1tica al indicar que &#8220;podr\u00eda","_links":{"self":[{"href":"https:\/\/www.koncevisiontv.cl\/web\/wp-json\/wp\/v2\/posts\/12317","targetHints":{"allow":["GET"]}}],"collection":[{"href":"https:\/\/www.koncevisiontv.cl\/web\/wp-json\/wp\/v2\/posts"}],"about":[{"href":"https:\/\/www.koncevisiontv.cl\/web\/wp-json\/wp\/v2\/types\/post"}],"author":[{"embeddable":true,"href":"https:\/\/www.koncevisiontv.cl\/web\/wp-json\/wp\/v2\/users\/5"}],"replies":[{"embeddable":true,"href":"https:\/\/www.koncevisiontv.cl\/web\/wp-json\/wp\/v2\/comments?post=12317"}],"version-history":[{"count":1,"href":"https:\/\/www.koncevisiontv.cl\/web\/wp-json\/wp\/v2\/posts\/12317\/revisions"}],"predecessor-version":[{"id":12321,"href":"https:\/\/www.koncevisiontv.cl\/web\/wp-json\/wp\/v2\/posts\/12317\/revisions\/12321"}],"wp:featuredmedia":[{"embeddable":true,"href":"https:\/\/www.koncevisiontv.cl\/web\/wp-json\/wp\/v2\/media\/12318"}],"wp:attachment":[{"href":"https:\/\/www.koncevisiontv.cl\/web\/wp-json\/wp\/v2\/media?parent=12317"}],"wp:term":[{"taxonomy":"category","embeddable":true,"href":"https:\/\/www.koncevisiontv.cl\/web\/wp-json\/wp\/v2\/categories?post=12317"},{"taxonomy":"post_tag","embeddable":true,"href":"https:\/\/www.koncevisiontv.cl\/web\/wp-json\/wp\/v2\/tags?post=12317"}],"curies":[{"name":"wp","href":"https:\/\/api.w.org\/{rel}","templated":true}]}}