{"id":12322,"date":"2025-11-17T16:15:58","date_gmt":"2025-11-17T19:15:58","guid":{"rendered":"https:\/\/www.koncevisiontv.cl\/web\/?p=12322"},"modified":"2025-11-17T16:16:01","modified_gmt":"2025-11-17T19:16:01","slug":"gustavo-gatica-celebra-su-victoria-en-el-distrito-8-y-llama-a-unir-fuerzas-para-apoyar-la-candidatura-de-jeannette-jara","status":"publish","type":"post","link":"https:\/\/www.koncevisiontv.cl\/web\/gustavo-gatica-celebra-su-victoria-en-el-distrito-8-y-llama-a-unir-fuerzas-para-apoyar-la-candidatura-de-jeannette-jara\/","title":{"rendered":"Gustavo Gatica celebra su victoria en el Distrito 8 y llama a unir fuerzas para apoyar la candidatura de Jeannette Jara"},"content":{"rendered":"\n<p class=\"wp-block-paragraph\">Gustavo Gatica, representante del pacto Unidad por Chile (apoyado por el Partido Comunista), se consolid\u00f3 como diputado electo con la primera mayor\u00eda en el altamente competitivo Distrito 8 (que incluye comunas como Maip\u00fa, Pudahuel y Estaci\u00f3n Central). Tras confirmarse su triunfo, Gatica dedic\u00f3 su victoria a la ciudadan\u00eda que mantuvo la esperanza de un pa\u00eds m\u00e1s justo.<\/p>\n\n\n\n<p class=\"wp-block-paragraph\">El nuevo parlamentario afirm\u00f3 a trav\u00e9s de redes sociales que su \u00e9xito es un reflejo de la gente que <strong>&#8220;sigui\u00f3 so\u00f1ando con un pa\u00eds m\u00e1s justo&#8221;<\/strong> y que su elecci\u00f3n &#8220;no es m\u00eda, es de todas y todos los que han luchado durante a\u00f1os para que la dignidad deje de ser una promesa y se vuelva realidad\u201d.<\/p>\n\n\n\n<p class=\"wp-block-paragraph\"><strong><em>Respaldo a Jeannette Jara:<\/em><\/strong><\/p>\n\n\n\n<p class=\"wp-block-paragraph\">Gatica utiliz\u00f3 su plataforma para reiterar su firme respaldo a la candidata oficialista, Jeannette Jara, de cara al balotaje que enfrentar\u00e1 contra Jos\u00e9 Antonio Kast.<\/p>\n\n\n\n<blockquote class=\"wp-block-quote is-layout-flow wp-block-quote-is-layout-flow\">\n<p class=\"wp-block-paragraph\"><strong>\u201cJeannette Jara cuenta con mi apoyo en la segunda vuelta. Chile necesita profundizar los cambios y cuidar lo que hemos avanzado, y conf\u00edo en que Jeannette representa ese camino con claridad y compromiso\u201d<\/strong>, se\u00f1al\u00f3 el diputado electo.<\/p>\n<\/blockquote>\n\n\n\n<p class=\"wp-block-paragraph\">En un acto p\u00fablico posterior, Gatica vincul\u00f3 su triunfo a dos factores clave: su propia historia personal y la capacidad de <strong>&#8220;recoger los sue\u00f1os que se depositaron durante el estallido social&#8221;<\/strong>. Respecto al escenario presidencial, reconoci\u00f3 que el oficialismo enfrenta un &#8220;desaf\u00edo enorme&#8221; por los n\u00fameros obtenidos, pero llam\u00f3 a la ciudadan\u00eda a poner el mismo esfuerzo de la lucha diaria para llevar a Jara a la Presidencia.<\/p>\n","protected":false},"excerpt":{"rendered":"<p>Gustavo Gatica, representante del pacto Unidad por Chile (apoyado por el Partido Comunista), se consolid\u00f3 como diputado electo<\/p>\n","protected":false},"author":5,"featured_media":12324,"comment_status":"open","ping_status":"open","sticky":false,"template":"","format":"standard","meta":{"_crdt_document":"","_uag_custom_page_level_css":"","_sitemap_exclude":false,"_sitemap_priority":"","_sitemap_frequency":"","_joinchat":[],"footnotes":""},"categories":[447,14,427,440,456],"tags":[404],"class_list":["post-12322","post","type-post","status-publish","format-standard","has-post-thumbnail","hentry","category-elecciones2025","category-nacional","category-politica-2","category-presidenciales-2025","category-santiago","tag-regionmetropolitana"],"featured_image_urls":{"full":["https:\/\/www.koncevisiontv.cl\/web\/wp-content\/uploads\/2025\/11\/5JCYXXGFANBFDB2TNY3ZIZEODQ.avif",1023,574,false],"thumbnail":["https:\/\/www.koncevisiontv.cl\/web\/wp-content\/uploads\/2025\/11\/5JCYXXGFANBFDB2TNY3ZIZEODQ-150x150.avif",150,150,true],"medium":["https:\/\/www.koncevisiontv.cl\/web\/wp-content\/uploads\/2025\/11\/5JCYXXGFANBFDB2TNY3ZIZEODQ-300x168.avif",300,168,true],"medium_large":["https:\/\/www.koncevisiontv.cl\/web\/wp-content\/uploads\/2025\/11\/5JCYXXGFANBFDB2TNY3ZIZEODQ-768x431.avif",640,359,true],"large":["https:\/\/www.koncevisiontv.cl\/web\/wp-content\/uploads\/2025\/11\/5JCYXXGFANBFDB2TNY3ZIZEODQ.avif",640,359,false],"1536x1536":["https:\/\/www.koncevisiontv.cl\/web\/wp-content\/uploads\/2025\/11\/5JCYXXGFANBFDB2TNY3ZIZEODQ.avif",1023,574,false],"2048x2048":["https:\/\/www.koncevisiontv.cl\/web\/wp-content\/uploads\/2025\/11\/5JCYXXGFANBFDB2TNY3ZIZEODQ.avif",1023,574,false],"darknews-featured":["https:\/\/www.koncevisiontv.cl\/web\/wp-content\/uploads\/2025\/11\/5JCYXXGFANBFDB2TNY3ZIZEODQ.avif",1023,574,false],"darknews-large":["https:\/\/www.koncevisiontv.cl\/web\/wp-content\/uploads\/2025\/11\/5JCYXXGFANBFDB2TNY3ZIZEODQ-825x574.avif",825,574,true],"darknews-medium":["https:\/\/www.koncevisiontv.cl\/web\/wp-content\/uploads\/2025\/11\/5JCYXXGFANBFDB2TNY3ZIZEODQ-590x410.avif",590,410,true]},"author_info":{"info":["Web-Master"]},"category_info":"<a href=\"https:\/\/www.koncevisiontv.cl\/web\/category\/elecciones2025\/\" rel=\"category tag\">Elecciones2025<\/a> <a href=\"https:\/\/www.koncevisiontv.cl\/web\/category\/nacional\/\" rel=\"category tag\">Nacional<\/a> <a href=\"https:\/\/www.koncevisiontv.cl\/web\/category\/politica-2\/\" rel=\"category tag\">Pol\u00edtica<\/a> <a href=\"https:\/\/www.koncevisiontv.cl\/web\/category\/presidenciales-2025\/\" rel=\"category tag\">Presidenciales 2025<\/a> <a href=\"https:\/\/www.koncevisiontv.cl\/web\/category\/santiago\/\" rel=\"category tag\">Santiago<\/a>","tag_info":"Santiago","comment_count":"0","uagb_featured_image_src":{"full":["https:\/\/www.koncevisiontv.cl\/web\/wp-content\/uploads\/2025\/11\/5JCYXXGFANBFDB2TNY3ZIZEODQ.avif",1023,574,false],"thumbnail":["https:\/\/www.koncevisiontv.cl\/web\/wp-content\/uploads\/2025\/11\/5JCYXXGFANBFDB2TNY3ZIZEODQ-150x150.avif",150,150,true],"medium":["https:\/\/www.koncevisiontv.cl\/web\/wp-content\/uploads\/2025\/11\/5JCYXXGFANBFDB2TNY3ZIZEODQ-300x168.avif",300,168,true],"medium_large":["https:\/\/www.koncevisiontv.cl\/web\/wp-content\/uploads\/2025\/11\/5JCYXXGFANBFDB2TNY3ZIZEODQ-768x431.avif",640,359,true],"large":["https:\/\/www.koncevisiontv.cl\/web\/wp-content\/uploads\/2025\/11\/5JCYXXGFANBFDB2TNY3ZIZEODQ.avif",640,359,false],"1536x1536":["https:\/\/www.koncevisiontv.cl\/web\/wp-content\/uploads\/2025\/11\/5JCYXXGFANBFDB2TNY3ZIZEODQ.avif",1023,574,false],"2048x2048":["https:\/\/www.koncevisiontv.cl\/web\/wp-content\/uploads\/2025\/11\/5JCYXXGFANBFDB2TNY3ZIZEODQ.avif",1023,574,false],"darknews-featured":["https:\/\/www.koncevisiontv.cl\/web\/wp-content\/uploads\/2025\/11\/5JCYXXGFANBFDB2TNY3ZIZEODQ.avif",1023,574,false],"darknews-large":["https:\/\/www.koncevisiontv.cl\/web\/wp-content\/uploads\/2025\/11\/5JCYXXGFANBFDB2TNY3ZIZEODQ-825x574.avif",825,574,true],"darknews-medium":["https:\/\/www.koncevisiontv.cl\/web\/wp-content\/uploads\/2025\/11\/5JCYXXGFANBFDB2TNY3ZIZEODQ-590x410.avif",590,410,true]},"uagb_author_info":{"display_name":"Web-Master","author_link":"https:\/\/www.koncevisiontv.cl\/web\/author\/koncevision\/"},"uagb_comment_info":0,"uagb_excerpt":"Gustavo Gatica, representante del pacto Unidad por Chile (apoyado por el Partido Comunista), se consolid\u00f3 como diputado electo","_links":{"self":[{"href":"https:\/\/www.koncevisiontv.cl\/web\/wp-json\/wp\/v2\/posts\/12322","targetHints":{"allow":["GET"]}}],"collection":[{"href":"https:\/\/www.koncevisiontv.cl\/web\/wp-json\/wp\/v2\/posts"}],"about":[{"href":"https:\/\/www.koncevisiontv.cl\/web\/wp-json\/wp\/v2\/types\/post"}],"author":[{"embeddable":true,"href":"https:\/\/www.koncevisiontv.cl\/web\/wp-json\/wp\/v2\/users\/5"}],"replies":[{"embeddable":true,"href":"https:\/\/www.koncevisiontv.cl\/web\/wp-json\/wp\/v2\/comments?post=12322"}],"version-history":[{"count":1,"href":"https:\/\/www.koncevisiontv.cl\/web\/wp-json\/wp\/v2\/posts\/12322\/revisions"}],"predecessor-version":[{"id":12325,"href":"https:\/\/www.koncevisiontv.cl\/web\/wp-json\/wp\/v2\/posts\/12322\/revisions\/12325"}],"wp:featuredmedia":[{"embeddable":true,"href":"https:\/\/www.koncevisiontv.cl\/web\/wp-json\/wp\/v2\/media\/12324"}],"wp:attachment":[{"href":"https:\/\/www.koncevisiontv.cl\/web\/wp-json\/wp\/v2\/media?parent=12322"}],"wp:term":[{"taxonomy":"category","embeddable":true,"href":"https:\/\/www.koncevisiontv.cl\/web\/wp-json\/wp\/v2\/categories?post=12322"},{"taxonomy":"post_tag","embeddable":true,"href":"https:\/\/www.koncevisiontv.cl\/web\/wp-json\/wp\/v2\/tags?post=12322"}],"curies":[{"name":"wp","href":"https:\/\/api.w.org\/{rel}","templated":true}]}}