{"id":12327,"date":"2025-11-18T12:55:34","date_gmt":"2025-11-18T15:55:34","guid":{"rendered":"https:\/\/www.koncevisiontv.cl\/web\/?p=12327"},"modified":"2025-11-18T12:55:37","modified_gmt":"2025-11-18T15:55:37","slug":"nuevo-ataque-incendiario-en-collipulli-sujetos-armados-queman-un-camion-y-un-vehiculo-robado-en-la-ruta-182","status":"publish","type":"post","link":"https:\/\/www.koncevisiontv.cl\/web\/nuevo-ataque-incendiario-en-collipulli-sujetos-armados-queman-un-camion-y-un-vehiculo-robado-en-la-ruta-182\/","title":{"rendered":"Nuevo ataque incendiario en Collipulli: Sujetos armados queman un cami\u00f3n y un veh\u00edculo robado en la Ruta 182"},"content":{"rendered":"\n<p class=\"wp-block-paragraph\">La Regi\u00f3n de La Araucan\u00eda registr\u00f3 un nuevo hecho de violencia rural la madrugada de este martes, donde un ataque incendiario destruy\u00f3 un cami\u00f3n y una camioneta en la ruta que conecta Angol y Collipulli.<\/p>\n\n\n\n<p class=\"wp-block-paragraph\">El incidente se produjo cerca de las 05:50 horas, a la altura del kil\u00f3metro 22 de la Ruta 182. El prefecto de Carabineros de Malleco, coronel Manuel Aravena, inform\u00f3 que la v\u00edctima, conductor del cami\u00f3n, fue interceptado por dos camionetas. Tres individuos a <strong>rostro cubierto y portando armas largas<\/strong> descendieron de uno de los veh\u00edculos y realizaron disparos para obligar al chofer a bajar.<\/p>\n\n\n\n<p class=\"wp-block-paragraph\">Una vez que la v\u00edctima fue intimidada, los responsables utilizaron l\u00edquidos acelerantes para prender fuego a la cabina del cami\u00f3n. Al huir, los atacantes tambi\u00e9n incendiaron una de las camionetas en las que se hab\u00edan desplazado. Carabineros confirm\u00f3 posteriormente que esta \u00faltima camioneta manten\u00eda un <strong>encargo vigente por el delito de robo con intimidaci\u00f3n<\/strong>.<\/p>\n\n\n\n<p class=\"wp-block-paragraph\">Carabineros tom\u00f3 declaraci\u00f3n a la v\u00edctima y est\u00e1 realizando las diligencias correspondientes para dar con el paradero de los responsables de este nuevo atentado en la provincia de Malleco.<\/p>\n","protected":false},"excerpt":{"rendered":"<p>La Regi\u00f3n de La Araucan\u00eda registr\u00f3 un nuevo hecho de violencia rural la madrugada de este martes, donde<\/p>\n","protected":false},"author":5,"featured_media":12328,"comment_status":"open","ping_status":"open","sticky":false,"template":"","format":"standard","meta":{"_crdt_document":"","_uag_custom_page_level_css":"","_sitemap_exclude":false,"_sitemap_priority":"","_sitemap_frequency":"","_joinchat":[],"footnotes":""},"categories":[504,14,485],"tags":[451],"class_list":["post-12327","post","type-post","status-publish","format-standard","has-post-thumbnail","hentry","category-crimen","category-nacional","category-violencia","tag-regiondelaaraucania"],"featured_image_urls":{"full":["https:\/\/www.koncevisiontv.cl\/web\/wp-content\/uploads\/2025\/11\/file_20251118083449.jpg",710,399,false],"thumbnail":["https:\/\/www.koncevisiontv.cl\/web\/wp-content\/uploads\/2025\/11\/file_20251118083449-150x150.jpg",150,150,true],"medium":["https:\/\/www.koncevisiontv.cl\/web\/wp-content\/uploads\/2025\/11\/file_20251118083449-300x169.jpg",300,169,true],"medium_large":["https:\/\/www.koncevisiontv.cl\/web\/wp-content\/uploads\/2025\/11\/file_20251118083449.jpg",640,360,false],"large":["https:\/\/www.koncevisiontv.cl\/web\/wp-content\/uploads\/2025\/11\/file_20251118083449.jpg",640,360,false],"1536x1536":["https:\/\/www.koncevisiontv.cl\/web\/wp-content\/uploads\/2025\/11\/file_20251118083449.jpg",710,399,false],"2048x2048":["https:\/\/www.koncevisiontv.cl\/web\/wp-content\/uploads\/2025\/11\/file_20251118083449.jpg",710,399,false],"darknews-featured":["https:\/\/www.koncevisiontv.cl\/web\/wp-content\/uploads\/2025\/11\/file_20251118083449.jpg",710,399,false],"darknews-large":["https:\/\/www.koncevisiontv.cl\/web\/wp-content\/uploads\/2025\/11\/file_20251118083449.jpg",710,399,false],"darknews-medium":["https:\/\/www.koncevisiontv.cl\/web\/wp-content\/uploads\/2025\/11\/file_20251118083449-590x399.jpg",590,399,true]},"author_info":{"info":["Web-Master"]},"category_info":"<a href=\"https:\/\/www.koncevisiontv.cl\/web\/category\/crimen\/\" rel=\"category tag\">Crimen<\/a> <a href=\"https:\/\/www.koncevisiontv.cl\/web\/category\/nacional\/\" rel=\"category tag\">Nacional<\/a> <a href=\"https:\/\/www.koncevisiontv.cl\/web\/category\/violencia\/\" rel=\"category tag\">Violencia<\/a>","tag_info":"Violencia","comment_count":"0","uagb_featured_image_src":{"full":["https:\/\/www.koncevisiontv.cl\/web\/wp-content\/uploads\/2025\/11\/file_20251118083449.jpg",710,399,false],"thumbnail":["https:\/\/www.koncevisiontv.cl\/web\/wp-content\/uploads\/2025\/11\/file_20251118083449-150x150.jpg",150,150,true],"medium":["https:\/\/www.koncevisiontv.cl\/web\/wp-content\/uploads\/2025\/11\/file_20251118083449-300x169.jpg",300,169,true],"medium_large":["https:\/\/www.koncevisiontv.cl\/web\/wp-content\/uploads\/2025\/11\/file_20251118083449.jpg",640,360,false],"large":["https:\/\/www.koncevisiontv.cl\/web\/wp-content\/uploads\/2025\/11\/file_20251118083449.jpg",640,360,false],"1536x1536":["https:\/\/www.koncevisiontv.cl\/web\/wp-content\/uploads\/2025\/11\/file_20251118083449.jpg",710,399,false],"2048x2048":["https:\/\/www.koncevisiontv.cl\/web\/wp-content\/uploads\/2025\/11\/file_20251118083449.jpg",710,399,false],"darknews-featured":["https:\/\/www.koncevisiontv.cl\/web\/wp-content\/uploads\/2025\/11\/file_20251118083449.jpg",710,399,false],"darknews-large":["https:\/\/www.koncevisiontv.cl\/web\/wp-content\/uploads\/2025\/11\/file_20251118083449.jpg",710,399,false],"darknews-medium":["https:\/\/www.koncevisiontv.cl\/web\/wp-content\/uploads\/2025\/11\/file_20251118083449-590x399.jpg",590,399,true]},"uagb_author_info":{"display_name":"Web-Master","author_link":"https:\/\/www.koncevisiontv.cl\/web\/author\/koncevision\/"},"uagb_comment_info":0,"uagb_excerpt":"La Regi\u00f3n de La Araucan\u00eda registr\u00f3 un nuevo hecho de violencia rural la madrugada de este martes, donde","_links":{"self":[{"href":"https:\/\/www.koncevisiontv.cl\/web\/wp-json\/wp\/v2\/posts\/12327","targetHints":{"allow":["GET"]}}],"collection":[{"href":"https:\/\/www.koncevisiontv.cl\/web\/wp-json\/wp\/v2\/posts"}],"about":[{"href":"https:\/\/www.koncevisiontv.cl\/web\/wp-json\/wp\/v2\/types\/post"}],"author":[{"embeddable":true,"href":"https:\/\/www.koncevisiontv.cl\/web\/wp-json\/wp\/v2\/users\/5"}],"replies":[{"embeddable":true,"href":"https:\/\/www.koncevisiontv.cl\/web\/wp-json\/wp\/v2\/comments?post=12327"}],"version-history":[{"count":1,"href":"https:\/\/www.koncevisiontv.cl\/web\/wp-json\/wp\/v2\/posts\/12327\/revisions"}],"predecessor-version":[{"id":12329,"href":"https:\/\/www.koncevisiontv.cl\/web\/wp-json\/wp\/v2\/posts\/12327\/revisions\/12329"}],"wp:featuredmedia":[{"embeddable":true,"href":"https:\/\/www.koncevisiontv.cl\/web\/wp-json\/wp\/v2\/media\/12328"}],"wp:attachment":[{"href":"https:\/\/www.koncevisiontv.cl\/web\/wp-json\/wp\/v2\/media?parent=12327"}],"wp:term":[{"taxonomy":"category","embeddable":true,"href":"https:\/\/www.koncevisiontv.cl\/web\/wp-json\/wp\/v2\/categories?post=12327"},{"taxonomy":"post_tag","embeddable":true,"href":"https:\/\/www.koncevisiontv.cl\/web\/wp-json\/wp\/v2\/tags?post=12327"}],"curies":[{"name":"wp","href":"https:\/\/api.w.org\/{rel}","templated":true}]}}