{"id":12330,"date":"2025-11-18T13:10:53","date_gmt":"2025-11-18T16:10:53","guid":{"rendered":"https:\/\/www.koncevisiontv.cl\/web\/?p=12330"},"modified":"2025-11-18T13:10:56","modified_gmt":"2025-11-18T16:10:56","slug":"balance-electoral-jeannette-jara-tuvo-deficit-de-mas-de-medio-millon-de-votos-respecto-a-sus-candidatos-al-congreso","status":"publish","type":"post","link":"https:\/\/www.koncevisiontv.cl\/web\/balance-electoral-jeannette-jara-tuvo-deficit-de-mas-de-medio-millon-de-votos-respecto-a-sus-candidatos-al-congreso\/","title":{"rendered":"Balance electoral: Jeannette Jara tuvo d\u00e9ficit de m\u00e1s de medio mill\u00f3n de votos respecto a sus candidatos al Congreso"},"content":{"rendered":"\n<p class=\"wp-block-paragraph\">El an\u00e1lisis de los resultados de la primera vuelta presidencial y parlamentaria revel\u00f3 una marcada diferencia en el desempe\u00f1o de los dos candidatos que avanzaron al balotaje. La candidata oficialista, Jeannette Jara, obtuvo en casi todo el pa\u00eds una votaci\u00f3n inferior a la de los partidos que la respaldaron en el Congreso.<\/p>\n\n\n\n<p class=\"wp-block-paragraph\">Sumando los votos de los dos pactos de diputados que apoyaron a Jara (Unidad por Chile y Verdes, Regionalistas y Humanistas), la candidata presidencial se qued\u00f3 con <strong>532.412 votos menos<\/strong> que sus aspirantes a legisladores a nivel nacional. En la elecci\u00f3n senatorial, la diferencia negativa fue de 209.463 votos. Este &#8220;voto cruzado&#8221; representa un importante segmento que Jara deber\u00e1 persuadir para la segunda vuelta.<\/p>\n\n\n\n<p class=\"wp-block-paragraph\">Solo en la <strong>Regi\u00f3n Metropolitana<\/strong> Jara logr\u00f3 superar la votaci\u00f3n de sus listas parlamentarias en cinco de los siete distritos. Su peor rendimiento se registr\u00f3 en el <strong>Distrito 17 (Maule Norte)<\/strong>, donde perdi\u00f3 72.881 votos en relaci\u00f3n a los pactos de apoyo.<\/p>\n\n\n\n<p class=\"wp-block-paragraph\"><strong><em>El Contraste con Kast:<\/em><\/strong><\/p>\n\n\n\n<p class=\"wp-block-paragraph\">Por el contrario, el abanderado republicano, Jos\u00e9 Antonio Kast, mostr\u00f3 un rendimiento superior al de sus partidos de apoyo (Republicanos y Partido Social Cristiano). Kast super\u00f3 en <strong>1,3 millones de votos<\/strong> la sumatoria de las candidaturas a diputado de sus pactos en todo Chile. La \u00fanica excepci\u00f3n donde tuvo un d\u00e9ficit fue en la senatorial de Tarapac\u00e1, debido al fuerte desempe\u00f1o del candidato Renzo Trisotti (REP).<\/p>\n\n\n\n<p class=\"wp-block-paragraph\">El balance evidencia que Kast logr\u00f3 movilizar un electorado m\u00e1s amplio e independiente de su base partidaria, mientras que Jara enfrenta el desaf\u00edo de convertir el apoyo de las listas oficialistas en votos directos para la presidencia.<\/p>\n","protected":false},"excerpt":{"rendered":"<p>El an\u00e1lisis de los resultados de la primera vuelta presidencial y parlamentaria revel\u00f3 una marcada diferencia en el<\/p>\n","protected":false},"author":5,"featured_media":12331,"comment_status":"open","ping_status":"open","sticky":false,"template":"","format":"standard","meta":{"_crdt_document":"","_uag_custom_page_level_css":"","_sitemap_exclude":false,"_sitemap_priority":"","_sitemap_frequency":"","_joinchat":[],"footnotes":""},"categories":[447,14,427,440],"tags":[152],"class_list":["post-12330","post","type-post","status-publish","format-standard","has-post-thumbnail","hentry","category-elecciones2025","category-nacional","category-politica-2","category-presidenciales-2025","tag-chile"],"featured_image_urls":{"full":["https:\/\/www.koncevisiontv.cl\/web\/wp-content\/uploads\/2025\/11\/file_20251117141809.jpg",709,360,false],"thumbnail":["https:\/\/www.koncevisiontv.cl\/web\/wp-content\/uploads\/2025\/11\/file_20251117141809-150x150.jpg",150,150,true],"medium":["https:\/\/www.koncevisiontv.cl\/web\/wp-content\/uploads\/2025\/11\/file_20251117141809-300x152.jpg",300,152,true],"medium_large":["https:\/\/www.koncevisiontv.cl\/web\/wp-content\/uploads\/2025\/11\/file_20251117141809.jpg",640,325,false],"large":["https:\/\/www.koncevisiontv.cl\/web\/wp-content\/uploads\/2025\/11\/file_20251117141809.jpg",640,325,false],"1536x1536":["https:\/\/www.koncevisiontv.cl\/web\/wp-content\/uploads\/2025\/11\/file_20251117141809.jpg",709,360,false],"2048x2048":["https:\/\/www.koncevisiontv.cl\/web\/wp-content\/uploads\/2025\/11\/file_20251117141809.jpg",709,360,false],"darknews-featured":["https:\/\/www.koncevisiontv.cl\/web\/wp-content\/uploads\/2025\/11\/file_20251117141809.jpg",709,360,false],"darknews-large":["https:\/\/www.koncevisiontv.cl\/web\/wp-content\/uploads\/2025\/11\/file_20251117141809.jpg",709,360,false],"darknews-medium":["https:\/\/www.koncevisiontv.cl\/web\/wp-content\/uploads\/2025\/11\/file_20251117141809-590x360.jpg",590,360,true]},"author_info":{"info":["Web-Master"]},"category_info":"<a href=\"https:\/\/www.koncevisiontv.cl\/web\/category\/elecciones2025\/\" rel=\"category tag\">Elecciones2025<\/a> <a href=\"https:\/\/www.koncevisiontv.cl\/web\/category\/nacional\/\" rel=\"category tag\">Nacional<\/a> <a href=\"https:\/\/www.koncevisiontv.cl\/web\/category\/politica-2\/\" rel=\"category tag\">Pol\u00edtica<\/a> <a href=\"https:\/\/www.koncevisiontv.cl\/web\/category\/presidenciales-2025\/\" rel=\"category tag\">Presidenciales 2025<\/a>","tag_info":"Presidenciales 2025","comment_count":"0","uagb_featured_image_src":{"full":["https:\/\/www.koncevisiontv.cl\/web\/wp-content\/uploads\/2025\/11\/file_20251117141809.jpg",709,360,false],"thumbnail":["https:\/\/www.koncevisiontv.cl\/web\/wp-content\/uploads\/2025\/11\/file_20251117141809-150x150.jpg",150,150,true],"medium":["https:\/\/www.koncevisiontv.cl\/web\/wp-content\/uploads\/2025\/11\/file_20251117141809-300x152.jpg",300,152,true],"medium_large":["https:\/\/www.koncevisiontv.cl\/web\/wp-content\/uploads\/2025\/11\/file_20251117141809.jpg",640,325,false],"large":["https:\/\/www.koncevisiontv.cl\/web\/wp-content\/uploads\/2025\/11\/file_20251117141809.jpg",640,325,false],"1536x1536":["https:\/\/www.koncevisiontv.cl\/web\/wp-content\/uploads\/2025\/11\/file_20251117141809.jpg",709,360,false],"2048x2048":["https:\/\/www.koncevisiontv.cl\/web\/wp-content\/uploads\/2025\/11\/file_20251117141809.jpg",709,360,false],"darknews-featured":["https:\/\/www.koncevisiontv.cl\/web\/wp-content\/uploads\/2025\/11\/file_20251117141809.jpg",709,360,false],"darknews-large":["https:\/\/www.koncevisiontv.cl\/web\/wp-content\/uploads\/2025\/11\/file_20251117141809.jpg",709,360,false],"darknews-medium":["https:\/\/www.koncevisiontv.cl\/web\/wp-content\/uploads\/2025\/11\/file_20251117141809-590x360.jpg",590,360,true]},"uagb_author_info":{"display_name":"Web-Master","author_link":"https:\/\/www.koncevisiontv.cl\/web\/author\/koncevision\/"},"uagb_comment_info":0,"uagb_excerpt":"El an\u00e1lisis de los resultados de la primera vuelta presidencial y parlamentaria revel\u00f3 una marcada diferencia en el","_links":{"self":[{"href":"https:\/\/www.koncevisiontv.cl\/web\/wp-json\/wp\/v2\/posts\/12330","targetHints":{"allow":["GET"]}}],"collection":[{"href":"https:\/\/www.koncevisiontv.cl\/web\/wp-json\/wp\/v2\/posts"}],"about":[{"href":"https:\/\/www.koncevisiontv.cl\/web\/wp-json\/wp\/v2\/types\/post"}],"author":[{"embeddable":true,"href":"https:\/\/www.koncevisiontv.cl\/web\/wp-json\/wp\/v2\/users\/5"}],"replies":[{"embeddable":true,"href":"https:\/\/www.koncevisiontv.cl\/web\/wp-json\/wp\/v2\/comments?post=12330"}],"version-history":[{"count":1,"href":"https:\/\/www.koncevisiontv.cl\/web\/wp-json\/wp\/v2\/posts\/12330\/revisions"}],"predecessor-version":[{"id":12332,"href":"https:\/\/www.koncevisiontv.cl\/web\/wp-json\/wp\/v2\/posts\/12330\/revisions\/12332"}],"wp:featuredmedia":[{"embeddable":true,"href":"https:\/\/www.koncevisiontv.cl\/web\/wp-json\/wp\/v2\/media\/12331"}],"wp:attachment":[{"href":"https:\/\/www.koncevisiontv.cl\/web\/wp-json\/wp\/v2\/media?parent=12330"}],"wp:term":[{"taxonomy":"category","embeddable":true,"href":"https:\/\/www.koncevisiontv.cl\/web\/wp-json\/wp\/v2\/categories?post=12330"},{"taxonomy":"post_tag","embeddable":true,"href":"https:\/\/www.koncevisiontv.cl\/web\/wp-json\/wp\/v2\/tags?post=12330"}],"curies":[{"name":"wp","href":"https:\/\/api.w.org\/{rel}","templated":true}]}}