{"id":12333,"date":"2025-11-18T13:35:15","date_gmt":"2025-11-18T16:35:15","guid":{"rendered":"https:\/\/www.koncevisiontv.cl\/web\/?p=12333"},"modified":"2025-11-18T13:35:18","modified_gmt":"2025-11-18T16:35:18","slug":"franco-parisi-evita-respaldo-explicito-a-finalistas-y-vislumbra-malos-gobiernos-bajo-jara-o-kast","status":"publish","type":"post","link":"https:\/\/www.koncevisiontv.cl\/web\/franco-parisi-evita-respaldo-explicito-a-finalistas-y-vislumbra-malos-gobiernos-bajo-jara-o-kast\/","title":{"rendered":"Franco Parisi evita respaldo expl\u00edcito a finalistas y vislumbra &#8220;malos gobiernos&#8221; bajo Jara o Kast"},"content":{"rendered":"\n<p class=\"wp-block-paragraph\">El excandidato presidencial del Partido de la Gente (PDG), Franco Parisi, se refiri\u00f3 al escenario de segunda vuelta tras su sorpresivo tercer lugar, confirmando que no entregar\u00e1 su apoyo a ninguno de los finalistas, Jeannette Jara o Jos\u00e9 Antonio Kast, sin antes consultar a sus seguidores. Parisi lanz\u00f3 duras cr\u00edticas a ambos, anticipando que <strong>&#8220;Los dos van a ser malos gobiernos&#8221;<\/strong>.<\/p>\n\n\n\n<p class=\"wp-block-paragraph\">En entrevista con Radio B\u00edo B\u00edo, el l\u00edder del PDG cuestion\u00f3 que la elecci\u00f3n se haya reducido a una encrucijada entre <strong>&#8220;facho y comunacho&#8221;<\/strong>, y desliz\u00f3 la posibilidad de que sus votantes opten por el voto nulo o blanco.<\/p>\n\n\n\n<p class=\"wp-block-paragraph\"><strong><em>An\u00e1lisis Estrat\u00e9gico de la Derecha:<\/em><\/strong><\/p>\n\n\n\n<p class=\"wp-block-paragraph\">Parisi elucubr\u00f3 sobre la din\u00e1mica interna de la derecha, sugiriendo que la victoria de Kast no es segura y que al grupo cercano a Johannes Kaiser le convendr\u00eda una victoria de Jara. Argument\u00f3 que una derrota de Kast mantendr\u00eda a Kaiser como la figura principal de la oposici\u00f3n para 2029, mientras que su triunfo lo opacar\u00eda. <strong>&#8220;Al grupo de Kaiser le conviene que gane Jara&#8221;<\/strong>, sentenci\u00f3.<\/p>\n\n\n\n<p class=\"wp-block-paragraph\">Respecto a los llamados de apoyo de ambos comandos, Parisi confirm\u00f3 haber sido contactado por &#8220;personas en com\u00fan&#8221;, pero se neg\u00f3 a ceder sus votos: <strong>&#8220;No voy a contestar, que se ganen los votos ellos, que se saquen la cresta&#8221;<\/strong>.<\/p>\n\n\n\n<p class=\"wp-block-paragraph\"><strong><em>Proyecciones de Gobierno y Futuro Pol\u00edtico:<\/em><\/strong><\/p>\n\n\n\n<p class=\"wp-block-paragraph\">Parisi descart\u00f3 tajantemente participar como ministro en cualquiera de las futuras administraciones. Sobre los desaf\u00edos que vienen, alert\u00f3 que ser\u00e1n &#8220;muy dif\u00edciles&#8221;:<\/p>\n\n\n\n<p class=\"wp-block-paragraph\">Si gana <strong>Jara<\/strong>, advierte que &#8220;van a seguir gastando plata como loco&#8221; y que podr\u00edan recurrir a los bancos.<\/p>\n\n\n\n<p class=\"wp-block-paragraph\">Si gana <strong>Kast<\/strong>, anticipa que &#8220;claramente va a cortar apoyos sociales&#8221;.<\/p>\n\n\n\n<p class=\"wp-block-paragraph\">Finalmente, Parisi confirm\u00f3 su intenci\u00f3n de quedarse en Chile por un largo periodo para dedicarse a su partido y a su bancada de diputados, buscando evitar una nueva disoluci\u00f3n como la ocurrida en el pasado.<\/p>\n","protected":false},"excerpt":{"rendered":"<p>El excandidato presidencial del Partido de la Gente (PDG), Franco Parisi, se refiri\u00f3 al escenario de segunda vuelta<\/p>\n","protected":false},"author":5,"featured_media":12334,"comment_status":"open","ping_status":"open","sticky":false,"template":"","format":"standard","meta":{"_crdt_document":"","_uag_custom_page_level_css":"","_sitemap_exclude":false,"_sitemap_priority":"","_sitemap_frequency":"","_joinchat":[],"footnotes":""},"categories":[447,14,427,440],"tags":[152],"class_list":["post-12333","post","type-post","status-publish","format-standard","has-post-thumbnail","hentry","category-elecciones2025","category-nacional","category-politica-2","category-presidenciales-2025","tag-chile"],"featured_image_urls":{"full":["https:\/\/www.koncevisiontv.cl\/web\/wp-content\/uploads\/2025\/11\/OCOAIM2MSREF5L4J2AXAJW6LCE.avif",414,276,false],"thumbnail":["https:\/\/www.koncevisiontv.cl\/web\/wp-content\/uploads\/2025\/11\/OCOAIM2MSREF5L4J2AXAJW6LCE-150x150.avif",150,150,true],"medium":["https:\/\/www.koncevisiontv.cl\/web\/wp-content\/uploads\/2025\/11\/OCOAIM2MSREF5L4J2AXAJW6LCE-300x200.avif",300,200,true],"medium_large":["https:\/\/www.koncevisiontv.cl\/web\/wp-content\/uploads\/2025\/11\/OCOAIM2MSREF5L4J2AXAJW6LCE.avif",414,276,false],"large":["https:\/\/www.koncevisiontv.cl\/web\/wp-content\/uploads\/2025\/11\/OCOAIM2MSREF5L4J2AXAJW6LCE.avif",414,276,false],"1536x1536":["https:\/\/www.koncevisiontv.cl\/web\/wp-content\/uploads\/2025\/11\/OCOAIM2MSREF5L4J2AXAJW6LCE.avif",414,276,false],"2048x2048":["https:\/\/www.koncevisiontv.cl\/web\/wp-content\/uploads\/2025\/11\/OCOAIM2MSREF5L4J2AXAJW6LCE.avif",414,276,false],"darknews-featured":["https:\/\/www.koncevisiontv.cl\/web\/wp-content\/uploads\/2025\/11\/OCOAIM2MSREF5L4J2AXAJW6LCE.avif",414,276,false],"darknews-large":["https:\/\/www.koncevisiontv.cl\/web\/wp-content\/uploads\/2025\/11\/OCOAIM2MSREF5L4J2AXAJW6LCE.avif",414,276,false],"darknews-medium":["https:\/\/www.koncevisiontv.cl\/web\/wp-content\/uploads\/2025\/11\/OCOAIM2MSREF5L4J2AXAJW6LCE.avif",414,276,false]},"author_info":{"info":["Web-Master"]},"category_info":"<a href=\"https:\/\/www.koncevisiontv.cl\/web\/category\/elecciones2025\/\" rel=\"category tag\">Elecciones2025<\/a> <a href=\"https:\/\/www.koncevisiontv.cl\/web\/category\/nacional\/\" rel=\"category tag\">Nacional<\/a> <a href=\"https:\/\/www.koncevisiontv.cl\/web\/category\/politica-2\/\" rel=\"category tag\">Pol\u00edtica<\/a> <a href=\"https:\/\/www.koncevisiontv.cl\/web\/category\/presidenciales-2025\/\" rel=\"category tag\">Presidenciales 2025<\/a>","tag_info":"Presidenciales 2025","comment_count":"0","uagb_featured_image_src":{"full":["https:\/\/www.koncevisiontv.cl\/web\/wp-content\/uploads\/2025\/11\/OCOAIM2MSREF5L4J2AXAJW6LCE.avif",414,276,false],"thumbnail":["https:\/\/www.koncevisiontv.cl\/web\/wp-content\/uploads\/2025\/11\/OCOAIM2MSREF5L4J2AXAJW6LCE-150x150.avif",150,150,true],"medium":["https:\/\/www.koncevisiontv.cl\/web\/wp-content\/uploads\/2025\/11\/OCOAIM2MSREF5L4J2AXAJW6LCE-300x200.avif",300,200,true],"medium_large":["https:\/\/www.koncevisiontv.cl\/web\/wp-content\/uploads\/2025\/11\/OCOAIM2MSREF5L4J2AXAJW6LCE.avif",414,276,false],"large":["https:\/\/www.koncevisiontv.cl\/web\/wp-content\/uploads\/2025\/11\/OCOAIM2MSREF5L4J2AXAJW6LCE.avif",414,276,false],"1536x1536":["https:\/\/www.koncevisiontv.cl\/web\/wp-content\/uploads\/2025\/11\/OCOAIM2MSREF5L4J2AXAJW6LCE.avif",414,276,false],"2048x2048":["https:\/\/www.koncevisiontv.cl\/web\/wp-content\/uploads\/2025\/11\/OCOAIM2MSREF5L4J2AXAJW6LCE.avif",414,276,false],"darknews-featured":["https:\/\/www.koncevisiontv.cl\/web\/wp-content\/uploads\/2025\/11\/OCOAIM2MSREF5L4J2AXAJW6LCE.avif",414,276,false],"darknews-large":["https:\/\/www.koncevisiontv.cl\/web\/wp-content\/uploads\/2025\/11\/OCOAIM2MSREF5L4J2AXAJW6LCE.avif",414,276,false],"darknews-medium":["https:\/\/www.koncevisiontv.cl\/web\/wp-content\/uploads\/2025\/11\/OCOAIM2MSREF5L4J2AXAJW6LCE.avif",414,276,false]},"uagb_author_info":{"display_name":"Web-Master","author_link":"https:\/\/www.koncevisiontv.cl\/web\/author\/koncevision\/"},"uagb_comment_info":0,"uagb_excerpt":"El excandidato presidencial del Partido de la Gente (PDG), Franco Parisi, se refiri\u00f3 al escenario de segunda vuelta","_links":{"self":[{"href":"https:\/\/www.koncevisiontv.cl\/web\/wp-json\/wp\/v2\/posts\/12333","targetHints":{"allow":["GET"]}}],"collection":[{"href":"https:\/\/www.koncevisiontv.cl\/web\/wp-json\/wp\/v2\/posts"}],"about":[{"href":"https:\/\/www.koncevisiontv.cl\/web\/wp-json\/wp\/v2\/types\/post"}],"author":[{"embeddable":true,"href":"https:\/\/www.koncevisiontv.cl\/web\/wp-json\/wp\/v2\/users\/5"}],"replies":[{"embeddable":true,"href":"https:\/\/www.koncevisiontv.cl\/web\/wp-json\/wp\/v2\/comments?post=12333"}],"version-history":[{"count":1,"href":"https:\/\/www.koncevisiontv.cl\/web\/wp-json\/wp\/v2\/posts\/12333\/revisions"}],"predecessor-version":[{"id":12335,"href":"https:\/\/www.koncevisiontv.cl\/web\/wp-json\/wp\/v2\/posts\/12333\/revisions\/12335"}],"wp:featuredmedia":[{"embeddable":true,"href":"https:\/\/www.koncevisiontv.cl\/web\/wp-json\/wp\/v2\/media\/12334"}],"wp:attachment":[{"href":"https:\/\/www.koncevisiontv.cl\/web\/wp-json\/wp\/v2\/media?parent=12333"}],"wp:term":[{"taxonomy":"category","embeddable":true,"href":"https:\/\/www.koncevisiontv.cl\/web\/wp-json\/wp\/v2\/categories?post=12333"},{"taxonomy":"post_tag","embeddable":true,"href":"https:\/\/www.koncevisiontv.cl\/web\/wp-json\/wp\/v2\/tags?post=12333"}],"curies":[{"name":"wp","href":"https:\/\/api.w.org\/{rel}","templated":true}]}}