{"id":12351,"date":"2025-11-18T16:40:21","date_gmt":"2025-11-18T19:40:21","guid":{"rendered":"https:\/\/www.koncevisiontv.cl\/web\/?p=12351"},"modified":"2025-11-18T16:40:24","modified_gmt":"2025-11-18T19:40:24","slug":"gran-incendio-en-vina-del-mar-al-menos-cuatro-locales-comerciales-afectados-y-61-mil-clientes-quedan-sin-suministro-electrico","status":"publish","type":"post","link":"https:\/\/www.koncevisiontv.cl\/web\/gran-incendio-en-vina-del-mar-al-menos-cuatro-locales-comerciales-afectados-y-61-mil-clientes-quedan-sin-suministro-electrico\/","title":{"rendered":"Gran incendio en Vi\u00f1a del Mar: Al menos cuatro locales comerciales afectados y 61 mil clientes quedan sin suministro el\u00e9ctrico"},"content":{"rendered":"\n<p class=\"wp-block-paragraph\">Un incendio de gran magnitud se desat\u00f3 este martes en el centro de Vi\u00f1a del Mar, Regi\u00f3n de Valpara\u00edso, afectando gravemente a un m\u00ednimo de <strong>cuatro locales comerciales<\/strong> ubicados en la calle Arlegui.<\/p>\n\n\n\n<p class=\"wp-block-paragraph\">Debido a la voracidad del fuego y el &#8220;peligro de propagaci\u00f3n inminente&#8221;, se moviliz\u00f3 un amplio operativo que incluy\u00f3 cerca de <strong>20 unidades de Bomberos<\/strong>, con apoyo de los cuerpos de Vi\u00f1a del Mar y Valpara\u00edso, quienes utilizaron una escalera telesc\u00f3pica para contener el siniestro.<\/p>\n\n\n\n<p class=\"wp-block-paragraph\">La emergencia gener\u00f3 consecuencias en el suministro b\u00e1sico: CGE inform\u00f3 que fue necesario <strong>cortar la energ\u00eda el\u00e9ctrica<\/strong> en sectores de Vi\u00f1a del Mar y Valpara\u00edso, afectando a <strong>61 mil clientes<\/strong>. La medida se tom\u00f3 porque el incendio se desarroll\u00f3 en las cercan\u00edas de la subestaci\u00f3n el\u00e9ctrica Marga Marga.<\/p>\n\n\n\n<p class=\"wp-block-paragraph\">El comandante del Cuerpo de Bomberos de Vi\u00f1a del Mar, Sebasti\u00e1n P\u00e1ez, confirm\u00f3 que la emergencia fue contenida, aunque se debi\u00f3 proceder a evacuar los locales aleda\u00f1os y realizar desv\u00edos de tr\u00e1nsito en el centro de la ciudad. El origen y la causa del siniestro ser\u00e1n materia de investigaci\u00f3n.<\/p>\n","protected":false},"excerpt":{"rendered":"<p>Un incendio de gran magnitud se desat\u00f3 este martes en el centro de Vi\u00f1a del Mar, Regi\u00f3n de<\/p>\n","protected":false},"author":5,"featured_media":12352,"comment_status":"open","ping_status":"open","sticky":false,"template":"","format":"standard","meta":{"_crdt_document":"","_uag_custom_page_level_css":"","_sitemap_exclude":false,"_sitemap_priority":"","_sitemap_frequency":"","_joinchat":[],"footnotes":""},"categories":[488,14,477],"tags":[476],"class_list":["post-12351","post","type-post","status-publish","format-standard","has-post-thumbnail","hentry","category-accidente","category-nacional","category-vina-del-mar","tag-region-de-valparaiso"],"featured_image_urls":{"full":["https:\/\/www.koncevisiontv.cl\/web\/wp-content\/uploads\/2025\/11\/incendio-1.webp",1600,900,false],"thumbnail":["https:\/\/www.koncevisiontv.cl\/web\/wp-content\/uploads\/2025\/11\/incendio-1-150x150.webp",150,150,true],"medium":["https:\/\/www.koncevisiontv.cl\/web\/wp-content\/uploads\/2025\/11\/incendio-1-300x169.webp",300,169,true],"medium_large":["https:\/\/www.koncevisiontv.cl\/web\/wp-content\/uploads\/2025\/11\/incendio-1-768x432.webp",640,360,true],"large":["https:\/\/www.koncevisiontv.cl\/web\/wp-content\/uploads\/2025\/11\/incendio-1-1024x576.webp",640,360,true],"1536x1536":["https:\/\/www.koncevisiontv.cl\/web\/wp-content\/uploads\/2025\/11\/incendio-1-1536x864.webp",1536,864,true],"2048x2048":["https:\/\/www.koncevisiontv.cl\/web\/wp-content\/uploads\/2025\/11\/incendio-1.webp",1600,900,false],"darknews-featured":["https:\/\/www.koncevisiontv.cl\/web\/wp-content\/uploads\/2025\/11\/incendio-1-1024x576.webp",1024,576,true],"darknews-large":["https:\/\/www.koncevisiontv.cl\/web\/wp-content\/uploads\/2025\/11\/incendio-1-825x575.webp",825,575,true],"darknews-medium":["https:\/\/www.koncevisiontv.cl\/web\/wp-content\/uploads\/2025\/11\/incendio-1-590x410.webp",590,410,true]},"author_info":{"info":["Web-Master"]},"category_info":"<a href=\"https:\/\/www.koncevisiontv.cl\/web\/category\/accidente\/\" rel=\"category tag\">Accidente<\/a> <a href=\"https:\/\/www.koncevisiontv.cl\/web\/category\/nacional\/\" rel=\"category tag\">Nacional<\/a> <a href=\"https:\/\/www.koncevisiontv.cl\/web\/category\/vina-del-mar\/\" rel=\"category tag\">Vi\u00f1a del Mar<\/a>","tag_info":"Vi\u00f1a del Mar","comment_count":"0","uagb_featured_image_src":{"full":["https:\/\/www.koncevisiontv.cl\/web\/wp-content\/uploads\/2025\/11\/incendio-1.webp",1600,900,false],"thumbnail":["https:\/\/www.koncevisiontv.cl\/web\/wp-content\/uploads\/2025\/11\/incendio-1-150x150.webp",150,150,true],"medium":["https:\/\/www.koncevisiontv.cl\/web\/wp-content\/uploads\/2025\/11\/incendio-1-300x169.webp",300,169,true],"medium_large":["https:\/\/www.koncevisiontv.cl\/web\/wp-content\/uploads\/2025\/11\/incendio-1-768x432.webp",640,360,true],"large":["https:\/\/www.koncevisiontv.cl\/web\/wp-content\/uploads\/2025\/11\/incendio-1-1024x576.webp",640,360,true],"1536x1536":["https:\/\/www.koncevisiontv.cl\/web\/wp-content\/uploads\/2025\/11\/incendio-1-1536x864.webp",1536,864,true],"2048x2048":["https:\/\/www.koncevisiontv.cl\/web\/wp-content\/uploads\/2025\/11\/incendio-1.webp",1600,900,false],"darknews-featured":["https:\/\/www.koncevisiontv.cl\/web\/wp-content\/uploads\/2025\/11\/incendio-1-1024x576.webp",1024,576,true],"darknews-large":["https:\/\/www.koncevisiontv.cl\/web\/wp-content\/uploads\/2025\/11\/incendio-1-825x575.webp",825,575,true],"darknews-medium":["https:\/\/www.koncevisiontv.cl\/web\/wp-content\/uploads\/2025\/11\/incendio-1-590x410.webp",590,410,true]},"uagb_author_info":{"display_name":"Web-Master","author_link":"https:\/\/www.koncevisiontv.cl\/web\/author\/koncevision\/"},"uagb_comment_info":0,"uagb_excerpt":"Un incendio de gran magnitud se desat\u00f3 este martes en el centro de Vi\u00f1a del Mar, Regi\u00f3n de","_links":{"self":[{"href":"https:\/\/www.koncevisiontv.cl\/web\/wp-json\/wp\/v2\/posts\/12351","targetHints":{"allow":["GET"]}}],"collection":[{"href":"https:\/\/www.koncevisiontv.cl\/web\/wp-json\/wp\/v2\/posts"}],"about":[{"href":"https:\/\/www.koncevisiontv.cl\/web\/wp-json\/wp\/v2\/types\/post"}],"author":[{"embeddable":true,"href":"https:\/\/www.koncevisiontv.cl\/web\/wp-json\/wp\/v2\/users\/5"}],"replies":[{"embeddable":true,"href":"https:\/\/www.koncevisiontv.cl\/web\/wp-json\/wp\/v2\/comments?post=12351"}],"version-history":[{"count":1,"href":"https:\/\/www.koncevisiontv.cl\/web\/wp-json\/wp\/v2\/posts\/12351\/revisions"}],"predecessor-version":[{"id":12353,"href":"https:\/\/www.koncevisiontv.cl\/web\/wp-json\/wp\/v2\/posts\/12351\/revisions\/12353"}],"wp:featuredmedia":[{"embeddable":true,"href":"https:\/\/www.koncevisiontv.cl\/web\/wp-json\/wp\/v2\/media\/12352"}],"wp:attachment":[{"href":"https:\/\/www.koncevisiontv.cl\/web\/wp-json\/wp\/v2\/media?parent=12351"}],"wp:term":[{"taxonomy":"category","embeddable":true,"href":"https:\/\/www.koncevisiontv.cl\/web\/wp-json\/wp\/v2\/categories?post=12351"},{"taxonomy":"post_tag","embeddable":true,"href":"https:\/\/www.koncevisiontv.cl\/web\/wp-json\/wp\/v2\/tags?post=12351"}],"curies":[{"name":"wp","href":"https:\/\/api.w.org\/{rel}","templated":true}]}}