{"id":1239,"date":"2024-08-26T16:14:35","date_gmt":"2024-08-26T20:14:35","guid":{"rendered":"https:\/\/www.koncevisiontv.cl\/web\/?p=1239"},"modified":"2024-08-26T17:42:54","modified_gmt":"2024-08-26T21:42:54","slug":"apunalamiento-en-carcel-de-concepcion","status":"publish","type":"post","link":"https:\/\/www.koncevisiontv.cl\/web\/apunalamiento-en-carcel-de-concepcion\/","title":{"rendered":"Apu\u00f1alamiento De Gendarme en c\u00e1rcel de Concepci\u00f3n"},"content":{"rendered":"<h2>Reos Apu\u00f1alan a Gendarme en Concepci\u00f3n: Venganza por Incautaci\u00f3n de Armas<\/h2>\n<p><img loading=\"lazy\" decoding=\"async\" class=\"size-full wp-image-1240 alignnone\" src=\"https:\/\/www.koncevisiontv.cl\/web\/wp-content\/uploads\/2024\/08\/gendarmeria.webp\" alt=\"Un gendarme fue apu\u00f1alado\" width=\"1267\" height=\"424\" title=\"\" srcset=\"https:\/\/www.koncevisiontv.cl\/web\/wp-content\/uploads\/2024\/08\/gendarmeria.webp 1267w, https:\/\/www.koncevisiontv.cl\/web\/wp-content\/uploads\/2024\/08\/gendarmeria-300x100.webp 300w, https:\/\/www.koncevisiontv.cl\/web\/wp-content\/uploads\/2024\/08\/gendarmeria-1024x343.webp 1024w, https:\/\/www.koncevisiontv.cl\/web\/wp-content\/uploads\/2024\/08\/gendarmeria-768x257.webp 768w\" sizes=\"auto, (max-width: 1267px) 100vw, 1267px\" \/><\/p>\n<p>Un grave incidente ocurri\u00f3 en el penal B\u00edo B\u00edo en Concepci\u00f3n, donde un gendarme fue brutalmente apu\u00f1alado por dos internos. Este ataque, que dej\u00f3 al funcionario con m\u00faltiples heridas, incluyendo un corte en el t\u00f3rax y una pu\u00f1alada en el muslo derecho, fue una represalia orquestada por otros reclusos despu\u00e9s de que se incautaran armas blancas en el recinto.<\/p>\n<p>El incidente tuvo lugar luego de un procedimiento de registro en el m\u00f3dulo 52, donde se descubrieron elementos cortopunzantes en posesi\u00f3n de dos reos. Estos detenidos, al verse descubiertos, amenazaron al gendarme responsable, prometiendo vengarse tanto dentro como fuera de la c\u00e1rcel.<\/p>\n<p>Poco despu\u00e9s, cuando el funcionario regres\u00f3 al m\u00f3dulo para entregar medicamentos, fue atacado por dos imputados armados. Durante el forcejeo, lograron derribarlo al suelo, pero gracias a la r\u00e1pida intervenci\u00f3n del personal de apoyo, fue trasladado de inmediato al hospital penal y luego a un centro asistencial externo.<\/p>\n<p>Marcelo Alarc\u00f3n, presidente de la Asociaci\u00f3n Nacional de Funcionarios Penitenciarios, inform\u00f3 que el chaleco anticortes que portaba el gendarme impidi\u00f3 que las heridas fueran fatales. Alarc\u00f3n tambi\u00e9n destac\u00f3 que, con el aumento del crimen organizado, los funcionarios enfrentan amenazas tanto dentro como fuera de las prisiones.<\/p>\n<p>Los internos responsables del ataque admitieron haberlo hecho bajo \u00f3rdenes de los reos previamente detenidos. Ante la gravedad de los hechos, Gendarmer\u00eda remiti\u00f3 los antecedentes a la fiscal\u00eda de Concepci\u00f3n, mientras que el mando regional orden\u00f3 una investigaci\u00f3n interna para esclarecer el incidente. Adem\u00e1s, se decidi\u00f3 el traslado inmediato de los reclusos involucrados fuera de la regi\u00f3n, tanto de aquellos que pose\u00edan las armas blancas como de los que participaron en el ataque.<\/p>\n<p>Este violento episodio subraya los crecientes desaf\u00edos de seguridad que enfrentan los funcionarios penitenciarios en Chile, especialmente en un contexto donde el crimen organizado sigue ganando terreno tanto dentro como fuera de las c\u00e1rceles.<\/p>\n","protected":false},"excerpt":{"rendered":"<p>Reos Apu\u00f1alan a Gendarme en Concepci\u00f3n: Venganza por Incautaci\u00f3n de Armas Un grave incidente ocurri\u00f3 en el penal<\/p>\n","protected":false},"author":5,"featured_media":1240,"comment_status":"open","ping_status":"open","sticky":false,"template":"","format":"standard","meta":{"_crdt_document":"","_uag_custom_page_level_css":"","_sitemap_exclude":false,"_sitemap_priority":"","_sitemap_frequency":"","_joinchat":[],"footnotes":""},"categories":[1,205,14,137],"tags":[],"class_list":["post-1239","post","type-post","status-publish","format-standard","has-post-thumbnail","hentry","category-bio-bio","category-impacto","category-nacional","category-policial"],"featured_image_urls":{"full":["https:\/\/www.koncevisiontv.cl\/web\/wp-content\/uploads\/2024\/08\/gendarmeria.webp",1267,424,false],"thumbnail":["https:\/\/www.koncevisiontv.cl\/web\/wp-content\/uploads\/2024\/08\/gendarmeria-150x150.webp",150,150,true],"medium":["https:\/\/www.koncevisiontv.cl\/web\/wp-content\/uploads\/2024\/08\/gendarmeria-300x100.webp",300,100,true],"medium_large":["https:\/\/www.koncevisiontv.cl\/web\/wp-content\/uploads\/2024\/08\/gendarmeria-768x257.webp",640,214,true],"large":["https:\/\/www.koncevisiontv.cl\/web\/wp-content\/uploads\/2024\/08\/gendarmeria-1024x343.webp",640,214,true],"1536x1536":["https:\/\/www.koncevisiontv.cl\/web\/wp-content\/uploads\/2024\/08\/gendarmeria.webp",1267,424,false],"2048x2048":["https:\/\/www.koncevisiontv.cl\/web\/wp-content\/uploads\/2024\/08\/gendarmeria.webp",1267,424,false],"darknews-featured":["https:\/\/www.koncevisiontv.cl\/web\/wp-content\/uploads\/2024\/08\/gendarmeria-1024x343.webp",1024,343,true],"darknews-large":["https:\/\/www.koncevisiontv.cl\/web\/wp-content\/uploads\/2024\/08\/gendarmeria-825x424.webp",825,424,true],"darknews-medium":["https:\/\/www.koncevisiontv.cl\/web\/wp-content\/uploads\/2024\/08\/gendarmeria-590x410.webp",590,410,true]},"author_info":{"info":["Web-Master"]},"category_info":"<a href=\"https:\/\/www.koncevisiontv.cl\/web\/category\/bio-bio\/\" rel=\"category tag\">Bio-B\u00edo<\/a> <a href=\"https:\/\/www.koncevisiontv.cl\/web\/category\/impacto\/\" rel=\"category tag\">Impacto<\/a> <a href=\"https:\/\/www.koncevisiontv.cl\/web\/category\/nacional\/\" rel=\"category tag\">Nacional<\/a> <a href=\"https:\/\/www.koncevisiontv.cl\/web\/category\/policial\/\" rel=\"category tag\">Policial<\/a>","tag_info":"Policial","comment_count":"0","uagb_featured_image_src":{"full":["https:\/\/www.koncevisiontv.cl\/web\/wp-content\/uploads\/2024\/08\/gendarmeria.webp",1267,424,false],"thumbnail":["https:\/\/www.koncevisiontv.cl\/web\/wp-content\/uploads\/2024\/08\/gendarmeria-150x150.webp",150,150,true],"medium":["https:\/\/www.koncevisiontv.cl\/web\/wp-content\/uploads\/2024\/08\/gendarmeria-300x100.webp",300,100,true],"medium_large":["https:\/\/www.koncevisiontv.cl\/web\/wp-content\/uploads\/2024\/08\/gendarmeria-768x257.webp",640,214,true],"large":["https:\/\/www.koncevisiontv.cl\/web\/wp-content\/uploads\/2024\/08\/gendarmeria-1024x343.webp",640,214,true],"1536x1536":["https:\/\/www.koncevisiontv.cl\/web\/wp-content\/uploads\/2024\/08\/gendarmeria.webp",1267,424,false],"2048x2048":["https:\/\/www.koncevisiontv.cl\/web\/wp-content\/uploads\/2024\/08\/gendarmeria.webp",1267,424,false],"darknews-featured":["https:\/\/www.koncevisiontv.cl\/web\/wp-content\/uploads\/2024\/08\/gendarmeria-1024x343.webp",1024,343,true],"darknews-large":["https:\/\/www.koncevisiontv.cl\/web\/wp-content\/uploads\/2024\/08\/gendarmeria-825x424.webp",825,424,true],"darknews-medium":["https:\/\/www.koncevisiontv.cl\/web\/wp-content\/uploads\/2024\/08\/gendarmeria-590x410.webp",590,410,true]},"uagb_author_info":{"display_name":"Web-Master","author_link":"https:\/\/www.koncevisiontv.cl\/web\/author\/koncevision\/"},"uagb_comment_info":0,"uagb_excerpt":"Reos Apu\u00f1alan a Gendarme en Concepci\u00f3n: Venganza por Incautaci\u00f3n de Armas Un grave incidente ocurri\u00f3 en el penal","_links":{"self":[{"href":"https:\/\/www.koncevisiontv.cl\/web\/wp-json\/wp\/v2\/posts\/1239","targetHints":{"allow":["GET"]}}],"collection":[{"href":"https:\/\/www.koncevisiontv.cl\/web\/wp-json\/wp\/v2\/posts"}],"about":[{"href":"https:\/\/www.koncevisiontv.cl\/web\/wp-json\/wp\/v2\/types\/post"}],"author":[{"embeddable":true,"href":"https:\/\/www.koncevisiontv.cl\/web\/wp-json\/wp\/v2\/users\/5"}],"replies":[{"embeddable":true,"href":"https:\/\/www.koncevisiontv.cl\/web\/wp-json\/wp\/v2\/comments?post=1239"}],"version-history":[{"count":3,"href":"https:\/\/www.koncevisiontv.cl\/web\/wp-json\/wp\/v2\/posts\/1239\/revisions"}],"predecessor-version":[{"id":1243,"href":"https:\/\/www.koncevisiontv.cl\/web\/wp-json\/wp\/v2\/posts\/1239\/revisions\/1243"}],"wp:featuredmedia":[{"embeddable":true,"href":"https:\/\/www.koncevisiontv.cl\/web\/wp-json\/wp\/v2\/media\/1240"}],"wp:attachment":[{"href":"https:\/\/www.koncevisiontv.cl\/web\/wp-json\/wp\/v2\/media?parent=1239"}],"wp:term":[{"taxonomy":"category","embeddable":true,"href":"https:\/\/www.koncevisiontv.cl\/web\/wp-json\/wp\/v2\/categories?post=1239"},{"taxonomy":"post_tag","embeddable":true,"href":"https:\/\/www.koncevisiontv.cl\/web\/wp-json\/wp\/v2\/tags?post=1239"}],"curies":[{"name":"wp","href":"https:\/\/api.w.org\/{rel}","templated":true}]}}