{"id":12390,"date":"2025-11-19T15:18:37","date_gmt":"2025-11-19T18:18:37","guid":{"rendered":"https:\/\/www.koncevisiontv.cl\/web\/?p=12390"},"modified":"2025-11-19T15:18:40","modified_gmt":"2025-11-19T18:18:40","slug":"presidente-petro-transparenta-sus-gastos-revela-compras-de-lujo-y-visita-a-un-club-de-striptease-tras-ser-vinculado-a-lista-de-ilegales-de-ee-uu","status":"publish","type":"post","link":"https:\/\/www.koncevisiontv.cl\/web\/presidente-petro-transparenta-sus-gastos-revela-compras-de-lujo-y-visita-a-un-club-de-striptease-tras-ser-vinculado-a-lista-de-ilegales-de-ee-uu\/","title":{"rendered":"Presidente Petro transparenta sus gastos: Revela compras de lujo y visita a un club de striptease tras ser vinculado a lista de ilegales de EE. UU."},"content":{"rendered":"\n<p class=\"wp-block-paragraph\">El presidente de Colombia, Gustavo Petro, orden\u00f3 la publicaci\u00f3n de sus movimientos bancarios personales desde 2022 hasta junio de este a\u00f1o, en respuesta a su inclusi\u00f3n por la Oficina de Control de Bienes Extranjeros de Estados Unidos en una lista de personas presuntamente vinculadas a actividades ilegales.<\/p>\n\n\n\n<p class=\"wp-block-paragraph\">Petro anunci\u00f3 la medida en redes sociales, se\u00f1alando que, ante la <strong>&#8220;groser\u00eda del presidente Trump&#8221;<\/strong> de incluirlo a \u00e9l y a su familia en la &#8220;lista Clinton&#8221; sin evidencia de narcotr\u00e1fico, decidi\u00f3 transparentar su &#8220;larga pero frugal vida financiera&#8221;.<\/p>\n\n\n\n<p class=\"wp-block-paragraph\">El informe detallado, que cubre 12 cuentas bancarias, revela ingresos por <strong>1.310 millones de pesos colombianos<\/strong> (unos 350.000 d\u00f3lares), provenientes principalmente de su sueldo presidencial. No obstante, los retiros suman m\u00e1s de 1.400 millones de pesos (unos 380.000 d\u00f3lares) e incluyen:<\/p>\n\n\n\n<p class=\"wp-block-paragraph\"><strong>Gastos Personales:<\/strong> El uso de su tarjeta de cr\u00e9dito en tiendas de lujo europeas como <strong>Gucci y Casa dei Tessuti<\/strong>.<\/p>\n\n\n\n<p class=\"wp-block-paragraph\"><strong>Controversia:<\/strong> Un gasto de 50 d\u00f3lares en el club de striptease llamado <strong>Menage Strip Club<\/strong>, en Lisboa, Portugal.<\/p>\n\n\n\n<p class=\"wp-block-paragraph\"><strong>Retiros por Terceros:<\/strong> Un total de 497 millones de pesos retirados por su exsecretaria, la exdirectora del DAPRE y la actual directora del DAPRE.<\/p>\n\n\n\n<p class=\"wp-block-paragraph\">El documento del Ejecutivo colombiano concluye que la informaci\u00f3n solo prueba la existencia de las transacciones, pero <strong>&#8220;no es posible concluir si est\u00e1n asociadas financieramente a hechos delictivos&#8221;<\/strong>.<\/p>\n","protected":false},"excerpt":{"rendered":"<p>El presidente de Colombia, Gustavo Petro, orden\u00f3 la publicaci\u00f3n de sus movimientos bancarios personales desde 2022 hasta junio<\/p>\n","protected":false},"author":5,"featured_media":12391,"comment_status":"open","ping_status":"open","sticky":false,"template":"","format":"standard","meta":{"_crdt_document":"","_uag_custom_page_level_css":"","_sitemap_exclude":false,"_sitemap_priority":"","_sitemap_frequency":"","_joinchat":[],"footnotes":""},"categories":[207,161,503,427],"tags":[454],"class_list":["post-12390","post","type-post","status-publish","format-standard","has-post-thumbnail","hentry","category-economia","category-internacional","category-investigacion","category-politica-2","tag-internacional"],"featured_image_urls":{"full":["https:\/\/www.koncevisiontv.cl\/web\/wp-content\/uploads\/2025\/11\/gustavo-petro-gastos.webp",1200,633,false],"thumbnail":["https:\/\/www.koncevisiontv.cl\/web\/wp-content\/uploads\/2025\/11\/gustavo-petro-gastos-150x150.webp",150,150,true],"medium":["https:\/\/www.koncevisiontv.cl\/web\/wp-content\/uploads\/2025\/11\/gustavo-petro-gastos-300x158.webp",300,158,true],"medium_large":["https:\/\/www.koncevisiontv.cl\/web\/wp-content\/uploads\/2025\/11\/gustavo-petro-gastos-768x405.webp",640,338,true],"large":["https:\/\/www.koncevisiontv.cl\/web\/wp-content\/uploads\/2025\/11\/gustavo-petro-gastos-1024x540.webp",640,338,true],"1536x1536":["https:\/\/www.koncevisiontv.cl\/web\/wp-content\/uploads\/2025\/11\/gustavo-petro-gastos.webp",1200,633,false],"2048x2048":["https:\/\/www.koncevisiontv.cl\/web\/wp-content\/uploads\/2025\/11\/gustavo-petro-gastos.webp",1200,633,false],"darknews-featured":["https:\/\/www.koncevisiontv.cl\/web\/wp-content\/uploads\/2025\/11\/gustavo-petro-gastos-1024x540.webp",1024,540,true],"darknews-large":["https:\/\/www.koncevisiontv.cl\/web\/wp-content\/uploads\/2025\/11\/gustavo-petro-gastos-825x575.webp",825,575,true],"darknews-medium":["https:\/\/www.koncevisiontv.cl\/web\/wp-content\/uploads\/2025\/11\/gustavo-petro-gastos-590x410.webp",590,410,true]},"author_info":{"info":["Web-Master"]},"category_info":"<a href=\"https:\/\/www.koncevisiontv.cl\/web\/category\/economia\/\" rel=\"category tag\">Econom\u00eda<\/a> <a href=\"https:\/\/www.koncevisiontv.cl\/web\/category\/internacional\/\" rel=\"category tag\">Internacional<\/a> <a href=\"https:\/\/www.koncevisiontv.cl\/web\/category\/investigacion\/\" rel=\"category tag\">Investigaci\u00f3n<\/a> <a href=\"https:\/\/www.koncevisiontv.cl\/web\/category\/politica-2\/\" rel=\"category tag\">Pol\u00edtica<\/a>","tag_info":"Pol\u00edtica","comment_count":"0","uagb_featured_image_src":{"full":["https:\/\/www.koncevisiontv.cl\/web\/wp-content\/uploads\/2025\/11\/gustavo-petro-gastos.webp",1200,633,false],"thumbnail":["https:\/\/www.koncevisiontv.cl\/web\/wp-content\/uploads\/2025\/11\/gustavo-petro-gastos-150x150.webp",150,150,true],"medium":["https:\/\/www.koncevisiontv.cl\/web\/wp-content\/uploads\/2025\/11\/gustavo-petro-gastos-300x158.webp",300,158,true],"medium_large":["https:\/\/www.koncevisiontv.cl\/web\/wp-content\/uploads\/2025\/11\/gustavo-petro-gastos-768x405.webp",640,338,true],"large":["https:\/\/www.koncevisiontv.cl\/web\/wp-content\/uploads\/2025\/11\/gustavo-petro-gastos-1024x540.webp",640,338,true],"1536x1536":["https:\/\/www.koncevisiontv.cl\/web\/wp-content\/uploads\/2025\/11\/gustavo-petro-gastos.webp",1200,633,false],"2048x2048":["https:\/\/www.koncevisiontv.cl\/web\/wp-content\/uploads\/2025\/11\/gustavo-petro-gastos.webp",1200,633,false],"darknews-featured":["https:\/\/www.koncevisiontv.cl\/web\/wp-content\/uploads\/2025\/11\/gustavo-petro-gastos-1024x540.webp",1024,540,true],"darknews-large":["https:\/\/www.koncevisiontv.cl\/web\/wp-content\/uploads\/2025\/11\/gustavo-petro-gastos-825x575.webp",825,575,true],"darknews-medium":["https:\/\/www.koncevisiontv.cl\/web\/wp-content\/uploads\/2025\/11\/gustavo-petro-gastos-590x410.webp",590,410,true]},"uagb_author_info":{"display_name":"Web-Master","author_link":"https:\/\/www.koncevisiontv.cl\/web\/author\/koncevision\/"},"uagb_comment_info":0,"uagb_excerpt":"El presidente de Colombia, Gustavo Petro, orden\u00f3 la publicaci\u00f3n de sus movimientos bancarios personales desde 2022 hasta junio","_links":{"self":[{"href":"https:\/\/www.koncevisiontv.cl\/web\/wp-json\/wp\/v2\/posts\/12390","targetHints":{"allow":["GET"]}}],"collection":[{"href":"https:\/\/www.koncevisiontv.cl\/web\/wp-json\/wp\/v2\/posts"}],"about":[{"href":"https:\/\/www.koncevisiontv.cl\/web\/wp-json\/wp\/v2\/types\/post"}],"author":[{"embeddable":true,"href":"https:\/\/www.koncevisiontv.cl\/web\/wp-json\/wp\/v2\/users\/5"}],"replies":[{"embeddable":true,"href":"https:\/\/www.koncevisiontv.cl\/web\/wp-json\/wp\/v2\/comments?post=12390"}],"version-history":[{"count":1,"href":"https:\/\/www.koncevisiontv.cl\/web\/wp-json\/wp\/v2\/posts\/12390\/revisions"}],"predecessor-version":[{"id":12392,"href":"https:\/\/www.koncevisiontv.cl\/web\/wp-json\/wp\/v2\/posts\/12390\/revisions\/12392"}],"wp:featuredmedia":[{"embeddable":true,"href":"https:\/\/www.koncevisiontv.cl\/web\/wp-json\/wp\/v2\/media\/12391"}],"wp:attachment":[{"href":"https:\/\/www.koncevisiontv.cl\/web\/wp-json\/wp\/v2\/media?parent=12390"}],"wp:term":[{"taxonomy":"category","embeddable":true,"href":"https:\/\/www.koncevisiontv.cl\/web\/wp-json\/wp\/v2\/categories?post=12390"},{"taxonomy":"post_tag","embeddable":true,"href":"https:\/\/www.koncevisiontv.cl\/web\/wp-json\/wp\/v2\/tags?post=12390"}],"curies":[{"name":"wp","href":"https:\/\/api.w.org\/{rel}","templated":true}]}}