{"id":12404,"date":"2025-11-20T12:00:33","date_gmt":"2025-11-20T15:00:33","guid":{"rendered":"https:\/\/www.koncevisiontv.cl\/web\/?p=12404"},"modified":"2025-11-20T12:00:35","modified_gmt":"2025-11-20T15:00:35","slug":"biobio-madera-lanza-campana-para-fortalecer-la-proteccion-de-viviendas-ante-incendios-forestales","status":"publish","type":"post","link":"https:\/\/www.koncevisiontv.cl\/web\/biobio-madera-lanza-campana-para-fortalecer-la-proteccion-de-viviendas-ante-incendios-forestales\/","title":{"rendered":"Biob\u00edo Madera lanza campa\u00f1a para fortalecer la protecci\u00f3n de viviendas ante incendios forestales"},"content":{"rendered":"\n<p class=\"wp-block-paragraph\"><em><u>A trav\u00e9s de una gu\u00eda de prevenci\u00f3n y trece videos did\u00e1cticos, el programa estrat\u00e9gico impulsado por Corfo entrega recomendaciones pr\u00e1cticas para que las comunidades implementen medidas b\u00e1sicas de protecci\u00f3n. Son acciones que, aplicadas a tiempo, pueden evitar la p\u00e9rdida de viviendas y salvar vidas.<\/u><\/em><\/p>\n\n\n\n<p class=\"wp-block-paragraph\">El Comit\u00e9&nbsp;Gestor de Prevenci\u00f3n de Incendios Forestales del Programa Estrat\u00e9gico Regional Biob\u00edo Madera present\u00f3&nbsp;una nueva campa\u00f1a orientada a fortalecer la preparaci\u00f3n de viviendas, particularmente las de madera, frente al avance de incendios forestales. La iniciativa re\u00fane el trabajo del programa estrat\u00e9gico impulsado por Corfo, junto a la gran mayor\u00eda de las instituciones y asociaciones vinculadas a la gesti\u00f3n de los incendios, consolidando un esfuerzo que busca instalar una cultura preventiva capaz de reducir da\u00f1os y salvar vidas.<\/p>\n\n\n\n<p class=\"wp-block-paragraph\">El eje central de la campa\u00f1a est\u00e1&nbsp;compuesto por una gu\u00eda&nbsp;de prevenci\u00f3n y trece videos did\u00e1cticos. Los contenidos explican, de manera clara y pr\u00e1ctica, c\u00f3mo una serie de acciones simples, desde despejar el entorno inmediato hasta limpiar canaletas y elegir materiales adecuados, pueden marcar la diferencia cuando el fuego avanza.<\/p>\n\n\n\n<p class=\"wp-block-paragraph\">Para Myriam Mellado, presidenta del comit\u00e9&nbsp;y coordinadora de la Red de Prevenci\u00f3n Comunitaria, la primera barrera es siempre el estado del entorno directo de la vivienda. Lo describe como&nbsp;\u201cun trabajo que parte por algo tan cotidiano como mirar la propia casa y hacerse cargo de lo b\u00e1sico: limpieza, orden, retiro de material inflamable\u201d, porque ah\u00ed&nbsp;se juega el inicio de muchos incendios. Su llamado es a no subestimar lo evidente.<\/p>\n\n\n\n<p class=\"wp-block-paragraph\">\u201cNuestro trabajo es crear conciencia para que la mayor cantidad posible de vecinos reflexione sobre c\u00f3mo tiene su casa: si hicieron la limpieza adecuada, si limpiaron sus canaletas, si pueden modificar o eliminar elementos que puedan poner el riesgo sus viviendas,\u201d\u00a0recalc\u00f3.<\/p>\n\n\n\n<p class=\"wp-block-paragraph\"><strong><em>Consejos clave<\/em><\/strong><\/p>\n\n\n\n<p class=\"wp-block-paragraph\">La gu\u00eda \u2014desarrollada tras revisar manuales de Canad\u00e1, Estados Unidos y Australia, y adaptada a la realidad chilena\u2014&nbsp;aborda fen\u00f3menos que suelen pasar desapercibidos para la ciudadan\u00eda.<\/p>\n\n\n\n<p class=\"wp-block-paragraph\">El m\u00e1s cr\u00edtico es la lluvia de brasas, responsable de buena parte de las viviendas quemadas en incendios forestales. Frane Zilic, gerente de Biob\u00edo Madera, explica que&nbsp;\u201cuna casa puede incendiarse aun cuando el frente del incendio est\u00e9 a cientos de metros; las brasas se adelantan al fuego y encuentran cualquier punto d\u00e9bil\u201d. Es lo que vuelve imprescindible mantener techos incombustibles, canaletas limpias y puntos de acceso sellados.<\/p>\n\n\n\n<p class=\"wp-block-paragraph\">Luego ataca la radiaci\u00f3n t\u00e9rmica, capaz de quebrar vidrios y deformar materiales aun sin contacto directo. Zilic advierte que basta la rotura de una ventana para que ingresen brasas y la vivienda se encienda desde dentro. De ah\u00ed&nbsp;la recomendaci\u00f3n de postigos, vidrios dobles y materiales resistentes al calor, medidas que en otros pa\u00edses han permitido que casas preparadas permanezcan intactas en medio de zonas completamente arrasadas.<\/p>\n\n\n\n<p class=\"wp-block-paragraph\">La gu\u00eda tambi\u00e9n propone dividir el entorno de la vivienda en zonas de autoprotecci\u00f3n, desde los primeros dos metros hasta un radio de 60, con medidas espec\u00edficas para cada secci\u00f3n. Separar vegetaci\u00f3n, retirar le\u00f1a cercana, mantener&nbsp;\u00e1reas despejadas y reducir combustible vegetal son acciones que, seg\u00fan Mellado,&nbsp;\u201cno requieren grandes recursos, pero s\u00ed&nbsp;constancia y organizaci\u00f3n\u201d.<\/p>\n\n\n\n<p class=\"wp-block-paragraph\">Ambos coinciden en que la preparaci\u00f3n es tanto individual como colectiva. Una vivienda protegida no basta si las del entorno inmediato no lo est\u00e1n, y por eso el comit\u00e9&nbsp;ha impulsado un trabajo articulado con organizaciones vecinales, instituciones t\u00e9cnicas y actores del sector forestal.<\/p>\n\n\n\n<p class=\"wp-block-paragraph\">Para Zilic, la campa\u00f1a busca derribar ideas arraigadas sobre la vulnerabilidad de la madera. Se\u00f1ala que&nbsp;\u201cuna buena vivienda en madera no es m\u00e1s combustible que una de hormig\u00f3n o acero; todo depende de su dise\u00f1o, mantenci\u00f3n y del cuidado del entorno\u201d, y que la evidencia internacional lo demuestra.<\/p>\n\n\n\n<p class=\"wp-block-paragraph\">Acceda a la Gu\u00eda de Prevenci\u00f3n para Viviendas y a los videos did\u00e1cticos en&nbsp;<a href=\"http:\/\/www.biobiomadera.cl\/\" rel=\"noreferrer noopener\" target=\"_blank\">www.biobiomadera.cl<\/a><\/p>\n\n\n\n<figure class=\"wp-block-image size-large\"><img loading=\"lazy\" decoding=\"async\" width=\"1024\" height=\"768\" src=\"https:\/\/www.koncevisiontv.cl\/web\/wp-content\/uploads\/2025\/11\/PHOTO-2025-11-19-12-52-25-2-1024x768.jpg\" alt=\"\" class=\"wp-image-12406\" title=\"\" srcset=\"https:\/\/www.koncevisiontv.cl\/web\/wp-content\/uploads\/2025\/11\/PHOTO-2025-11-19-12-52-25-2-1024x768.jpg 1024w, https:\/\/www.koncevisiontv.cl\/web\/wp-content\/uploads\/2025\/11\/PHOTO-2025-11-19-12-52-25-2-300x225.jpg 300w, https:\/\/www.koncevisiontv.cl\/web\/wp-content\/uploads\/2025\/11\/PHOTO-2025-11-19-12-52-25-2-768x576.jpg 768w, https:\/\/www.koncevisiontv.cl\/web\/wp-content\/uploads\/2025\/11\/PHOTO-2025-11-19-12-52-25-2-1536x1152.jpg 1536w, https:\/\/www.koncevisiontv.cl\/web\/wp-content\/uploads\/2025\/11\/PHOTO-2025-11-19-12-52-25-2.jpg 1600w\" sizes=\"auto, (max-width: 1024px) 100vw, 1024px\" \/><\/figure>\n\n\n\n<figure class=\"wp-block-image size-large\"><img loading=\"lazy\" decoding=\"async\" width=\"1024\" height=\"768\" src=\"https:\/\/www.koncevisiontv.cl\/web\/wp-content\/uploads\/2025\/11\/PHOTO-2025-11-19-12-52-26-1024x768.jpg\" alt=\"\" class=\"wp-image-12407\" title=\"\" srcset=\"https:\/\/www.koncevisiontv.cl\/web\/wp-content\/uploads\/2025\/11\/PHOTO-2025-11-19-12-52-26-1024x768.jpg 1024w, https:\/\/www.koncevisiontv.cl\/web\/wp-content\/uploads\/2025\/11\/PHOTO-2025-11-19-12-52-26-300x225.jpg 300w, https:\/\/www.koncevisiontv.cl\/web\/wp-content\/uploads\/2025\/11\/PHOTO-2025-11-19-12-52-26-768x576.jpg 768w, https:\/\/www.koncevisiontv.cl\/web\/wp-content\/uploads\/2025\/11\/PHOTO-2025-11-19-12-52-26-1536x1152.jpg 1536w, https:\/\/www.koncevisiontv.cl\/web\/wp-content\/uploads\/2025\/11\/PHOTO-2025-11-19-12-52-26.jpg 1600w\" sizes=\"auto, (max-width: 1024px) 100vw, 1024px\" \/><\/figure>\n","protected":false},"excerpt":{"rendered":"<p>A trav\u00e9s de una gu\u00eda de prevenci\u00f3n y trece videos did\u00e1cticos, el programa estrat\u00e9gico impulsado por Corfo entrega<\/p>\n","protected":false},"author":5,"featured_media":12405,"comment_status":"open","ping_status":"open","sticky":false,"template":"","format":"standard","meta":{"_crdt_document":"","_uag_custom_page_level_css":"","_sitemap_exclude":false,"_sitemap_priority":"","_sitemap_frequency":"","_joinchat":[],"footnotes":""},"categories":[519,471],"tags":[63],"class_list":["post-12404","post","type-post","status-publish","format-standard","has-post-thumbnail","hentry","category-programas","category-regional","tag-regiondelbiobio"],"featured_image_urls":{"full":["https:\/\/www.koncevisiontv.cl\/web\/wp-content\/uploads\/2025\/11\/PHOTO-2025-11-19-12-52-25.jpg",1600,1200,false],"thumbnail":["https:\/\/www.koncevisiontv.cl\/web\/wp-content\/uploads\/2025\/11\/PHOTO-2025-11-19-12-52-25-150x150.jpg",150,150,true],"medium":["https:\/\/www.koncevisiontv.cl\/web\/wp-content\/uploads\/2025\/11\/PHOTO-2025-11-19-12-52-25-300x225.jpg",300,225,true],"medium_large":["https:\/\/www.koncevisiontv.cl\/web\/wp-content\/uploads\/2025\/11\/PHOTO-2025-11-19-12-52-25-768x576.jpg",640,480,true],"large":["https:\/\/www.koncevisiontv.cl\/web\/wp-content\/uploads\/2025\/11\/PHOTO-2025-11-19-12-52-25-1024x768.jpg",640,480,true],"1536x1536":["https:\/\/www.koncevisiontv.cl\/web\/wp-content\/uploads\/2025\/11\/PHOTO-2025-11-19-12-52-25-1536x1152.jpg",1536,1152,true],"2048x2048":["https:\/\/www.koncevisiontv.cl\/web\/wp-content\/uploads\/2025\/11\/PHOTO-2025-11-19-12-52-25.jpg",1600,1200,false],"darknews-featured":["https:\/\/www.koncevisiontv.cl\/web\/wp-content\/uploads\/2025\/11\/PHOTO-2025-11-19-12-52-25-1024x768.jpg",1024,768,true],"darknews-large":["https:\/\/www.koncevisiontv.cl\/web\/wp-content\/uploads\/2025\/11\/PHOTO-2025-11-19-12-52-25-825x575.jpg",825,575,true],"darknews-medium":["https:\/\/www.koncevisiontv.cl\/web\/wp-content\/uploads\/2025\/11\/PHOTO-2025-11-19-12-52-25-590x410.jpg",590,410,true]},"author_info":{"info":["Web-Master"]},"category_info":"<a href=\"https:\/\/www.koncevisiontv.cl\/web\/category\/programas\/\" rel=\"category tag\">Programas<\/a> <a href=\"https:\/\/www.koncevisiontv.cl\/web\/category\/regional\/\" rel=\"category tag\">Regional<\/a>","tag_info":"Regional","comment_count":"0","uagb_featured_image_src":{"full":["https:\/\/www.koncevisiontv.cl\/web\/wp-content\/uploads\/2025\/11\/PHOTO-2025-11-19-12-52-25.jpg",1600,1200,false],"thumbnail":["https:\/\/www.koncevisiontv.cl\/web\/wp-content\/uploads\/2025\/11\/PHOTO-2025-11-19-12-52-25-150x150.jpg",150,150,true],"medium":["https:\/\/www.koncevisiontv.cl\/web\/wp-content\/uploads\/2025\/11\/PHOTO-2025-11-19-12-52-25-300x225.jpg",300,225,true],"medium_large":["https:\/\/www.koncevisiontv.cl\/web\/wp-content\/uploads\/2025\/11\/PHOTO-2025-11-19-12-52-25-768x576.jpg",640,480,true],"large":["https:\/\/www.koncevisiontv.cl\/web\/wp-content\/uploads\/2025\/11\/PHOTO-2025-11-19-12-52-25-1024x768.jpg",640,480,true],"1536x1536":["https:\/\/www.koncevisiontv.cl\/web\/wp-content\/uploads\/2025\/11\/PHOTO-2025-11-19-12-52-25-1536x1152.jpg",1536,1152,true],"2048x2048":["https:\/\/www.koncevisiontv.cl\/web\/wp-content\/uploads\/2025\/11\/PHOTO-2025-11-19-12-52-25.jpg",1600,1200,false],"darknews-featured":["https:\/\/www.koncevisiontv.cl\/web\/wp-content\/uploads\/2025\/11\/PHOTO-2025-11-19-12-52-25-1024x768.jpg",1024,768,true],"darknews-large":["https:\/\/www.koncevisiontv.cl\/web\/wp-content\/uploads\/2025\/11\/PHOTO-2025-11-19-12-52-25-825x575.jpg",825,575,true],"darknews-medium":["https:\/\/www.koncevisiontv.cl\/web\/wp-content\/uploads\/2025\/11\/PHOTO-2025-11-19-12-52-25-590x410.jpg",590,410,true]},"uagb_author_info":{"display_name":"Web-Master","author_link":"https:\/\/www.koncevisiontv.cl\/web\/author\/koncevision\/"},"uagb_comment_info":0,"uagb_excerpt":"A trav\u00e9s de una gu\u00eda de prevenci\u00f3n y trece videos did\u00e1cticos, el programa estrat\u00e9gico impulsado por Corfo entrega","_links":{"self":[{"href":"https:\/\/www.koncevisiontv.cl\/web\/wp-json\/wp\/v2\/posts\/12404","targetHints":{"allow":["GET"]}}],"collection":[{"href":"https:\/\/www.koncevisiontv.cl\/web\/wp-json\/wp\/v2\/posts"}],"about":[{"href":"https:\/\/www.koncevisiontv.cl\/web\/wp-json\/wp\/v2\/types\/post"}],"author":[{"embeddable":true,"href":"https:\/\/www.koncevisiontv.cl\/web\/wp-json\/wp\/v2\/users\/5"}],"replies":[{"embeddable":true,"href":"https:\/\/www.koncevisiontv.cl\/web\/wp-json\/wp\/v2\/comments?post=12404"}],"version-history":[{"count":1,"href":"https:\/\/www.koncevisiontv.cl\/web\/wp-json\/wp\/v2\/posts\/12404\/revisions"}],"predecessor-version":[{"id":12408,"href":"https:\/\/www.koncevisiontv.cl\/web\/wp-json\/wp\/v2\/posts\/12404\/revisions\/12408"}],"wp:featuredmedia":[{"embeddable":true,"href":"https:\/\/www.koncevisiontv.cl\/web\/wp-json\/wp\/v2\/media\/12405"}],"wp:attachment":[{"href":"https:\/\/www.koncevisiontv.cl\/web\/wp-json\/wp\/v2\/media?parent=12404"}],"wp:term":[{"taxonomy":"category","embeddable":true,"href":"https:\/\/www.koncevisiontv.cl\/web\/wp-json\/wp\/v2\/categories?post=12404"},{"taxonomy":"post_tag","embeddable":true,"href":"https:\/\/www.koncevisiontv.cl\/web\/wp-json\/wp\/v2\/tags?post=12404"}],"curies":[{"name":"wp","href":"https:\/\/api.w.org\/{rel}","templated":true}]}}